{"id":74480,"date":"2024-09-01T23:05:24","date_gmt":"2024-09-01T21:05:24","guid":{"rendered":"https:\/\/de.ambaguinee.org\/?p=74480"},"modified":"2024-09-01T23:05:24","modified_gmt":"2024-09-01T21:05:24","slug":"syli-un-forfait-confirme-issiaga-sylla-tres-incertain","status":"publish","type":"post","link":"https:\/\/de.ambaguinee.org\/?p=74480","title":{"rendered":"Syli : un forfait confirm\u00e9, Issiaga Sylla tr\u00e8s incertain"},"content":{"rendered":"<div>\n<p><strong>STRASBOURG- Le Syli devrait composer sans deux (2) de ses joueurs cadres contre la RDC et la Tanzanie les 6 et 10 septembre prochains dans le cadre du d\u00e9but des \u00e9liminatoires de la CAN 2025 au Maroc. En effet, les d\u00e9fenseurs Issiaga Sylla et Sa\u00efdou Sow ont subi des blessures dans le championnat de France de Ligue 1.<\/strong> <\/p>\n<p>Le premier a ressenti une douleur d\u00e8s l\u2019entame du match de Montpellier contre Nantes avant de c\u00e9der ensuite sa place. Il est parti pour d\u00e9clarer forfait avec le Syli. Alors que Saidou aussi s\u2019est bless\u00e9 avec son club Strasbourgois ce vendredi et est d\u00e9j\u00e0 forfait.<\/p>\n<p>Et la F\u00e9d\u00e9ration Guin\u00e9enne de football vient dannocer le rempla\u00e7ant de Saidou Sow, et il s\u2019agit du d\u00e9fenseur Ibrahima Sory Cont\u00e9 \u201cSong\u201d. \u201c<em><strong>Sa\u00efdou Sow sera forfait pour le prochain regroupement du Syli en C\u00f4te d\u2019Ivoire. Il est remplac\u00e9 par Ibrahima Sory Cont\u00e9, joueur de UTA- ARAD en Roumanie qui rejoint le groupe \u00e0 Abidjan d\u00e8s ce week end. Bless\u00e9 lors de la rencontre OL-Racing Club de Strasbourg, vendredi 30 ao\u00fbt, le d\u00e9fenseur Saidou SOW souffre d\u2019\u00e9longation musculaire\u201d<\/strong><\/em> informe la F\u00e9guifoot. <\/p>\n<p>Quant au rempla\u00e7ant d\u2019Issiaga Sylla, son identit\u00e9 n\u2019est pas encore connue..<\/p>\n<p><strong>Mohamed LAMINE TOUR\u00c9<\/strong> <\/p>\n<\/div>\n","protected":false},"excerpt":{"rendered":"<p>STRASBOURG- Le Syli devrait composer sans deux (2) de ses joueurs cadres contre la RDC et la Tanzanie les 6 et 10 septembre prochains dans le cadre du d\u00e9but des \u00e9liminatoires de la CAN 2025 au Maroc. En effet, les d\u00e9fenseurs Issiaga Sylla et Sa\u00efdou Sow ont subi des blessures dans le championnat de France &hellip;<\/p>\n","protected":false},"author":1,"featured_media":0,"comment_status":"closed","ping_status":"closed","sticky":false,"template":"","format":"standard","meta":{"footnotes":""},"categories":[4],"tags":[],"_links":{"self":[{"href":"https:\/\/de.ambaguinee.org\/index.php?rest_route=\/wp\/v2\/posts\/74480"}],"collection":[{"href":"https:\/\/de.ambaguinee.org\/index.php?rest_route=\/wp\/v2\/posts"}],"about":[{"href":"https:\/\/de.ambaguinee.org\/index.php?rest_route=\/wp\/v2\/types\/post"}],"author":[{"embeddable":true,"href":"https:\/\/de.ambaguinee.org\/index.php?rest_route=\/wp\/v2\/users\/1"}],"replies":[{"embeddable":true,"href":"https:\/\/de.ambaguinee.org\/index.php?rest_route=%2Fwp%2Fv2%2Fcomments&post=74480"}],"version-history":[{"count":0,"href":"https:\/\/de.ambaguinee.org\/index.php?rest_route=\/wp\/v2\/posts\/74480\/revisions"}],"wp:attachment":[{"href":"https:\/\/de.ambaguinee.org\/index.php?rest_route=%2Fwp%2Fv2%2Fmedia&parent=74480"}],"wp:term":[{"taxonomy":"category","embeddable":true,"href":"https:\/\/de.ambaguinee.org\/index.php?rest_route=%2Fwp%2Fv2%2Fcategories&post=74480"},{"taxonomy":"post_tag","embeddable":true,"href":"https:\/\/de.ambaguinee.org\/index.php?rest_route=%2Fwp%2Fv2%2Ftags&post=74480"}],"curies":[{"name":"wp","href":"https:\/\/api.w.org\/{rel}","templated":true}]}}