{"id":74481,"date":"2024-09-01T23:05:24","date_gmt":"2024-09-01T21:05:24","guid":{"rendered":"https:\/\/de.ambaguinee.org\/?p=74481"},"modified":"2024-09-01T23:05:24","modified_gmt":"2024-09-01T21:05:24","slug":"syli-sehrou-guirassy-devrait-etre-indisponible","status":"publish","type":"post","link":"https:\/\/de.ambaguinee.org\/?p=74481","title":{"rendered":"Syli : Sehrou Guirassy devrait \u00eatre indisponible"},"content":{"rendered":"<div>\n<p><strong>DORTMUND- Se dirige-t-on vers le forfait de Sehrou Guirassy ? Tout porte \u00e0 le croire. D\u2019autant plus que, l\u2019attaquant guin\u00e9en n\u2019a toujours pas repris officiellement la comp\u00e9tition avec ses nouveaux co\u00e9quipiers de Dortmund en Allemagne.<\/strong> <\/p>\n<p>M\u00eame s\u2019il s\u2019est entra\u00een\u00e9 il y a quelques jours, Guirassy n\u2019a toujours pas disput\u00e9 la moindre minute avec le Borussia. Ce qui veut dire qu\u2019il devrait \u00eatre indisponible pour la tr\u00eave de septembre prochain avec le Syli National de Guin\u00e9e.  On verrai mal Dortmund laisser Sehrou Guirassy lors de cette tr\u00eave internationale. Mais pour le moment, aucune information sur sa pr\u00e9sence ou non avec la s\u00e9lection nationale, n\u2019a \u00e9t\u00e9 donn\u00e9e officiellement. Pour l\u2019instant, les supporters peuvent encore esp\u00e9rer voir Guirassy contre la RDC (6 septembre), et la Tanzanie (le 10 septembre) \u00e0 l\u2019occasion des deux premi\u00e8res journ\u00e9es des \u00e9liminatoires de la prochaine CAN. <\/p>\n<p><strong>A suivre !!!!<\/strong><\/p>\n<p><strong>Mohamed LAMINE TOUR\u00c9<\/strong> <\/p>\n<\/div>\n","protected":false},"excerpt":{"rendered":"<p>DORTMUND- Se dirige-t-on vers le forfait de Sehrou Guirassy ? Tout porte \u00e0 le croire. D\u2019autant plus que, l\u2019attaquant guin\u00e9en n\u2019a toujours pas repris officiellement la comp\u00e9tition avec ses nouveaux co\u00e9quipiers de Dortmund en Allemagne. M\u00eame s\u2019il s\u2019est entra\u00een\u00e9 il y a quelques jours, Guirassy n\u2019a toujours pas disput\u00e9 la moindre minute avec le Borussia. &hellip;<\/p>\n","protected":false},"author":1,"featured_media":0,"comment_status":"closed","ping_status":"closed","sticky":false,"template":"","format":"standard","meta":{"footnotes":""},"categories":[4],"tags":[],"_links":{"self":[{"href":"https:\/\/de.ambaguinee.org\/index.php?rest_route=\/wp\/v2\/posts\/74481"}],"collection":[{"href":"https:\/\/de.ambaguinee.org\/index.php?rest_route=\/wp\/v2\/posts"}],"about":[{"href":"https:\/\/de.ambaguinee.org\/index.php?rest_route=\/wp\/v2\/types\/post"}],"author":[{"embeddable":true,"href":"https:\/\/de.ambaguinee.org\/index.php?rest_route=\/wp\/v2\/users\/1"}],"replies":[{"embeddable":true,"href":"https:\/\/de.ambaguinee.org\/index.php?rest_route=%2Fwp%2Fv2%2Fcomments&post=74481"}],"version-history":[{"count":0,"href":"https:\/\/de.ambaguinee.org\/index.php?rest_route=\/wp\/v2\/posts\/74481\/revisions"}],"wp:attachment":[{"href":"https:\/\/de.ambaguinee.org\/index.php?rest_route=%2Fwp%2Fv2%2Fmedia&parent=74481"}],"wp:term":[{"taxonomy":"category","embeddable":true,"href":"https:\/\/de.ambaguinee.org\/index.php?rest_route=%2Fwp%2Fv2%2Fcategories&post=74481"},{"taxonomy":"post_tag","embeddable":true,"href":"https:\/\/de.ambaguinee.org\/index.php?rest_route=%2Fwp%2Fv2%2Ftags&post=74481"}],"curies":[{"name":"wp","href":"https:\/\/api.w.org\/{rel}","templated":true}]}}