{"id":74553,"date":"2024-09-02T23:02:05","date_gmt":"2024-09-02T21:02:05","guid":{"rendered":"https:\/\/de.ambaguinee.org\/?p=74553"},"modified":"2024-09-02T23:02:05","modified_gmt":"2024-09-02T21:02:05","slug":"transfert-mohamed-simakan-rejoint-ronaldo-a-al-nassr","status":"publish","type":"post","link":"https:\/\/de.ambaguinee.org\/?p=74553","title":{"rendered":"Transfert : Mohamed Simakan rejoint Ronaldo \u00e0 Al Nassr"},"content":{"rendered":"<div>\n<p><strong>RIYAD- Mohamed Simakan a pr\u00e9f\u00e9r\u00e9 l\u2019argent au football. Le d\u00e9fenseur polyvalent, Franco-guin\u00e9en, qui repousse encore les avances du Syli, quitte l\u2019Europe pour l\u2019Arabie Saoudite. Et c\u2019est \u00e0 Al Nassr qu\u2019il vient d\u2019atterrir<\/strong>. <\/p>\n<p>L\u2019ancien du RB Leipzig en Allemagne vient de signer un nouveau contrat de 5 ans avec le club de Cristiano Ronaldo, contre un ch\u00e8que de 45 millions d\u2019euros et 10 millions comme salaire annuel. Un record pour lui. Avec cette arriv\u00e9e en Arabie Saoudite, Simakan, qui r\u00eavait de l\u2019\u00e9quipe de France, semble mettre d\u00e9finitivement une croix \u00e0 ce r\u00eave. M\u00eame si tout est encore possible \u00e0 24 ans..D\u00e9sormais, c\u2019est le Syli National qui semble \u00eatre sa future destination\u2026pour un choix par d\u00e9faut. <\/p>\n<figure class=\"wp-block-embed is-type-rich is-provider-twitter wp-block-embed-twitter\">\n<div class=\"wp-block-embed__wrapper\">\n<blockquote class=\"twitter-tweet\" data-width=\"550\" data-dnt=\"true\">\n<p lang=\"en\" dir=\"ltr\">From <a href=\"https:\/\/twitter.com\/Kafd?ref_src=twsrc%5Etfw\">@Kafd<\/a> Towers <imgsrc=\"\" alt=\"\ud83d\udc9b\" class=\"wp-smiley\" style=\"height: 1em; max-height: 1em;\"><br \/>Our new Star Mohamed Simakan signs his contract <imgsrc=\"\" alt=\"\u270d\" class=\"wp-smiley\" style=\"height: 1em; max-height: 1em;\"><a href=\"https:\/\/t.co\/MOTmXLvtpr\">pic.twitter.com\/MOTmXLvtpr<\/a><\/p>\n<p>\u2014 AlNassr FC (@AlNassrFC_EN) <a href=\"https:\/\/twitter.com\/AlNassrFC_EN\/status\/1830634918956937286?ref_src=twsrc%5Etfw\">September 2, 2024<\/a><\/p><\/blockquote>\n<p><script async src=\"https:\/\/platform.twitter.com\/widgets.js\" charset=\"utf-8\"><\/script><\/div>\n<\/figure>\n<p><strong>Mohamed LAMINE TOUR\u00c9 <\/strong><\/p>\n<\/div>\n","protected":false},"excerpt":{"rendered":"<p>RIYAD- Mohamed Simakan a pr\u00e9f\u00e9r\u00e9 l\u2019argent au football. Le d\u00e9fenseur polyvalent, Franco-guin\u00e9en, qui repousse encore les avances du Syli, quitte l\u2019Europe pour l\u2019Arabie Saoudite. Et c\u2019est \u00e0 Al Nassr qu\u2019il vient d\u2019atterrir. L\u2019ancien du RB Leipzig en Allemagne vient de signer un nouveau contrat de 5 ans avec le club de Cristiano Ronaldo, contre un &hellip;<\/p>\n","protected":false},"author":1,"featured_media":0,"comment_status":"closed","ping_status":"closed","sticky":false,"template":"","format":"standard","meta":{"footnotes":""},"categories":[4],"tags":[],"_links":{"self":[{"href":"https:\/\/de.ambaguinee.org\/index.php?rest_route=\/wp\/v2\/posts\/74553"}],"collection":[{"href":"https:\/\/de.ambaguinee.org\/index.php?rest_route=\/wp\/v2\/posts"}],"about":[{"href":"https:\/\/de.ambaguinee.org\/index.php?rest_route=\/wp\/v2\/types\/post"}],"author":[{"embeddable":true,"href":"https:\/\/de.ambaguinee.org\/index.php?rest_route=\/wp\/v2\/users\/1"}],"replies":[{"embeddable":true,"href":"https:\/\/de.ambaguinee.org\/index.php?rest_route=%2Fwp%2Fv2%2Fcomments&post=74553"}],"version-history":[{"count":0,"href":"https:\/\/de.ambaguinee.org\/index.php?rest_route=\/wp\/v2\/posts\/74553\/revisions"}],"wp:attachment":[{"href":"https:\/\/de.ambaguinee.org\/index.php?rest_route=%2Fwp%2Fv2%2Fmedia&parent=74553"}],"wp:term":[{"taxonomy":"category","embeddable":true,"href":"https:\/\/de.ambaguinee.org\/index.php?rest_route=%2Fwp%2Fv2%2Fcategories&post=74553"},{"taxonomy":"post_tag","embeddable":true,"href":"https:\/\/de.ambaguinee.org\/index.php?rest_route=%2Fwp%2Fv2%2Ftags&post=74553"}],"curies":[{"name":"wp","href":"https:\/\/api.w.org\/{rel}","templated":true}]}}