{"id":74554,"date":"2024-09-02T23:02:06","date_gmt":"2024-09-02T21:02:06","guid":{"rendered":"https:\/\/de.ambaguinee.org\/?p=74554"},"modified":"2024-09-02T23:02:06","modified_gmt":"2024-09-02T21:02:06","slug":"flash-syli-debut-du-regroupement-a-abidjan-avant-la-rdc","status":"publish","type":"post","link":"https:\/\/de.ambaguinee.org\/?p=74554","title":{"rendered":"Flash Syli : d\u00e9but du regroupement \u00e0 Abidjan, avant la RDC"},"content":{"rendered":"<div>\n<p><strong>ABIDJAN- Le vendredi 6 septembre prochain, la Guin\u00e9e va entamer les \u00e9liminatoires de la prochaine CAN au Maroc, par un d\u00e9placement difficile en R\u00e9publique D\u00e9mocratique du Congo. Avant de mettre le cap sur la Capitale Congolaise, l\u2019\u00e9quipe se regroupe en C\u00f4te d\u2019Ivoire.<\/strong> <\/p>\n<p>C\u2019est dans cette optique que les joueurs convoqu\u00e9s par le nouveau staff technique, ont commenc\u00e9 \u00e0 rallier le QG situ\u00e9 dans la capitale Ivoirienne. Mohamed Aly Camara, Seydouba Ciss\u00e9,  Mohamed Saliou Bangoura ou encore S\u00e9kou Oumar Sylla, sont les premiers \u00e0 rejoindre le lieu de rassemblement. <\/p>\n<p>Le reste du groupe arrivera en C\u00f4te d\u2019Ivoire dans les prochaines heures avant que l\u2019\u00e9quipe de Guin\u00e9e s\u2019envole pour le Congo o\u00fb le Syli d\u00e9fie la RD Congo le vendredi 6 septembre pour la premi\u00e8re journ\u00e9e de ces \u00e9liminatoires de la CAN..<\/p>\n<p><strong>GUINEEFOOT<\/strong> <\/p>\n<\/div>\n","protected":false},"excerpt":{"rendered":"<p>ABIDJAN- Le vendredi 6 septembre prochain, la Guin\u00e9e va entamer les \u00e9liminatoires de la prochaine CAN au Maroc, par un d\u00e9placement difficile en R\u00e9publique D\u00e9mocratique du Congo. Avant de mettre le cap sur la Capitale Congolaise, l\u2019\u00e9quipe se regroupe en C\u00f4te d\u2019Ivoire. C\u2019est dans cette optique que les joueurs convoqu\u00e9s par le nouveau staff technique, &hellip;<\/p>\n","protected":false},"author":1,"featured_media":0,"comment_status":"closed","ping_status":"closed","sticky":false,"template":"","format":"standard","meta":{"footnotes":""},"categories":[4],"tags":[],"_links":{"self":[{"href":"https:\/\/de.ambaguinee.org\/index.php?rest_route=\/wp\/v2\/posts\/74554"}],"collection":[{"href":"https:\/\/de.ambaguinee.org\/index.php?rest_route=\/wp\/v2\/posts"}],"about":[{"href":"https:\/\/de.ambaguinee.org\/index.php?rest_route=\/wp\/v2\/types\/post"}],"author":[{"embeddable":true,"href":"https:\/\/de.ambaguinee.org\/index.php?rest_route=\/wp\/v2\/users\/1"}],"replies":[{"embeddable":true,"href":"https:\/\/de.ambaguinee.org\/index.php?rest_route=%2Fwp%2Fv2%2Fcomments&post=74554"}],"version-history":[{"count":0,"href":"https:\/\/de.ambaguinee.org\/index.php?rest_route=\/wp\/v2\/posts\/74554\/revisions"}],"wp:attachment":[{"href":"https:\/\/de.ambaguinee.org\/index.php?rest_route=%2Fwp%2Fv2%2Fmedia&parent=74554"}],"wp:term":[{"taxonomy":"category","embeddable":true,"href":"https:\/\/de.ambaguinee.org\/index.php?rest_route=%2Fwp%2Fv2%2Fcategories&post=74554"},{"taxonomy":"post_tag","embeddable":true,"href":"https:\/\/de.ambaguinee.org\/index.php?rest_route=%2Fwp%2Fv2%2Ftags&post=74554"}],"curies":[{"name":"wp","href":"https:\/\/api.w.org\/{rel}","templated":true}]}}