{"id":74695,"date":"2024-09-04T23:01:41","date_gmt":"2024-09-04T21:01:41","guid":{"rendered":"https:\/\/de.ambaguinee.org\/?p=74695"},"modified":"2024-09-04T23:01:41","modified_gmt":"2024-09-04T21:01:41","slug":"syli-national-charly-paquile-fait-le-point-des-premieres-seances-a-abidjan","status":"publish","type":"post","link":"https:\/\/de.ambaguinee.org\/?p=74695","title":{"rendered":"Syli National : Charly Paquil\u00e9 fait le point des premi\u00e8res s\u00e9ances \u00e0 Abidjan"},"content":{"rendered":"<div>\n<p>La Guin\u00e9e se pr\u00e9pare pour ses deux premiers matchs dans les \u00e9liminatoires de la Coupe d\u2019Afrique des Nations (CAN) 2025 au Maroc. Depuis le 31 ao\u00fbt 2024, le syli national est en regroupement \u00e0 Abidjan. Le s\u00e9lectionneur, Charly Paquil\u00e9, \u00a0a partag\u00e9 ses impressions sur les premi\u00e8res s\u00e9ances de l\u2019\u00e9quipe. La campagne de qualification de la [\u2026]\n<p>L\u2019article <a href=\"https:\/\/www.foot224.co\/2024\/09\/04\/syli-national-charly-paquile-fait-le-point-des-premieres-seances-a-abidjan\/\">Syli National : Charly Paquil\u00e9 fait le point des premi\u00e8res s\u00e9ances \u00e0 Abidjan<\/a> est apparu en premier sur <a href=\"https:\/\/www.foot224.co\/\">Foot224 &#8211; Actualit\u00e9 Sport Guin\u00e9e<\/a>.<\/p>\n<\/div>\n","protected":false},"excerpt":{"rendered":"<p>La Guin\u00e9e se pr\u00e9pare pour ses deux premiers matchs dans les \u00e9liminatoires de la Coupe d\u2019Afrique des Nations (CAN) 2025 au Maroc. Depuis le 31 ao\u00fbt 2024, le syli national est en regroupement \u00e0 Abidjan. Le s\u00e9lectionneur, Charly Paquil\u00e9, \u00a0a partag\u00e9 ses impressions sur les premi\u00e8res s\u00e9ances de l\u2019\u00e9quipe. La campagne de qualification de la &hellip;<\/p>\n","protected":false},"author":1,"featured_media":0,"comment_status":"closed","ping_status":"closed","sticky":false,"template":"","format":"standard","meta":{"footnotes":""},"categories":[4],"tags":[],"_links":{"self":[{"href":"https:\/\/de.ambaguinee.org\/index.php?rest_route=\/wp\/v2\/posts\/74695"}],"collection":[{"href":"https:\/\/de.ambaguinee.org\/index.php?rest_route=\/wp\/v2\/posts"}],"about":[{"href":"https:\/\/de.ambaguinee.org\/index.php?rest_route=\/wp\/v2\/types\/post"}],"author":[{"embeddable":true,"href":"https:\/\/de.ambaguinee.org\/index.php?rest_route=\/wp\/v2\/users\/1"}],"replies":[{"embeddable":true,"href":"https:\/\/de.ambaguinee.org\/index.php?rest_route=%2Fwp%2Fv2%2Fcomments&post=74695"}],"version-history":[{"count":0,"href":"https:\/\/de.ambaguinee.org\/index.php?rest_route=\/wp\/v2\/posts\/74695\/revisions"}],"wp:attachment":[{"href":"https:\/\/de.ambaguinee.org\/index.php?rest_route=%2Fwp%2Fv2%2Fmedia&parent=74695"}],"wp:term":[{"taxonomy":"category","embeddable":true,"href":"https:\/\/de.ambaguinee.org\/index.php?rest_route=%2Fwp%2Fv2%2Fcategories&post=74695"},{"taxonomy":"post_tag","embeddable":true,"href":"https:\/\/de.ambaguinee.org\/index.php?rest_route=%2Fwp%2Fv2%2Ftags&post=74695"}],"curies":[{"name":"wp","href":"https:\/\/api.w.org\/{rel}","templated":true}]}}