{"id":74697,"date":"2024-09-04T23:01:42","date_gmt":"2024-09-04T21:01:42","guid":{"rendered":"https:\/\/de.ambaguinee.org\/?p=74697"},"modified":"2024-09-04T23:01:42","modified_gmt":"2024-09-04T21:01:42","slug":"coupe-de-la-ligue-2024-la-lgfp-annonce-le-report-du-demarrage","status":"publish","type":"post","link":"https:\/\/de.ambaguinee.org\/?p=74697","title":{"rendered":"Coupe de la Ligue 2024 : la LGFP annonce le report du d\u00e9marrage"},"content":{"rendered":"<div>\n<p><strong>CONAKRY- La Ligue Guin\u00e9enne de Football Professionnel vient d\u2019annoncer le report de la deuxi\u00e8me \u00e9dition de la coupe de la Ligue. Cens\u00e9e d\u00e9marrer ce samedi 7 septembre 2024, la comp\u00e9tition va conna\u00eetre un l\u00e9ger r\u00e9ajustement<\/strong>.<\/p>\n<p>Dans un courrier transmis aux clubs de Ligue 1 et Ligue 2 qui prennent part exclusivement \u00e0 ce tournoi, la LGFP annonce le report du d\u00e9marrage apr\u00e8s des \u201c<em><strong>dol\u00e9ances des clubs \u00e0 l\u2019issue des \u00e9changes avec certains clubs<\/strong><\/em>\u201c, jusfie la Ligue. D\u00e9sormais, la comp\u00e9tition devrait d\u00e9marrer le 28 septembre prochain, poursuit l\u2019instance pr\u00e9sid\u00e9e par Lucien Beindou Guilao. A rappeler que c\u2019est l\u2019AS Mineurs de Sangaredi qui a remport\u00e9 la premi\u00e8re \u00e9dition l\u2019ann\u00e9e derni\u00e8re..<\/p>\n<figure class=\"wp-block-image size-large\"><img decoding=\"async\" width=\"985\" height=\"1024\"src=\"https:\/\/de.ambaguinee.org\/wp-content\/uploads\/2024\/09\/Screenshot_20240904_142404_WhatsApp.jpg\" alt=\"\" class=\"wp-image-52749\" srcset=\"https:\/\/usercontent.one\/wp\/guineefoot.info\/wp-content\/uploads\/2024\/09\/Screenshot_20240904_142404_WhatsApp-985x1024.jpg 985w, https:\/\/usercontent.one\/wp\/guineefoot.info\/wp-content\/uploads\/2024\/09\/Screenshot_20240904_142404_WhatsApp-289x300.jpg 289w, https:\/\/usercontent.one\/wp\/guineefoot.info\/wp-content\/uploads\/2024\/09\/Screenshot_20240904_142404_WhatsApp-768x799.jpg 768w, https:\/\/usercontent.one\/wp\/guineefoot.info\/wp-content\/uploads\/2024\/09\/Screenshot_20240904_142404_WhatsApp-600x624.jpg 600w, https:\/\/de.ambaguinee.org\/wp-content\/uploads\/2024\/09\/Screenshot_20240904_142404_WhatsApp.jpg 1080w\" sizes=\"(max-width: 985px) 100vw, 985px\"><\/figure>\n<\/div>\n","protected":false},"excerpt":{"rendered":"<p>CONAKRY- La Ligue Guin\u00e9enne de Football Professionnel vient d\u2019annoncer le report de la deuxi\u00e8me \u00e9dition de la coupe de la Ligue. Cens\u00e9e d\u00e9marrer ce samedi 7 septembre 2024, la comp\u00e9tition va conna\u00eetre un l\u00e9ger r\u00e9ajustement. Dans un courrier transmis aux clubs de Ligue 1 et Ligue 2 qui prennent part exclusivement \u00e0 ce tournoi, la &hellip;<\/p>\n","protected":false},"author":1,"featured_media":74698,"comment_status":"closed","ping_status":"closed","sticky":false,"template":"","format":"standard","meta":{"footnotes":""},"categories":[4],"tags":[],"_links":{"self":[{"href":"https:\/\/de.ambaguinee.org\/index.php?rest_route=\/wp\/v2\/posts\/74697"}],"collection":[{"href":"https:\/\/de.ambaguinee.org\/index.php?rest_route=\/wp\/v2\/posts"}],"about":[{"href":"https:\/\/de.ambaguinee.org\/index.php?rest_route=\/wp\/v2\/types\/post"}],"author":[{"embeddable":true,"href":"https:\/\/de.ambaguinee.org\/index.php?rest_route=\/wp\/v2\/users\/1"}],"replies":[{"embeddable":true,"href":"https:\/\/de.ambaguinee.org\/index.php?rest_route=%2Fwp%2Fv2%2Fcomments&post=74697"}],"version-history":[{"count":0,"href":"https:\/\/de.ambaguinee.org\/index.php?rest_route=\/wp\/v2\/posts\/74697\/revisions"}],"wp:featuredmedia":[{"embeddable":true,"href":"https:\/\/de.ambaguinee.org\/index.php?rest_route=\/wp\/v2\/media\/74698"}],"wp:attachment":[{"href":"https:\/\/de.ambaguinee.org\/index.php?rest_route=%2Fwp%2Fv2%2Fmedia&parent=74697"}],"wp:term":[{"taxonomy":"category","embeddable":true,"href":"https:\/\/de.ambaguinee.org\/index.php?rest_route=%2Fwp%2Fv2%2Fcategories&post=74697"},{"taxonomy":"post_tag","embeddable":true,"href":"https:\/\/de.ambaguinee.org\/index.php?rest_route=%2Fwp%2Fv2%2Ftags&post=74697"}],"curies":[{"name":"wp","href":"https:\/\/api.w.org\/{rel}","templated":true}]}}