{"id":74704,"date":"2024-09-04T23:01:45","date_gmt":"2024-09-04T21:01:45","guid":{"rendered":"https:\/\/de.ambaguinee.org\/?p=74704"},"modified":"2024-09-04T23:01:45","modified_gmt":"2024-09-04T21:01:45","slug":"ballon-dor-europeen-serhou-guirassy-surpris-de-ne-pas-etre-nomme","status":"publish","type":"post","link":"https:\/\/de.ambaguinee.org\/?p=74704","title":{"rendered":"Ballon d\u2019Or Europ\u00e9en : Serhou Guirassy surpris de ne pas \u00eatre nomm\u00e9"},"content":{"rendered":"<div>\n<p><strong>PARIS- Apr\u00e8s une saison XXL du c\u00f4t\u00e9 du VfB Stuttgart, marqu\u00e9e par 30 buts en autant de matchs toutes comp\u00e9titions confondues et 3 passes d\u00e9cisives, Serhou Guirassy a vu son ambition d\u00e9border. <\/strong><\/p>\n<p>Durant le mercato estival, l\u2019avant-centre s\u2019est ainsi engag\u00e9 avec le Borussia Dortmund pour continuer de mettre les d\u00e9fenses allemandes \u00e0 ses pieds. Quart-de-finaliste de la derni\u00e8re CAN avec la Guin\u00e9e, l\u2019ancien du Stade rennais pensait faire partie des trente joueurs nomm\u00e9s pour le Ballon d\u2019or ce mercredi. Visiblement \u00e9tonn\u00e9 de ne pas voir son nom apparaitre dans la liste des nomm\u00e9s, le buteur guin\u00e9en a post\u00e9 trois emojis sur Twitter, entre rire jaune et incompr\u00e9hension. Guirassy pourra cependant pr\u00e9tendre au ballon d\u2019or africain cette ann\u00e9e.<\/p>\n<figure class=\"wp-block-embed is-type-rich is-provider-twitter wp-block-embed-twitter\">\n<div class=\"wp-block-embed__wrapper\">\n<blockquote class=\"twitter-tweet\" data-width=\"550\" data-dnt=\"true\">\n<p lang=\"art\" dir=\"ltr\"><imgsrc=\"\" alt=\"\ud83e\udd23\" class=\"wp-smiley\" style=\"height: 1em; max-height: 1em;\"><imgsrc=\"\" alt=\"\ud83e\udd26\ud83c\udfff\u200d\u2642\ufe0f\" class=\"wp-smiley\" style=\"height: 1em; max-height: 1em;\"><imgsrc=\"\" alt=\"\ud83e\udd37\ud83c\udfff\u200d\u2642\ufe0f\" class=\"wp-smiley\" style=\"height: 1em; max-height: 1em;\"><\/p>\n<p>\u2014 Serhou Guirassy (@Guirassy_19) <a href=\"https:\/\/twitter.com\/Guirassy_19\/status\/1831409970736480404?ref_src=twsrc%5Etfw\">September 4, 2024<\/a><\/p><\/blockquote>\n<p><script async src=\"https:\/\/platform.twitter.com\/widgets.js\" charset=\"utf-8\"><\/script><\/div>\n<\/figure>\n<\/div>\n","protected":false},"excerpt":{"rendered":"<p>PARIS- Apr\u00e8s une saison XXL du c\u00f4t\u00e9 du VfB Stuttgart, marqu\u00e9e par 30 buts en autant de matchs toutes comp\u00e9titions confondues et 3 passes d\u00e9cisives, Serhou Guirassy a vu son ambition d\u00e9border. Durant le mercato estival, l\u2019avant-centre s\u2019est ainsi engag\u00e9 avec le Borussia Dortmund pour continuer de mettre les d\u00e9fenses allemandes \u00e0 ses pieds. Quart-de-finaliste &hellip;<\/p>\n","protected":false},"author":1,"featured_media":0,"comment_status":"closed","ping_status":"closed","sticky":false,"template":"","format":"standard","meta":{"footnotes":""},"categories":[4],"tags":[],"_links":{"self":[{"href":"https:\/\/de.ambaguinee.org\/index.php?rest_route=\/wp\/v2\/posts\/74704"}],"collection":[{"href":"https:\/\/de.ambaguinee.org\/index.php?rest_route=\/wp\/v2\/posts"}],"about":[{"href":"https:\/\/de.ambaguinee.org\/index.php?rest_route=\/wp\/v2\/types\/post"}],"author":[{"embeddable":true,"href":"https:\/\/de.ambaguinee.org\/index.php?rest_route=\/wp\/v2\/users\/1"}],"replies":[{"embeddable":true,"href":"https:\/\/de.ambaguinee.org\/index.php?rest_route=%2Fwp%2Fv2%2Fcomments&post=74704"}],"version-history":[{"count":0,"href":"https:\/\/de.ambaguinee.org\/index.php?rest_route=\/wp\/v2\/posts\/74704\/revisions"}],"wp:attachment":[{"href":"https:\/\/de.ambaguinee.org\/index.php?rest_route=%2Fwp%2Fv2%2Fmedia&parent=74704"}],"wp:term":[{"taxonomy":"category","embeddable":true,"href":"https:\/\/de.ambaguinee.org\/index.php?rest_route=%2Fwp%2Fv2%2Fcategories&post=74704"},{"taxonomy":"post_tag","embeddable":true,"href":"https:\/\/de.ambaguinee.org\/index.php?rest_route=%2Fwp%2Fv2%2Ftags&post=74704"}],"curies":[{"name":"wp","href":"https:\/\/api.w.org\/{rel}","templated":true}]}}