{"id":75339,"date":"2024-09-14T23:02:25","date_gmt":"2024-09-14T21:02:25","guid":{"rendered":"https:\/\/de.ambaguinee.org\/?p=75339"},"modified":"2024-09-14T23:02:25","modified_gmt":"2024-09-14T21:02:25","slug":"lakhdar-nouveau-coach-du-hafia-travailler-en-synergie-avec-tout-le-monde-pour-de-meilleurs-resultats-possibles","status":"publish","type":"post","link":"https:\/\/de.ambaguinee.org\/?p=75339","title":{"rendered":"Lakhdar, nouveau coach du Hafia : \u201ctravailler en synergie avec tout le monde, pour de meilleurs r\u00e9sultats possibles\u201d"},"content":{"rendered":"<div>\n<p><strong>CONAKRY- Le Hafia football club a officiellement engag\u00e9 un nouvel entra\u00eeneur, apr\u00e8s la s\u00e9paration \u00e0 l\u2019amiable avec son ancien coach Casimir Jagiello. Cette officialisation a eu lieu ce samedi 14 septembre 2024 dans un communiqu\u00e9 publi\u00e9 par le club du Pr\u00e9sident Kerfalla Camara KPC. C\u2019est l\u2019Alg\u00e9rien<\/strong> <strong>Adjali Lakhdar qui a \u00e9t\u00e9 retenu pour 2 saisons , apr\u00e8s un d\u00e9compte sur une soixantaine de postulants, selon le club Vert et Blanc de Dixinn.<\/strong><\/p>\n<p>Et le nouveau coach du Babata s\u2019est pr\u00eat\u00e9 aux questions des journalistes lors d\u2019un point de presse tenu au stade Petit Sory de Nongo, \u00e0 Conakry. L\u2019occasion pour l\u2019alg\u00e9rien de 52 ans, ancien Directeur Sportif de l\u2019USM Alger et dinaliste de la coupe CAF en 2016 avec Mo Bejaia, de revenir sur son choix de signer au Hafia, et surtout d\u2019afficher ses ambitions sur le banc du club triple champion d\u2019Afrique en titre.<\/p>\n<p>\u201c<strong><em>C\u2019est un honneur pour moi diriger ce club historique africain. Avec la bonne volont\u00e9 que j\u2019ai vue avec les responsables qu\u2019on j\u2019ai d\u00e9j\u00e0 rencontr\u00e9s, je suis d\u00e9j\u00e0 satisfait. Je pense qu\u2019on y\u2019a un \u00e9norme travail \u00e0 faire, beaucoup de joueurs sont partis. Il va falloir faire un travail de base, je compte sur le staff qui est d\u00e9j\u00e0 l\u00e0. Hafia, c\u2019est d\u00e9j\u00e0 un train en march. On fera l\u2019\u00e9tat des lieux sur l\u2019\u00e9quipe, pour se fixer des objectifs qui restent le titre, le coupe nationale, la campagne africaine. Je vais organiser une r\u00e9union avec l\u2019ensemble du staff du Hafia. On n\u2019a pas assez de temps, il y a deja la coupe de la Ligue qui arrive, avant le d\u00e9marrage de la nouvelle saison du championnat guin\u00e9en. <\/em><\/strong><\/p>\n<p><strong><em>On va travailler en synergie avec l\u2019ensemble du staff technique, les joueurs, tous les responsables, toutes les comp\u00e9tences seront mises en avant. Je suis convaincu par rapport aux informations que j\u2019ai d\u00e9j\u00e0, on a une bonne cellule de recrutement qui va nous aider. Je compte sur tout le monde (\u2026.). Au Hafia, je me sens d\u00e9j\u00e0 comme chez ma famille, c\u2019est d\u00e9j\u00e0 une bonne chose.<\/em><\/strong>\u201d affiche Adjali Lakhdar, titulaire d\u2019une Licence UEFA pro.<\/p>\n<p>Et il se mettra d\u00e9j\u00e0 \u00e0 la t\u00e2che, puisqu\u2019il dirigera sa premi\u00e8re s\u00e9ance d\u2019entra\u00eenement du Hafia ce dimanche 15 septembre au stade du club, situ\u00e9 \u00e0 Nongo. Apr\u00e8s avoir perdu le titre en terminant vice-champion de Guin\u00e9e la saison pass\u00e9e, le Hafia FC a \u00e9t\u00e9 \u00e9limin\u00e9 des le premier tour pr\u00e9liminaire de la Coupe CAF. L\u2019objectif du nouveau coach sera sans doute de jouer non seulement le titre la saison prochaine, mais aussi faire un parcours reluisant en comp\u00e9tition interclubs de la CAF.<\/p>\n<p><strong>Mohamed LAMINE TOUR\u00c9<\/strong><\/p>\n<\/div>\n","protected":false},"excerpt":{"rendered":"<p>CONAKRY- Le Hafia football club a officiellement engag\u00e9 un nouvel entra\u00eeneur, apr\u00e8s la s\u00e9paration \u00e0 l\u2019amiable avec son ancien coach Casimir Jagiello. Cette officialisation a eu lieu ce samedi 14 septembre 2024 dans un communiqu\u00e9 publi\u00e9 par le club du Pr\u00e9sident Kerfalla Camara KPC. C\u2019est l\u2019Alg\u00e9rien Adjali Lakhdar qui a \u00e9t\u00e9 retenu pour 2 saisons &hellip;<\/p>\n","protected":false},"author":1,"featured_media":0,"comment_status":"closed","ping_status":"closed","sticky":false,"template":"","format":"standard","meta":{"footnotes":""},"categories":[4],"tags":[],"_links":{"self":[{"href":"https:\/\/de.ambaguinee.org\/index.php?rest_route=\/wp\/v2\/posts\/75339"}],"collection":[{"href":"https:\/\/de.ambaguinee.org\/index.php?rest_route=\/wp\/v2\/posts"}],"about":[{"href":"https:\/\/de.ambaguinee.org\/index.php?rest_route=\/wp\/v2\/types\/post"}],"author":[{"embeddable":true,"href":"https:\/\/de.ambaguinee.org\/index.php?rest_route=\/wp\/v2\/users\/1"}],"replies":[{"embeddable":true,"href":"https:\/\/de.ambaguinee.org\/index.php?rest_route=%2Fwp%2Fv2%2Fcomments&post=75339"}],"version-history":[{"count":0,"href":"https:\/\/de.ambaguinee.org\/index.php?rest_route=\/wp\/v2\/posts\/75339\/revisions"}],"wp:attachment":[{"href":"https:\/\/de.ambaguinee.org\/index.php?rest_route=%2Fwp%2Fv2%2Fmedia&parent=75339"}],"wp:term":[{"taxonomy":"category","embeddable":true,"href":"https:\/\/de.ambaguinee.org\/index.php?rest_route=%2Fwp%2Fv2%2Fcategories&post=75339"},{"taxonomy":"post_tag","embeddable":true,"href":"https:\/\/de.ambaguinee.org\/index.php?rest_route=%2Fwp%2Fv2%2Ftags&post=75339"}],"curies":[{"name":"wp","href":"https:\/\/api.w.org\/{rel}","templated":true}]}}