{"id":75797,"date":"2024-09-20T23:01:31","date_gmt":"2024-09-20T21:01:31","guid":{"rendered":"https:\/\/de.ambaguinee.org\/?p=75797"},"modified":"2024-09-20T23:01:31","modified_gmt":"2024-09-20T21:01:31","slug":"transfert-yasser-balde-a-la-relance-au-raja-de-casablanca","status":"publish","type":"post","link":"https:\/\/de.ambaguinee.org\/?p=75797","title":{"rendered":"Transfert : Yasser Bald\u00e9 \u00e0 la relance au Raja de Casablanca"},"content":{"rendered":"<div>\n<p><strong>CASABLANCA- Apr\u00e8s un bref passage en Tha\u00eflande o\u00fb il n\u2019a jou\u00e9 qu\u2019un seul match, Yasser Bald\u00e9 fait le choix de poursuivre sa carri\u00e8re en club au Maroc. Le d\u00e9fenseur international guin\u00e9en vient de signer une saison et une autre en option,  en faveur des Marocains du Raja de Casablanca. <\/strong><\/p>\n<p>A 31 ans, l\u2019ancien du stade Lavallois d\u00e9couvre donc le championnat maghr\u00e9bin. Le d\u00e9fenseur central international guin\u00e9en (4 s\u00e9lections), d\u2019origine marocaine, a donc choisi de rejoindre le Maroc, son premier club africain apr\u00e8s une carri\u00e8re exclusivement effectu\u00e9e en France (Auxerre, Fr\u00e9jus Saint-Rapha\u00ebl, Endoume, Sedan, Cholet et Laval).<\/p>\n<figure class=\"wp-block-embed is-type-rich is-provider-twitter wp-block-embed-twitter\">\n<div class=\"wp-block-embed__wrapper\">\n<blockquote class=\"twitter-tweet\" data-width=\"550\" data-dnt=\"true\">\n<p lang=\"en\" dir=\"ltr\">Welcome to Raja, Balde! <imgsrc=\"\" alt=\"\ud83e\udd85\" class=\"wp-smiley\" style=\"height: 1em; max-height: 1em;\"><a href=\"https:\/\/t.co\/OFHAIWredJ\">pic.twitter.com\/OFHAIWredJ<\/a><\/p>\n<p>\u2014 Raja Club Athletic (@RCAofficiel) <a href=\"https:\/\/twitter.com\/RCAofficiel\/status\/1837150391361769570?ref_src=twsrc%5Etfw\">September 20, 2024<\/a><\/p><\/blockquote>\n<p><script async src=\"https:\/\/platform.twitter.com\/widgets.js\" charset=\"utf-8\"><\/script><\/div>\n<\/figure>\n<p><strong>ALPHA DIALLO<\/strong><\/p>\n<\/div>\n","protected":false},"excerpt":{"rendered":"<p>CASABLANCA- Apr\u00e8s un bref passage en Tha\u00eflande o\u00fb il n\u2019a jou\u00e9 qu\u2019un seul match, Yasser Bald\u00e9 fait le choix de poursuivre sa carri\u00e8re en club au Maroc. Le d\u00e9fenseur international guin\u00e9en vient de signer une saison et une autre en option, en faveur des Marocains du Raja de Casablanca. A 31 ans, l\u2019ancien du stade &hellip;<\/p>\n","protected":false},"author":1,"featured_media":0,"comment_status":"closed","ping_status":"closed","sticky":false,"template":"","format":"standard","meta":{"footnotes":""},"categories":[4],"tags":[],"_links":{"self":[{"href":"https:\/\/de.ambaguinee.org\/index.php?rest_route=\/wp\/v2\/posts\/75797"}],"collection":[{"href":"https:\/\/de.ambaguinee.org\/index.php?rest_route=\/wp\/v2\/posts"}],"about":[{"href":"https:\/\/de.ambaguinee.org\/index.php?rest_route=\/wp\/v2\/types\/post"}],"author":[{"embeddable":true,"href":"https:\/\/de.ambaguinee.org\/index.php?rest_route=\/wp\/v2\/users\/1"}],"replies":[{"embeddable":true,"href":"https:\/\/de.ambaguinee.org\/index.php?rest_route=%2Fwp%2Fv2%2Fcomments&post=75797"}],"version-history":[{"count":0,"href":"https:\/\/de.ambaguinee.org\/index.php?rest_route=\/wp\/v2\/posts\/75797\/revisions"}],"wp:attachment":[{"href":"https:\/\/de.ambaguinee.org\/index.php?rest_route=%2Fwp%2Fv2%2Fmedia&parent=75797"}],"wp:term":[{"taxonomy":"category","embeddable":true,"href":"https:\/\/de.ambaguinee.org\/index.php?rest_route=%2Fwp%2Fv2%2Fcategories&post=75797"},{"taxonomy":"post_tag","embeddable":true,"href":"https:\/\/de.ambaguinee.org\/index.php?rest_route=%2Fwp%2Fv2%2Ftags&post=75797"}],"curies":[{"name":"wp","href":"https:\/\/api.w.org\/{rel}","templated":true}]}}