{"id":77209,"date":"2024-10-06T23:03:24","date_gmt":"2024-10-06T21:03:24","guid":{"rendered":"https:\/\/de.ambaguinee.org\/?p=77209"},"modified":"2024-10-06T23:03:24","modified_gmt":"2024-10-06T21:03:24","slug":"macron-appelle-au-retrait-du-m23-et-des-troupes-rwandaises-de-lest-de-la-rdc","status":"publish","type":"post","link":"https:\/\/de.ambaguinee.org\/?p=77209","title":{"rendered":"Macron appelle au \u00ab\u00a0retrait du M23 et des troupes rwandaises\u00a0\u00bb de l\u2019est de la RDC"},"content":{"rendered":"<div>\n<div style=\"margin-bottom:20px;\"><img width=\"1023\" height=\"575\"src=\"https:\/\/i0.wp.com\/mediaguinee.com\/wp-content\/uploads\/2024\/10\/09860000-0aff-0242-f3b2-08da9c0d04b4_w1023_r1_s.jpg?w=1023&amp;ssl=1\" class=\"attachment-post-thumbnail size-post-thumbnail wp-post-image\" alt=\"\" decoding=\"async\" srcset=\"https:\/\/i0.wp.com\/mediaguinee.com\/wp-content\/uploads\/2024\/10\/09860000-0aff-0242-f3b2-08da9c0d04b4_w1023_r1_s.jpg?w=1023&amp;ssl=1 1023w, https:\/\/i0.wp.com\/mediaguinee.com\/wp-content\/uploads\/2024\/10\/09860000-0aff-0242-f3b2-08da9c0d04b4_w1023_r1_s.jpg?resize=300%2C169&amp;ssl=1 300w, https:\/\/i0.wp.com\/mediaguinee.com\/wp-content\/uploads\/2024\/10\/09860000-0aff-0242-f3b2-08da9c0d04b4_w1023_r1_s.jpg?resize=768%2C432&amp;ssl=1 768w\" sizes=\"(max-width: 1023px) 100vw, 1023px\" data-attachment-id=\"267646\" data-permalink=\"https:\/\/mediaguinee.com\/2024\/10\/macron-appelle-au-retrait-du-m23-et-des-troupes-rwandaises-de-lest-de-la-rdc\/09860000-0aff-0242-f3b2-08da9c0d04b4_w1023_r1_s\/\" data-orig-file=\"https:\/\/i0.wp.com\/mediaguinee.com\/wp-content\/uploads\/2024\/10\/09860000-0aff-0242-f3b2-08da9c0d04b4_w1023_r1_s.jpg?fit=1023%2C575&amp;ssl=1\" data-orig-size=\"1023,575\" data-comments-opened=\"1\" data-image-meta='{\"aperture\":\"0\",\"credit\":\"\",\"camera\":\"\",\"caption\":\"\",\"created_timestamp\":\"0\",\"copyright\":\"\",\"focal_length\":\"0\",\"iso\":\"0\",\"shutter_speed\":\"0\",\"title\":\"\",\"orientation\":\"0\"}' data-image-title=\"09860000-0aff-0242-f3b2-08da9c0d04b4_w1023_r1_s\" data-image-description=\"\" data-image-caption=\"\" data-medium-file=\"https:\/\/i0.wp.com\/mediaguinee.com\/wp-content\/uploads\/2024\/10\/09860000-0aff-0242-f3b2-08da9c0d04b4_w1023_r1_s.jpg?fit=300%2C169&amp;ssl=1\" data-large-file=\"https:\/\/i0.wp.com\/mediaguinee.com\/wp-content\/uploads\/2024\/10\/09860000-0aff-0242-f3b2-08da9c0d04b4_w1023_r1_s.jpg?fit=1023%2C575&amp;ssl=1\" tabindex=\"0\" role=\"button\"><\/div>\n<div class=\"intro intro--bold\">\n<p>Le pr\u00e9sident fran\u00e7ais Emmanuel Macron a appel\u00e9 samedi au \u00ab\u00a0retrait du M23 et des troupes rwandaises\u00a0\u00bb de l\u2019est de la R\u00e9publique d\u00e9mocratique du Congo, en proie \u00e0 un conflit arm\u00e9 depuis la r\u00e9surgence de cette r\u00e9bellion \u00e0 majorit\u00e9 tutsi en 2021, lors de la clot\u00fbre du sommet de la Francophonie \u00e0 Paris.<\/p>\n<\/div>\n<div id=\"article-content\" class=\"content-floated-wrap fb-quotable\">\n<div class=\"wsw\">\n<p>La RDC et le groupe d\u2019experts des Nations unies accusent le Rwanda d\u2019avoir d\u00e9ploy\u00e9 des troupes en soutien au M23 (\u00ab\u00a0<em>Mouvement du 23 mars<\/em>\u00ab\u00a0) qui s\u2019est empar\u00e9e de vastes pans de territoire dans cette r\u00e9gion riches en minerais \u2013 des accusations d\u00e9menties par le Rwanda. Le pr\u00e9sident congolais F\u00e9lix Tshisekedi et sa d\u00e9l\u00e9gation avaient claqu\u00e9 la porte du sommet vendredi quelques heures apr\u00e8s le discours d\u2019Emmanuel Macron ouvrant les travaux, f\u00e2ch\u00e9s qu\u2019il \u00ab\u00a0<em>\u00e9voque toutes les grandes crises du monde, du Liban \u00e0 l\u2019Arm\u00e9nie, sans daigner mentionner la RDC, le plus grand pays de la Francophonie<\/em>\u00ab\u00a0.<\/p>\n<p>\u00ab\u00a0<em>Il faut croire qu\u2019il tenait d\u2019abord \u00e0 m\u00e9nager (le pr\u00e9sident rwandais, Paul) Kagame<\/em>\u00ab\u00a0, avait confi\u00e9 avec amertume \u00e0 l\u2019AFP une source gouvernementale congolaise. Le chef de l\u2019Etat fran\u00e7ais a \u00e9galement appel\u00e9 au \u00ab\u00a0<em>d\u00e9mant\u00e8lement des FDLR et de tous les groupes arm\u00e9s<\/em>\u00ab\u00a0, en r\u00e9f\u00e9rence aux Forces d\u00e9mocratiques de lib\u00e9ration du Rwanda, groupe rebelle rwandais form\u00e9 par d\u2019anciens hauts responsables hutu du g\u00e9nocide des Tutsi au Rwanda en 1994, et r\u00e9fugi\u00e9s en RDC depuis, qui constitue aux yeux du r\u00e9gime rwandais une menace permanente \u00e0 ses fronti\u00e8res.<\/p>\n<p>M. Macron a enfin encourag\u00e9 \u00ab\u00a0<em>la reprise d\u2019un processus politique avec le M23 et toutes les composantes politiques pour permettre le retour plein et entier de la souverainet\u00e9 et de l\u2019int\u00e9grit\u00e9 territoriale de la RDC\u00a0<\/em>\u00ab\u00a0. Il a par ailleurs reconnu que la r\u00e9union trilat\u00e9rale esp\u00e9r\u00e9e pour encourager ses homologues \u00e0 conclure un accord de paix dans le cadre des n\u00e9gociations entam\u00e9es depuis des mois sous l\u2019\u00e9gide de la m\u00e9diation angolaise n\u2019a \u00ab\u00a0<em>pas \u00e9t\u00e9 souhait\u00e9e<\/em>\u00ab\u00a0. \u00c0 la place, deux entretiens bilat\u00e9raux s\u00e9par\u00e9s ont eu lieu. \u00ab\u00a0<em>La situation est encore trop tendue<\/em>\u00ab\u00a0, a-t-il dit, expliquant que des efforts de part et d\u2019autres demeurent \u00ab\u00a0<em>indispensables<\/em>\u00ab\u00a0.<\/p>\n<p>AFP<\/p>\n<\/div>\n<\/div>\n<p>L\u2019article <a href=\"https:\/\/mediaguinee.com\/2024\/10\/macron-appelle-au-retrait-du-m23-et-des-troupes-rwandaises-de-lest-de-la-rdc\/\">Macron appelle au \u00ab\u00a0retrait du M23 et des troupes rwandaises\u00a0\u00bb de l\u2019est de la RDC<\/a> est apparu en premier sur <a href=\"https:\/\/mediaguinee.com\/\">Mediaguinee.com<\/a>.<\/p>\n<\/div>\n","protected":false},"excerpt":{"rendered":"<p>Le pr\u00e9sident fran\u00e7ais Emmanuel Macron a appel\u00e9 samedi au \u00ab\u00a0retrait du M23 et des troupes rwandaises\u00a0\u00bb de l\u2019est de la R\u00e9publique d\u00e9mocratique du Congo, en proie \u00e0 un conflit arm\u00e9 depuis la r\u00e9surgence de cette r\u00e9bellion \u00e0 majorit\u00e9 tutsi en 2021, lors de la clot\u00fbre du sommet de la Francophonie \u00e0 Paris. La RDC et &hellip;<\/p>\n","protected":false},"author":1,"featured_media":0,"comment_status":"closed","ping_status":"closed","sticky":false,"template":"","format":"standard","meta":{"footnotes":""},"categories":[2],"tags":[23],"_links":{"self":[{"href":"https:\/\/de.ambaguinee.org\/index.php?rest_route=\/wp\/v2\/posts\/77209"}],"collection":[{"href":"https:\/\/de.ambaguinee.org\/index.php?rest_route=\/wp\/v2\/posts"}],"about":[{"href":"https:\/\/de.ambaguinee.org\/index.php?rest_route=\/wp\/v2\/types\/post"}],"author":[{"embeddable":true,"href":"https:\/\/de.ambaguinee.org\/index.php?rest_route=\/wp\/v2\/users\/1"}],"replies":[{"embeddable":true,"href":"https:\/\/de.ambaguinee.org\/index.php?rest_route=%2Fwp%2Fv2%2Fcomments&post=77209"}],"version-history":[{"count":0,"href":"https:\/\/de.ambaguinee.org\/index.php?rest_route=\/wp\/v2\/posts\/77209\/revisions"}],"wp:attachment":[{"href":"https:\/\/de.ambaguinee.org\/index.php?rest_route=%2Fwp%2Fv2%2Fmedia&parent=77209"}],"wp:term":[{"taxonomy":"category","embeddable":true,"href":"https:\/\/de.ambaguinee.org\/index.php?rest_route=%2Fwp%2Fv2%2Fcategories&post=77209"},{"taxonomy":"post_tag","embeddable":true,"href":"https:\/\/de.ambaguinee.org\/index.php?rest_route=%2Fwp%2Fv2%2Ftags&post=77209"}],"curies":[{"name":"wp","href":"https:\/\/api.w.org\/{rel}","templated":true}]}}