{"id":77210,"date":"2024-10-06T23:03:24","date_gmt":"2024-10-06T21:03:24","guid":{"rendered":"https:\/\/de.ambaguinee.org\/?p=77210"},"modified":"2024-10-06T23:03:24","modified_gmt":"2024-10-06T21:03:24","slug":"revue-de-presse-la-commune-de-kaloum-evacuee-en-plein-jour-fete-anniversaire-de-lindependance-nationalea-la-une-des-journaux","status":"publish","type":"post","link":"https:\/\/de.ambaguinee.org\/?p=77210","title":{"rendered":"[Revue de presse] La commune de Kaloum \u00e9vacu\u00e9e en plein jour, f\u00eate anniversaire de l\u2019ind\u00e9pendance nationale\u2026\u00e0 la Une des journaux"},"content":{"rendered":"<div>\n<div style=\"margin-bottom:20px;\"><img width=\"960\" height=\"454\"src=\"https:\/\/i0.wp.com\/mediaguinee.com\/wp-content\/uploads\/2021\/02\/Revue-1.jpg?w=960&amp;ssl=1\" class=\"attachment-post-thumbnail size-post-thumbnail wp-post-image\" alt=\"\" decoding=\"async\" srcset=\"https:\/\/i0.wp.com\/mediaguinee.com\/wp-content\/uploads\/2021\/02\/Revue-1.jpg?w=960&amp;ssl=1 960w, https:\/\/i0.wp.com\/mediaguinee.com\/wp-content\/uploads\/2021\/02\/Revue-1.jpg?resize=300%2C142&amp;ssl=1 300w, https:\/\/i0.wp.com\/mediaguinee.com\/wp-content\/uploads\/2021\/02\/Revue-1.jpg?resize=768%2C363&amp;ssl=1 768w\" sizes=\"(max-width: 960px) 100vw, 960px\" data-attachment-id=\"146950\" data-permalink=\"https:\/\/mediaguinee.com\/2021\/02\/resurgence-debola-en-guinee-proces-en-appel-de-grenade-alpha-convoque-les-argentiers-a-la-une-des-journaux\/revue-3\/\" data-orig-file=\"https:\/\/i0.wp.com\/mediaguinee.com\/wp-content\/uploads\/2021\/02\/Revue-1.jpg?fit=960%2C454&amp;ssl=1\" data-orig-size=\"960,454\" data-comments-opened=\"1\" data-image-meta='{\"aperture\":\"0\",\"credit\":\"\",\"camera\":\"\",\"caption\":\"\",\"created_timestamp\":\"0\",\"copyright\":\"\",\"focal_length\":\"0\",\"iso\":\"0\",\"shutter_speed\":\"0\",\"title\":\"\",\"orientation\":\"0\"}' data-image-title=\"Revue\" data-image-description=\"\" data-image-caption=\"\" data-medium-file=\"https:\/\/i0.wp.com\/mediaguinee.com\/wp-content\/uploads\/2021\/02\/Revue-1.jpg?fit=300%2C142&amp;ssl=1\" data-large-file=\"https:\/\/i0.wp.com\/mediaguinee.com\/wp-content\/uploads\/2021\/02\/Revue-1.jpg?fit=960%2C454&amp;ssl=1\" tabindex=\"0\" role=\"button\"><\/div>\n<p>Au cours de cette semaine qui s\u2019ach\u00e8ve, les hebdomadaires, Le Lynx, La Lance et l\u2019Observateur se sont essentiellement int\u00e9ress\u00e9s \u00e0 plusieurs sujets d\u2019actualit\u00e9 dont la commune de Kaloum \u00e9vacu\u00e9e en plein jour, f\u00eate anniversaire de l\u2019ind\u00e9pendance nationale, affaire candidature du G\u00e9n\u00e9ral Doumbouya\u2026<\/p>\n<p><strong>Dans sa parution num\u00e9ro 1694 du 30 septembre 2024, l\u2019hebdomadaire satirique Le Lynx a barr\u00e9 \u00e0 sa Une : \u00ab\u00a0Guin\u00e9e : La commune de Kaloum \u00e9vacu\u00e9e en plein jour. Entre trouille et patrouille !\u00a0\u00bb <\/strong>Sur la question, le journal \u00e9crit : \u00ab\u00a0Le 26 septembre, aux environs de 16h, un vent de panique a balay\u00e9 Kaloum qui s\u2019est, dare-dare vid\u00e9 de ses occupants. Et cela sur ordre d\u2019hommes en treillis, bard\u00e9s de joujoux de guerre, avec des tirs entendus \u00e0 Boulbinet, non loin de l\u2019antre de Mamadi Doum-bouillant. La nouvelle s\u2019est r\u00e9pandue comme une tra\u00een\u00e9 de poudre. Elle fait \u00e9tat de coups de feu autour du Palais Mohammed V, pr\u00e9sidence ou r\u00e9sidence du g\u00ean\u00ea-r\u00e2le Mamadi Doum-bouillant, pr\u00e9si de la transition. M\u00eame ambiance d\u00e9l\u00e9t\u00e8re au camp Makambo, anciennement camp Koundara, situ\u00e9 non loin de l\u00e0. Peu apr\u00e8s les tirs, des blind\u00e9s des Forces sp\u00e9ciales ont boug\u00e9 du Palais du peuple de Cona- crime, direction Kaloum. Ils roulaient \u00e0 tombeau ouvert. A leur bord, des hommes en treillis arm\u00e9s jusqu\u2019aux dents\u2026\u00a0\u00bb<\/p>\n<p><strong>De son c\u00f4t\u00e9, La Lance, a, dans sa parution num\u00e9ro 1442 du 2 octobre 2024 mis \u00e0 sa Une \u00ab\u00a0Guin\u00e9e : F\u00eate anniversaire de l\u2019ind\u00e9pendance nationale. Quand Mamadi Doumbouya charme les femmes.\u00a0\u00bb <\/strong>Sur la question, le journal pr\u00e9cise que \u00ab\u00a0ce 1er octobre, veille de la c\u00e9l\u00e9bration du 66\u00e8 anniversaire de l\u2019accession de la Guin\u00e9e \u00e0 l\u2019ind\u00e9pendance, Mamadi Doumbouya est sorti de son mutisme pour s\u2019adresser aux Guin\u00e9ens. Dans un discours de pr\u00e8s de 30 minutes, le pr\u00e9sident de la transition, tout de blanc v\u00eatu, a mis l\u2019accent sur les femmes, son bilan et l\u2019espoir d\u2019un lendemain meilleur fond\u00e9 notamment sur l\u2019exploitation du gisement de fer du Simandou. Pr\u00e8s de trente minutes d\u2019allocution et pas un mot sur les \u00e9lections, qu\u2019elles soient r\u00e9f\u00e9rendaire ou pr\u00e9sidentielles. Et par voie de cons\u00e9quence, silence sur le retour \u00e0 l\u2019ordre constitutionnel. Comme autrefois son pr\u00e9d\u00e9cesseur Alpha Cond\u00e9, en qu\u00eate de r\u00e9\u00e9lection, Mamadi Doumbouya a plut\u00f4t mis l\u2019accent sur les femmes\u2026\u00a0\u00bb<\/p>\n<p><strong>Quant \u00e0 l\u2019Observateur, il a dans sa parution num\u00e9ro 1220 du 30 septembre 2024 titr\u00e9 : \u00ab\u00a0Affaire candidature du G\u00e9n\u00e9ral Doumbouya. Cellou appelle \u00e0 l\u2019emp\u00eacher \u00e0 \u00ab\u00a0tout prix\u00a0\u00bb et par \u00ab\u00a0tous les moyens.\u00a0\u00bb <\/strong>Sur la question, notre confr\u00e8re rapporte : \u00ab\u00a0A chacun d\u2019entre nous donc de prendre ses responsabilit\u00e9s, d\u00e8s maintenant, devant sa conscience et l\u2019histoire, pour emp\u00eacher, \u00e0 tout pris et par tous les moyens la forfaiture de se produire\u00a0\u00bb. Ce sont l\u00e0 des mots du leader politique Cellou Dalein Diallo qui a lanc\u00e9 un appel pressant le jeudi 26 septembre 2024 suite aux vell\u00e9it\u00e9s pr\u00eat\u00e9es au G\u00e9n\u00e9ral Mamadi Doumbouya d\u2019\u00eatre candidat aux prochaines \u00e9lections pr\u00e9sidentielles\u2026\u00a0\u00bb<\/p>\n<p><strong>A la semaine prochaine !<\/strong><\/p>\n<p>L\u2019article <a href=\"https:\/\/mediaguinee.com\/2024\/10\/revue-de-presse-la-commune-de-kaloum-evacuee-en-plein-jour-fete-anniversaire-de-lindependance-nationale-a-la-une-des-journaux\/\">[Revue de presse] La commune de Kaloum \u00e9vacu\u00e9e en plein jour, f\u00eate anniversaire de l\u2019ind\u00e9pendance nationale\u2026\u00e0 la Une des journaux<\/a> est apparu en premier sur <a href=\"https:\/\/mediaguinee.com\/\">Mediaguinee.com<\/a>.<\/p>\n<\/div>\n","protected":false},"excerpt":{"rendered":"<p>Au cours de cette semaine qui s\u2019ach\u00e8ve, les hebdomadaires, Le Lynx, La Lance et l\u2019Observateur se sont essentiellement int\u00e9ress\u00e9s \u00e0 plusieurs sujets d\u2019actualit\u00e9 dont la commune de Kaloum \u00e9vacu\u00e9e en plein jour, f\u00eate anniversaire de l\u2019ind\u00e9pendance nationale, affaire candidature du G\u00e9n\u00e9ral Doumbouya\u2026 Dans sa parution num\u00e9ro 1694 du 30 septembre 2024, l\u2019hebdomadaire satirique Le Lynx &hellip;<\/p>\n","protected":false},"author":1,"featured_media":0,"comment_status":"closed","ping_status":"closed","sticky":false,"template":"","format":"standard","meta":{"footnotes":""},"categories":[2],"tags":[23],"_links":{"self":[{"href":"https:\/\/de.ambaguinee.org\/index.php?rest_route=\/wp\/v2\/posts\/77210"}],"collection":[{"href":"https:\/\/de.ambaguinee.org\/index.php?rest_route=\/wp\/v2\/posts"}],"about":[{"href":"https:\/\/de.ambaguinee.org\/index.php?rest_route=\/wp\/v2\/types\/post"}],"author":[{"embeddable":true,"href":"https:\/\/de.ambaguinee.org\/index.php?rest_route=\/wp\/v2\/users\/1"}],"replies":[{"embeddable":true,"href":"https:\/\/de.ambaguinee.org\/index.php?rest_route=%2Fwp%2Fv2%2Fcomments&post=77210"}],"version-history":[{"count":0,"href":"https:\/\/de.ambaguinee.org\/index.php?rest_route=\/wp\/v2\/posts\/77210\/revisions"}],"wp:attachment":[{"href":"https:\/\/de.ambaguinee.org\/index.php?rest_route=%2Fwp%2Fv2%2Fmedia&parent=77210"}],"wp:term":[{"taxonomy":"category","embeddable":true,"href":"https:\/\/de.ambaguinee.org\/index.php?rest_route=%2Fwp%2Fv2%2Fcategories&post=77210"},{"taxonomy":"post_tag","embeddable":true,"href":"https:\/\/de.ambaguinee.org\/index.php?rest_route=%2Fwp%2Fv2%2Ftags&post=77210"}],"curies":[{"name":"wp","href":"https:\/\/api.w.org\/{rel}","templated":true}]}}