{"id":77339,"date":"2024-10-07T23:04:59","date_gmt":"2024-10-07T21:04:59","guid":{"rendered":"https:\/\/de.ambaguinee.org\/?p=77339"},"modified":"2024-10-07T23:04:59","modified_gmt":"2024-10-07T21:04:59","slug":"labe-un-celebre-guitariste-de-lorchestre-gando-macy-retrouve-pendu-a-daka2","status":"publish","type":"post","link":"https:\/\/de.ambaguinee.org\/?p=77339","title":{"rendered":"Lab\u00e9 : un c\u00e9l\u00e8bre guitariste de l\u2019orchestre Gando-Macy retrouv\u00e9 pendu, \u00e0 Daka2"},"content":{"rendered":"<div>\n<div style=\"margin-bottom:20px;\"><img width=\"816\" height=\"477\"src=\"https:\/\/i0.wp.com\/mediaguinee.com\/wp-content\/uploads\/2024\/10\/IMG_5641.jpeg?w=816&amp;ssl=1\" class=\"attachment-post-thumbnail size-post-thumbnail wp-post-image\" alt=\"\" decoding=\"async\" srcset=\"https:\/\/i0.wp.com\/mediaguinee.com\/wp-content\/uploads\/2024\/10\/IMG_5641.jpeg?w=816&amp;ssl=1 816w, https:\/\/i0.wp.com\/mediaguinee.com\/wp-content\/uploads\/2024\/10\/IMG_5641.jpeg?resize=300%2C175&amp;ssl=1 300w, https:\/\/i0.wp.com\/mediaguinee.com\/wp-content\/uploads\/2024\/10\/IMG_5641.jpeg?resize=768%2C449&amp;ssl=1 768w, https:\/\/i0.wp.com\/mediaguinee.com\/wp-content\/uploads\/2024\/10\/IMG_5641.jpeg?resize=357%2C210&amp;ssl=1 357w\" sizes=\"(max-width: 816px) 100vw, 816px\" data-attachment-id=\"267714\" data-permalink=\"https:\/\/mediaguinee.com\/2024\/10\/labe-un-celebre-guitariste-de-lorchestre-gando-macy-retrouve-pendu-a-daka2\/img_5641\/\" data-orig-file=\"https:\/\/i0.wp.com\/mediaguinee.com\/wp-content\/uploads\/2024\/10\/IMG_5641.jpeg?fit=816%2C477&amp;ssl=1\" data-orig-size=\"816,477\" data-comments-opened=\"1\" data-image-meta='{\"aperture\":\"0\",\"credit\":\"\",\"camera\":\"\",\"caption\":\"\",\"created_timestamp\":\"0\",\"copyright\":\"\",\"focal_length\":\"0\",\"iso\":\"0\",\"shutter_speed\":\"0\",\"title\":\"\",\"orientation\":\"1\"}' data-image-title=\"IMG_5641\" data-image-description=\"\" data-image-caption=\"\" data-medium-file=\"https:\/\/i0.wp.com\/mediaguinee.com\/wp-content\/uploads\/2024\/10\/IMG_5641.jpeg?fit=300%2C175&amp;ssl=1\" data-large-file=\"https:\/\/i0.wp.com\/mediaguinee.com\/wp-content\/uploads\/2024\/10\/IMG_5641.jpeg?fit=816%2C477&amp;ssl=1\" tabindex=\"0\" role=\"button\"><\/div>\n<div dir=\"auto\">Cette d\u00e9couverte macabre a eu lieu dans la matin\u00e9e d\u2019hier dimanche 6 octobre 2024, dans le quartier Daka 2 dans la commune urbaine de Lab\u00e9. Le d\u00e9funt a \u00e9t\u00e9 retrouv\u00e9 pendu sur un oranger plant\u00e9 dans sa cour au petit matin.<\/div>\n<div dir=\"auto\">\u00c2g\u00e9 d\u2019une soixantaine d\u2019ann\u00e9es, Ousmane Kanouya Diallo, comme c\u2019est de lui qu\u2019il s\u2019agit, \u00e9tait le dernier de la premi\u00e8re g\u00e9n\u00e9ration du l\u00e9gendaire orchestre Gando-Macy. Guitariste de son \u00e9tat, d\u2019apr\u00e8s les informations, il ne souffrait d\u2019aucune d\u00e9mence.\u00a0 . Aussit\u00f4t inform\u00e9s, les agents de s\u00e9curit\u00e9 et les autorit\u00e9s se sont retrouv\u00e9s sur les lieux pour le constat. Le pr\u00e9sident du quartier de Daka est revenu sur ce cas de suicide.<\/div>\n<div dir=\"auto\" data-removefontsize=\"true\" data-originalcomputedfontsize=\"16\">\u00ab\u00a0C\u2019est aux environs de 6 heures 30 minutes, deux jeunes du quartier sont all\u00e9s chez moi, ils ont frapp\u00e9 \u00e0 ma porte et je suis sorti apr\u00e8s ils m\u2019ont inform\u00e9 que l\u2019artiste Ousmane Kanouya s\u2019est pendu chez lui. J\u2019ai inform\u00e9 le pr\u00e9sident de la d\u00e9l\u00e9gation sp\u00e9ciale , le commissariat central et nous sommes retrouv\u00e9s sur les lieux du suicide. Nous avons effectivement utilis\u00e9 une corde pour se prendre sur un arbre . C\u2019est un artiste du groupe Gando Maci. Je le connais depuis les ann\u00e9es 90\u00a0\u00bb,\u00a0 a expliqu\u00e9 Elhadj Oumar Moromy Diallo,\u00a0 chef de quartier de Daka 2.<\/div>\n<div dir=\"auto\" data-removefontsize=\"true\" data-originalcomputedfontsize=\"16\">De son c\u00f4t\u00e9, Boubacar Sonko, artiste chanteur du groupe Gando Maci, a dit \u00eatre surpris par cette nouvelle.<\/div>\n<div dir=\"auto\" data-removefontsize=\"true\" data-originalcomputedfontsize=\"16\">\u00ab\u00a0Je re\u00e7u un appel t\u00e9l\u00e9phonique d\u2019un jeune qui m\u2019a inform\u00e9 que notre coll\u00e8gue s\u2019est donn\u00e9 la mort chez lui. C\u2019est jeudi dernier que je me suis s\u00e9par\u00e9 avec\u00a0 le d\u00e9funt, il n\u2019avait pas discut\u00e9 avec quelqu\u2019un au sein de notre groupe, nous avons demand\u00e9 aussi \u00e0 ses voisins ils nous ont fait savoir qu\u2019il n\u2019a pas discut\u00e9 avec quelqu\u2019un. Il n\u2019\u00e9tait pas malade.\u00a0 Jeudi dernier, nous avons veill\u00e9 ensemble au Tinkisso c\u2019est tr\u00e8s triste\u00a0\u00bb. t\u00e9moigne Boubacar Sonko.<\/div>\n<div dir=\"auto\" data-removefontsize=\"true\" data-originalcomputedfontsize=\"16\">Apr\u00e8s le constat des services comp\u00e9tents, le corps du d\u00e9funt est transport\u00e9 \u00e0 la morgue de l\u2019h\u00f4pital r\u00e9gional de Lab\u00e9 avant son enterrement. Apr\u00e8s les expertises, la d\u00e9pouille a \u00e9t\u00e9 restitu\u00e9e \u00e0 la famille ce lundi matin aux environs de 11 h. A noter qu\u2019Ousmane Kanouya Diallo a laiss\u00e9 derri\u00e8re lui deux veuves et six (6) enfants.<\/div>\n<div dir=\"auto\"><\/div>\n<div dir=\"auto\"><b data-removefontsize=\"true\" data-originalcomputedfontsize=\"16\">Tidiane Diallo<\/b><\/div>\n<p>L\u2019article <a href=\"https:\/\/mediaguinee.com\/2024\/10\/labe-un-celebre-guitariste-de-lorchestre-gando-macy-retrouve-pendu-a-daka2\/\">Lab\u00e9 : un c\u00e9l\u00e8bre guitariste de l\u2019orchestre Gando-Macy retrouv\u00e9 pendu, \u00e0 Daka2<\/a> est apparu en premier sur <a href=\"https:\/\/mediaguinee.com\/\">Mediaguinee.com<\/a>.<\/p>\n<\/div>\n","protected":false},"excerpt":{"rendered":"<p>Cette d\u00e9couverte macabre a eu lieu dans la matin\u00e9e d\u2019hier dimanche 6 octobre 2024, dans le quartier Daka 2 dans la commune urbaine de Lab\u00e9. Le d\u00e9funt a \u00e9t\u00e9 retrouv\u00e9 pendu sur un oranger plant\u00e9 dans sa cour au petit matin. \u00c2g\u00e9 d\u2019une soixantaine d\u2019ann\u00e9es, Ousmane Kanouya Diallo, comme c\u2019est de lui qu\u2019il s\u2019agit, \u00e9tait &hellip;<\/p>\n","protected":false},"author":1,"featured_media":0,"comment_status":"closed","ping_status":"closed","sticky":false,"template":"","format":"standard","meta":{"footnotes":""},"categories":[2],"tags":[23],"_links":{"self":[{"href":"https:\/\/de.ambaguinee.org\/index.php?rest_route=\/wp\/v2\/posts\/77339"}],"collection":[{"href":"https:\/\/de.ambaguinee.org\/index.php?rest_route=\/wp\/v2\/posts"}],"about":[{"href":"https:\/\/de.ambaguinee.org\/index.php?rest_route=\/wp\/v2\/types\/post"}],"author":[{"embeddable":true,"href":"https:\/\/de.ambaguinee.org\/index.php?rest_route=\/wp\/v2\/users\/1"}],"replies":[{"embeddable":true,"href":"https:\/\/de.ambaguinee.org\/index.php?rest_route=%2Fwp%2Fv2%2Fcomments&post=77339"}],"version-history":[{"count":0,"href":"https:\/\/de.ambaguinee.org\/index.php?rest_route=\/wp\/v2\/posts\/77339\/revisions"}],"wp:attachment":[{"href":"https:\/\/de.ambaguinee.org\/index.php?rest_route=%2Fwp%2Fv2%2Fmedia&parent=77339"}],"wp:term":[{"taxonomy":"category","embeddable":true,"href":"https:\/\/de.ambaguinee.org\/index.php?rest_route=%2Fwp%2Fv2%2Fcategories&post=77339"},{"taxonomy":"post_tag","embeddable":true,"href":"https:\/\/de.ambaguinee.org\/index.php?rest_route=%2Fwp%2Fv2%2Ftags&post=77339"}],"curies":[{"name":"wp","href":"https:\/\/api.w.org\/{rel}","templated":true}]}}