{"id":77342,"date":"2024-10-07T23:05:04","date_gmt":"2024-10-07T21:05:04","guid":{"rendered":"https:\/\/de.ambaguinee.org\/?p=77342"},"modified":"2024-10-07T23:05:04","modified_gmt":"2024-10-07T21:05:04","slug":"strasbourg-saidou-sow-le-nouveau-patron-de-la-defense","status":"publish","type":"post","link":"https:\/\/de.ambaguinee.org\/?p=77342","title":{"rendered":"Strasbourg : Saidou Sow, le nouveau patron de la d\u00e9fense"},"content":{"rendered":"<div>\n<p><strong>STRASBOURG- Depuis le d\u00e9but de saison, Strasbourg est l\u2019une des sensations de Ligue 1. Avec un effectif jeune et talentueux, le club alsacien s\u2019offre plusieurs prestations de haute voltige \u00e0 l\u2019instar de sa victoire la semaine derni\u00e8re contre Marseille (1-0). Dans l\u2019effectif de Liam Rosenior, Sa\u00efdou Sow s\u2019est fait une place de choix. <\/strong><\/p>\n<p>Arriv\u00e9 \u00e0 l\u2019\u00e9t\u00e9 2023 \u00e0 Strasbourg, le d\u00e9fenseur guin\u00e9en ne rentrait pas dans les plans de Patrick Vieira. Et apr\u00e8s n\u2019avoir disput\u00e9 que 14 matches l\u2019an dernier, l\u2019ancien de l\u2019ASSE est d\u00e9sormais le taulier de la d\u00e9fense alsacienne. Fort dans les duels, puissant et disposant d\u2019une relance de qualit\u00e9, le natif de Conakry n\u2019en finit plus d\u2019impressionner. Ainsi, le natif de Conakry confirme son regain de forme observable depuis la fin de saison derni\u00e8re. <\/p>\n<p>Titulaire indiscutable, le droitier est l\u2019un des grands artisans de la solidit\u00e9 de la jeune d\u00e9fense strasbourgeoise. Sous contrat jusqu\u2019en 2028 avec le RCSA, le d\u00e9fenseur de 22 ans pourrait rapidement attiser les convoitises mais sa place dans l\u2019arri\u00e8re-garde alsacienne lui semble taill\u00e9 sur mesure pour le moment. C\u2019est avec un Sa\u00efdou Sow en pleine forme que le Syli va affronter l\u2019\u00c9thiopie dans la double confrontation d\u00e9cisive les 12 et 25 octobre prochains pour les \u00e9liminatoires de la CAN 2025.<\/p>\n<p><em>Footmercato<\/em><\/p>\n<\/div>\n","protected":false},"excerpt":{"rendered":"<p>STRASBOURG- Depuis le d\u00e9but de saison, Strasbourg est l\u2019une des sensations de Ligue 1. Avec un effectif jeune et talentueux, le club alsacien s\u2019offre plusieurs prestations de haute voltige \u00e0 l\u2019instar de sa victoire la semaine derni\u00e8re contre Marseille (1-0). Dans l\u2019effectif de Liam Rosenior, Sa\u00efdou Sow s\u2019est fait une place de choix. Arriv\u00e9 \u00e0 &hellip;<\/p>\n","protected":false},"author":1,"featured_media":0,"comment_status":"closed","ping_status":"closed","sticky":false,"template":"","format":"standard","meta":{"footnotes":""},"categories":[4],"tags":[],"_links":{"self":[{"href":"https:\/\/de.ambaguinee.org\/index.php?rest_route=\/wp\/v2\/posts\/77342"}],"collection":[{"href":"https:\/\/de.ambaguinee.org\/index.php?rest_route=\/wp\/v2\/posts"}],"about":[{"href":"https:\/\/de.ambaguinee.org\/index.php?rest_route=\/wp\/v2\/types\/post"}],"author":[{"embeddable":true,"href":"https:\/\/de.ambaguinee.org\/index.php?rest_route=\/wp\/v2\/users\/1"}],"replies":[{"embeddable":true,"href":"https:\/\/de.ambaguinee.org\/index.php?rest_route=%2Fwp%2Fv2%2Fcomments&post=77342"}],"version-history":[{"count":0,"href":"https:\/\/de.ambaguinee.org\/index.php?rest_route=\/wp\/v2\/posts\/77342\/revisions"}],"wp:attachment":[{"href":"https:\/\/de.ambaguinee.org\/index.php?rest_route=%2Fwp%2Fv2%2Fmedia&parent=77342"}],"wp:term":[{"taxonomy":"category","embeddable":true,"href":"https:\/\/de.ambaguinee.org\/index.php?rest_route=%2Fwp%2Fv2%2Fcategories&post=77342"},{"taxonomy":"post_tag","embeddable":true,"href":"https:\/\/de.ambaguinee.org\/index.php?rest_route=%2Fwp%2Fv2%2Ftags&post=77342"}],"curies":[{"name":"wp","href":"https:\/\/api.w.org\/{rel}","templated":true}]}}