{"id":77423,"date":"2024-10-08T23:03:42","date_gmt":"2024-10-08T21:03:42","guid":{"rendered":"https:\/\/de.ambaguinee.org\/?p=77423"},"modified":"2024-10-08T23:03:42","modified_gmt":"2024-10-08T21:03:42","slug":"cellou-dalein-sur-son-soutien-au-koudeisme-de-conte-on-navait-pas-fini-avec-la-rebellion","status":"publish","type":"post","link":"https:\/\/de.ambaguinee.org\/?p=77423","title":{"rendered":"Cellou Dalein sur son soutien au koud\u00e9isme de Cont\u00e9 : \u201con n\u2019avait pas fini avec la r\u00e9bellion\u201d"},"content":{"rendered":"<div>\n<div style=\"margin-bottom:20px;\"><img width=\"960\" height=\"640\"src=\"https:\/\/i0.wp.com\/mediaguinee.com\/wp-content\/uploads\/2022\/10\/Cellou-Dalein-Diallo.jpg?w=960&amp;ssl=1\" class=\"attachment-post-thumbnail size-post-thumbnail wp-post-image\" alt=\"\" decoding=\"async\" srcset=\"https:\/\/i0.wp.com\/mediaguinee.com\/wp-content\/uploads\/2022\/10\/Cellou-Dalein-Diallo.jpg?w=960&amp;ssl=1 960w, https:\/\/i0.wp.com\/mediaguinee.com\/wp-content\/uploads\/2022\/10\/Cellou-Dalein-Diallo.jpg?resize=300%2C200&amp;ssl=1 300w, https:\/\/i0.wp.com\/mediaguinee.com\/wp-content\/uploads\/2022\/10\/Cellou-Dalein-Diallo.jpg?resize=768%2C512&amp;ssl=1 768w\" sizes=\"(max-width: 960px) 100vw, 960px\" data-attachment-id=\"204105\" data-permalink=\"https:\/\/mediaguinee.com\/2022\/10\/ecole-diawadou-barry-le-terrain-ne-represente-rien-a-mes-yeux-cellou-dalein-diallo\/cellou-dalein-diallo\/\" data-orig-file=\"https:\/\/i0.wp.com\/mediaguinee.com\/wp-content\/uploads\/2022\/10\/Cellou-Dalein-Diallo.jpg?fit=960%2C640&amp;ssl=1\" data-orig-size=\"960,640\" data-comments-opened=\"1\" data-image-meta='{\"aperture\":\"0\",\"credit\":\"\",\"camera\":\"\",\"caption\":\"\",\"created_timestamp\":\"0\",\"copyright\":\"\",\"focal_length\":\"0\",\"iso\":\"0\",\"shutter_speed\":\"0\",\"title\":\"\",\"orientation\":\"0\"}' data-image-title=\"Cellou Dalein Diallo\" data-image-description=\"\" data-image-caption=\"\" data-medium-file=\"https:\/\/i0.wp.com\/mediaguinee.com\/wp-content\/uploads\/2022\/10\/Cellou-Dalein-Diallo.jpg?fit=300%2C200&amp;ssl=1\" data-large-file=\"https:\/\/i0.wp.com\/mediaguinee.com\/wp-content\/uploads\/2022\/10\/Cellou-Dalein-Diallo.jpg?fit=960%2C640&amp;ssl=1\" tabindex=\"0\" role=\"button\"><\/div>\n<p>Lors de son r\u00e9cent passage en France apr\u00e8s les \u00c9tats-Unis, le pr\u00e9sident de l\u2019UFDG Cellou Dalein Diallo a de nouveau \u00e9voqu\u00e9 son soutien au \u201cKoudeisme\u201d (pouvoir en vie) du g\u00e9n\u00e9ral Lansana Cont\u00e9, 2\u00e8 chef de l\u2019Etat guin\u00e9en.<\/p>\n<p><img decoding=\"async\" data-attachment-id=\"267756\" data-permalink=\"https:\/\/mediaguinee.com\/2024\/10\/cellou-dalein-sur-son-soutien-au-koudeisme-de-conte-on-navait-pas-fini-avec-la-rebellion\/img_5677-2\/\" data-orig-file=\"https:\/\/i0.wp.com\/mediaguinee.com\/wp-content\/uploads\/2024\/10\/IMG_5677.jpeg?fit=228%2C221&amp;ssl=1\" data-orig-size=\"228,221\" data-comments-opened=\"1\" data-image-meta='{\"aperture\":\"0\",\"credit\":\"\",\"camera\":\"\",\"caption\":\"\",\"created_timestamp\":\"0\",\"copyright\":\"\",\"focal_length\":\"0\",\"iso\":\"0\",\"shutter_speed\":\"0\",\"title\":\"\",\"orientation\":\"0\"}' data-image-title=\"IMG_5677\" data-image-description=\"\" data-image-caption=\"\" data-medium-file=\"https:\/\/i0.wp.com\/mediaguinee.com\/wp-content\/uploads\/2024\/10\/IMG_5677.jpeg?fit=228%2C221&amp;ssl=1\" data-large-file=\"https:\/\/i0.wp.com\/mediaguinee.com\/wp-content\/uploads\/2024\/10\/IMG_5677.jpeg?fit=228%2C221&amp;ssl=1\" tabindex=\"0\" role=\"button\" class=\"alignnone wp-image-267756 size-full\"src=\"\" alt=\"\" width=\"228\" height=\"221\" data-recalc-dims=\"1\"><\/p>\n<p>Dans une vid\u00e9o -r\u00e9alis\u00e9e par refletguinee-, l\u2019ancien Premier ministre a avou\u00e9 n\u2019avoir pas combattu la modification de la constitution sous Cont\u00e9.<\/p>\n<div dir=\"auto\" data-removefontsize=\"true\" data-originalcomputedfontsize=\"16\">\u00abAu Gouvernement de Lansana Cont\u00e9, je n\u2019ai pas combattu la modification de la constitution \u00e0 l\u2019\u00e9poque. Il y avait bien s\u00fbr un argument, on venait de sortir de la r\u00e9bellion, on a lib\u00e9r\u00e9 Gu\u00e9ck\u00e9dou qui \u00e9tait occup\u00e9e, For\u00e9cariah, Pamelap \u00e9taient occup\u00e9es, on a eu des agressions fortes, on n\u2019avait pas fini avec la r\u00e9bellion qui \u00e9tait encore \u00e0 nos fronti\u00e8res. On avait estim\u00e9 que le G\u00e9n\u00e9ral Lansana Cont\u00e9 qui \u00e9tait un militaire respect\u00e9 dans l\u2019arm\u00e9e pouvait continuer \u00e0 assurer l\u2019int\u00e9grit\u00e9 du territoire mais \u00e7a ne justifie pas qu\u2019on ne respecte pas le serment mais \u00e0 l\u2019\u00e9poque on l\u2019a fait, je suis d\u2019accord\u00bb, explique M. Diallo, tr\u00e8s critiqu\u00e9 par ses d\u00e9tracteurs pour son r\u00f4le dans la confiscation du pouvoir en novembre 2001.<\/div>\n<div dir=\"auto\" data-removefontsize=\"true\" data-originalcomputedfontsize=\"16\">Lib\u00e9ral et nationaliste dans l\u2019\u00e2me, le g\u00e9n\u00e9ral Lansana Cont\u00e9 dirigea la Guin\u00e9e d\u2019une main de fer pendant 24 ans.<\/div>\n<div dir=\"auto\" data-removefontsize=\"true\" data-originalcomputedfontsize=\"16\"><strong>Noumouk\u00e8 S.<\/strong><\/div>\n<p>L\u2019article <a href=\"https:\/\/mediaguinee.com\/2024\/10\/cellou-dalein-sur-son-soutien-au-koudeisme-de-conte-on-navait-pas-fini-avec-la-rebellion\/\">Cellou Dalein sur son soutien au koud\u00e9isme de Cont\u00e9 : \u201con n\u2019avait pas fini avec la r\u00e9bellion\u201d<\/a> est apparu en premier sur <a href=\"https:\/\/mediaguinee.com\/\">Mediaguinee.com<\/a>.<\/p>\n<\/div>\n","protected":false},"excerpt":{"rendered":"<p>Lors de son r\u00e9cent passage en France apr\u00e8s les \u00c9tats-Unis, le pr\u00e9sident de l\u2019UFDG Cellou Dalein Diallo a de nouveau \u00e9voqu\u00e9 son soutien au \u201cKoudeisme\u201d (pouvoir en vie) du g\u00e9n\u00e9ral Lansana Cont\u00e9, 2\u00e8 chef de l\u2019Etat guin\u00e9en. Dans une vid\u00e9o -r\u00e9alis\u00e9e par refletguinee-, l\u2019ancien Premier ministre a avou\u00e9 n\u2019avoir pas combattu la modification de la &hellip;<\/p>\n","protected":false},"author":1,"featured_media":0,"comment_status":"closed","ping_status":"closed","sticky":false,"template":"","format":"standard","meta":{"footnotes":""},"categories":[2],"tags":[23],"_links":{"self":[{"href":"https:\/\/de.ambaguinee.org\/index.php?rest_route=\/wp\/v2\/posts\/77423"}],"collection":[{"href":"https:\/\/de.ambaguinee.org\/index.php?rest_route=\/wp\/v2\/posts"}],"about":[{"href":"https:\/\/de.ambaguinee.org\/index.php?rest_route=\/wp\/v2\/types\/post"}],"author":[{"embeddable":true,"href":"https:\/\/de.ambaguinee.org\/index.php?rest_route=\/wp\/v2\/users\/1"}],"replies":[{"embeddable":true,"href":"https:\/\/de.ambaguinee.org\/index.php?rest_route=%2Fwp%2Fv2%2Fcomments&post=77423"}],"version-history":[{"count":0,"href":"https:\/\/de.ambaguinee.org\/index.php?rest_route=\/wp\/v2\/posts\/77423\/revisions"}],"wp:attachment":[{"href":"https:\/\/de.ambaguinee.org\/index.php?rest_route=%2Fwp%2Fv2%2Fmedia&parent=77423"}],"wp:term":[{"taxonomy":"category","embeddable":true,"href":"https:\/\/de.ambaguinee.org\/index.php?rest_route=%2Fwp%2Fv2%2Fcategories&post=77423"},{"taxonomy":"post_tag","embeddable":true,"href":"https:\/\/de.ambaguinee.org\/index.php?rest_route=%2Fwp%2Fv2%2Ftags&post=77423"}],"curies":[{"name":"wp","href":"https:\/\/api.w.org\/{rel}","templated":true}]}}