{"id":77427,"date":"2024-10-08T23:03:47","date_gmt":"2024-10-08T21:03:47","guid":{"rendered":"https:\/\/de.ambaguinee.org\/?p=77427"},"modified":"2024-10-08T23:03:47","modified_gmt":"2024-10-08T21:03:47","slug":"syli-debut-du-rassemblement-premiere-seance-a-abidjan","status":"publish","type":"post","link":"https:\/\/de.ambaguinee.org\/?p=77427","title":{"rendered":"Syli : d\u00e9but du rassemblement, premi\u00e8re s\u00e9ance \u00e0 Abidjan"},"content":{"rendered":"<div>\n<p><strong>ABIDJAN- Le rassemblement du Syli National de Guin\u00e9e a d\u00e9marr\u00e9 depuis lundi dans la capitale Ivoirienne o\u00f9 l\u2019\u00e9quipe jouera les journ\u00e9es 3 et 4 des \u00e9liminatoires de la CAN 2025 contre l\u2019\u00c9thiopie. Les premiers joueurs \u00e0 d\u00e9barquer au QG du Syli sont les gardiens Ousmane Camara, Moussa Camara et Mory Keita<\/strong>. <\/p>\n<p>Cet apr\u00e8s-midi, l\u2019\u00e9quipe, pas encore au grand complet, a effectu\u00e9 sa premi\u00e8re s\u00e9ance d\u2019entra\u00eenement. \u00c9taient notamment pr\u00e9sents Fran\u00e7ois Kamano, Moussa Camara, Mory Keita, Ousmane Camara, Aliou Badara Bald\u00e9, S\u00e9kou Oumar Sylla, Seydouba Ciss\u00e9. Mady Camara, Saidou Sow et Cheick Oumar Cond\u00e9 ont aussi rejoint l\u2019\u00e9quipe dans la soir\u00e9e. Les autres joueurs convoqu\u00e9s sont attendus dans les prochaines heures.<\/p>\n<p>Avec z\u00e9ro point apr\u00e8s deux journ\u00e9es disput\u00e9es, la Guin\u00e9e est dos au mur d\u00e9j\u00e0 et devra gagner cette double confrontation contre l\u2019\u00c9thiopie pour ne pas rater la prochaine CAN au Maroc. Le Syli et son nouveau s\u00e9lectionneur Michel Dussuyer savent d\u00e9j\u00e0 qu\u2019ils sont d\u00e9j\u00e0 sous une forte pression et n\u2019ont plus droit \u00e0 un faux-pas. <\/p>\n<figure class=\"wp-block-image size-large\"><img fetchpriority=\"high\" decoding=\"async\" width=\"1024\" height=\"576\"src=\"https:\/\/de.ambaguinee.org\/wp-content\/uploads\/2024\/10\/FB_IMG_1728343639294.jpg\" alt=\"\" class=\"wp-image-53192\" srcset=\"https:\/\/usercontent.one\/wp\/guineefoot.info\/wp-content\/uploads\/2024\/10\/FB_IMG_1728343639294-1024x576.jpg 1024w, https:\/\/usercontent.one\/wp\/guineefoot.info\/wp-content\/uploads\/2024\/10\/FB_IMG_1728343639294-300x169.jpg 300w, https:\/\/usercontent.one\/wp\/guineefoot.info\/wp-content\/uploads\/2024\/10\/FB_IMG_1728343639294-768x432.jpg 768w, https:\/\/usercontent.one\/wp\/guineefoot.info\/wp-content\/uploads\/2024\/10\/FB_IMG_1728343639294-600x338.jpg 600w, https:\/\/de.ambaguinee.org\/wp-content\/uploads\/2024\/10\/FB_IMG_1728343639294.jpg 1080w\" sizes=\"(max-width: 1024px) 100vw, 1024px\"><\/figure>\n<p><strong>Mohamed LAMINE TOUR\u00c9 <\/strong><\/p>\n<\/div>\n","protected":false},"excerpt":{"rendered":"<p>ABIDJAN- Le rassemblement du Syli National de Guin\u00e9e a d\u00e9marr\u00e9 depuis lundi dans la capitale Ivoirienne o\u00f9 l\u2019\u00e9quipe jouera les journ\u00e9es 3 et 4 des \u00e9liminatoires de la CAN 2025 contre l\u2019\u00c9thiopie. Les premiers joueurs \u00e0 d\u00e9barquer au QG du Syli sont les gardiens Ousmane Camara, Moussa Camara et Mory Keita. Cet apr\u00e8s-midi, l\u2019\u00e9quipe, pas &hellip;<\/p>\n","protected":false},"author":1,"featured_media":77428,"comment_status":"closed","ping_status":"closed","sticky":false,"template":"","format":"standard","meta":{"footnotes":""},"categories":[4],"tags":[],"_links":{"self":[{"href":"https:\/\/de.ambaguinee.org\/index.php?rest_route=\/wp\/v2\/posts\/77427"}],"collection":[{"href":"https:\/\/de.ambaguinee.org\/index.php?rest_route=\/wp\/v2\/posts"}],"about":[{"href":"https:\/\/de.ambaguinee.org\/index.php?rest_route=\/wp\/v2\/types\/post"}],"author":[{"embeddable":true,"href":"https:\/\/de.ambaguinee.org\/index.php?rest_route=\/wp\/v2\/users\/1"}],"replies":[{"embeddable":true,"href":"https:\/\/de.ambaguinee.org\/index.php?rest_route=%2Fwp%2Fv2%2Fcomments&post=77427"}],"version-history":[{"count":0,"href":"https:\/\/de.ambaguinee.org\/index.php?rest_route=\/wp\/v2\/posts\/77427\/revisions"}],"wp:featuredmedia":[{"embeddable":true,"href":"https:\/\/de.ambaguinee.org\/index.php?rest_route=\/wp\/v2\/media\/77428"}],"wp:attachment":[{"href":"https:\/\/de.ambaguinee.org\/index.php?rest_route=%2Fwp%2Fv2%2Fmedia&parent=77427"}],"wp:term":[{"taxonomy":"category","embeddable":true,"href":"https:\/\/de.ambaguinee.org\/index.php?rest_route=%2Fwp%2Fv2%2Fcategories&post=77427"},{"taxonomy":"post_tag","embeddable":true,"href":"https:\/\/de.ambaguinee.org\/index.php?rest_route=%2Fwp%2Fv2%2Ftags&post=77427"}],"curies":[{"name":"wp","href":"https:\/\/api.w.org\/{rel}","templated":true}]}}