{"id":77512,"date":"2024-10-09T23:04:54","date_gmt":"2024-10-09T21:04:54","guid":{"rendered":"https:\/\/de.ambaguinee.org\/?p=77512"},"modified":"2024-10-09T23:04:54","modified_gmt":"2024-10-09T21:04:54","slug":"le-gouvernement-camerounais-rassure-sur-letat-de-sante-de-paul-biya","status":"publish","type":"post","link":"https:\/\/de.ambaguinee.org\/?p=77512","title":{"rendered":"Le gouvernement camerounais rassure sur l\u2019\u00e9tat de sant\u00e9 de Paul Biya"},"content":{"rendered":"<div>\n<div style=\"margin-bottom:20px;\"><img width=\"1023\" height=\"575\"src=\"https:\/\/i0.wp.com\/mediaguinee.com\/wp-content\/uploads\/2024\/10\/1f5fb950-ada9-49e5-aa72-792591e4cf94_cx0_cy5_cw0_w1023_r1_s.jpg?w=1023&amp;ssl=1\" class=\"attachment-post-thumbnail size-post-thumbnail wp-post-image\" alt=\"\" decoding=\"async\" srcset=\"https:\/\/i0.wp.com\/mediaguinee.com\/wp-content\/uploads\/2024\/10\/1f5fb950-ada9-49e5-aa72-792591e4cf94_cx0_cy5_cw0_w1023_r1_s.jpg?w=1023&amp;ssl=1 1023w, https:\/\/i0.wp.com\/mediaguinee.com\/wp-content\/uploads\/2024\/10\/1f5fb950-ada9-49e5-aa72-792591e4cf94_cx0_cy5_cw0_w1023_r1_s.jpg?resize=300%2C169&amp;ssl=1 300w, https:\/\/i0.wp.com\/mediaguinee.com\/wp-content\/uploads\/2024\/10\/1f5fb950-ada9-49e5-aa72-792591e4cf94_cx0_cy5_cw0_w1023_r1_s.jpg?resize=768%2C432&amp;ssl=1 768w\" sizes=\"(max-width: 1023px) 100vw, 1023px\" data-attachment-id=\"267839\" data-permalink=\"https:\/\/mediaguinee.com\/2024\/10\/le-gouvernement-camerounais-rassure-sur-letat-de-sante-de-paul-biya\/1f5fb950-ada9-49e5-aa72-792591e4cf94_cx0_cy5_cw0_w1023_r1_s\/\" data-orig-file=\"https:\/\/i0.wp.com\/mediaguinee.com\/wp-content\/uploads\/2024\/10\/1f5fb950-ada9-49e5-aa72-792591e4cf94_cx0_cy5_cw0_w1023_r1_s.jpg?fit=1023%2C575&amp;ssl=1\" data-orig-size=\"1023,575\" data-comments-opened=\"1\" data-image-meta='{\"aperture\":\"0\",\"credit\":\"\",\"camera\":\"\",\"caption\":\"\",\"created_timestamp\":\"0\",\"copyright\":\"\",\"focal_length\":\"0\",\"iso\":\"0\",\"shutter_speed\":\"0\",\"title\":\"\",\"orientation\":\"0\"}' data-image-title=\"1f5fb950-ada9-49e5-aa72-792591e4cf94_cx0_cy5_cw0_w1023_r1_s\" data-image-description=\"\" data-image-caption=\"\" data-medium-file=\"https:\/\/i0.wp.com\/mediaguinee.com\/wp-content\/uploads\/2024\/10\/1f5fb950-ada9-49e5-aa72-792591e4cf94_cx0_cy5_cw0_w1023_r1_s.jpg?fit=300%2C169&amp;ssl=1\" data-large-file=\"https:\/\/i0.wp.com\/mediaguinee.com\/wp-content\/uploads\/2024\/10\/1f5fb950-ada9-49e5-aa72-792591e4cf94_cx0_cy5_cw0_w1023_r1_s.jpg?fit=1023%2C575&amp;ssl=1\" tabindex=\"0\" role=\"button\"><\/div>\n<p>Apr\u00e8s une s\u00e9rie de rumeurs sur l\u2019\u00e9tat de sant\u00e9 du pr\u00e9sident Paul Biya, le gouvernement camerounais d\u00e9nonce des \u00ab\u00a0commentaires tendancieux\u00a0\u00bb et assure dans un communiqu\u00e9 que le chef de l\u2019Etat qui \u00ab\u00a0se porte bien rejoindra le Cameroun dans les prochains jours\u00a0\u00bb.<\/p>\n<p>\u00ab\u00a0Le gouvernement de la R\u00e9publique affirme sans ambages\u00a0\u00bb que les rumeurs qui circulent sur les r\u00e9seaux sociaux et dans les m\u00e9dias sur l\u2019\u00e9tat du pr\u00e9sident \u00ab\u00a0rel\u00e8vent du fantasme et de la pure imagination de leurs auteurs\u00a0\u00bb. \u00ab\u00a0Au demeurant le chef de l\u2019Etat se porte bien et rejoindra le Cameroun dans les tout prochains jours\u00a0\u00bb, poursuit le communiqu\u00e9 sign\u00e9 par le porte-parole du gouvernement.<\/p>\n<p>Dans un communiqu\u00e9, la pr\u00e9sidence a \u00e9galement rassur\u00e9 sur\u00a0\u00ab\u00a0l\u2019excellent \u00e9tat de sant\u00e9 du Chef de l\u2019Etat qui travaille et vaque \u00e0 ses occupations \u00e0 Gen\u00e8ve d\u2019o\u00f9 il n\u2019est jamais parti depuis son arriv\u00e9e en provenance de P\u00e9kin.\u00a0\u00bb<\/p>\n<p>Ces derniers jours, les questions s\u2019\u00e9taient multipli\u00e9es sur son absence de la sc\u00e8ne publique depuis son d\u00e9part de P\u00e9kin d\u00e9but septembre, apr\u00e8s le sommet du forum de la coop\u00e9ration Chine-Afrique (FOCAC). Le chef de l\u2019Etat n\u2019a pas particip\u00e9 \u00e0 la derni\u00e8re Assembl\u00e9e g\u00e9n\u00e9rale de l\u2019ONU \u00e0 New York, ni au dernier sommet de la Francophonie, \u00e0 Paris.<\/p>\n<p>La semaine derni\u00e8re, Christian Ntimbane, avocat et candidat d\u00e9clar\u00e9 \u00e0 la pr\u00e9sidentielle de 2025, avait interpell\u00e9 le ministre directeur de cabinet civil du pr\u00e9sident dans une lettre ouverte, en demandant des explications officielles sur sa\u00a0\u00ab\u00a0situation spatiale\u00a0\u00bb et sur \u00ab\u00a0les motifs de son absence prolong\u00e9e\u00a0\u00bb<\/p>\n<p>A 91 ans, Paul Biya est le plus vieux dirigeant \u00e9lu en exercice. Il dirige sans partage le Cameroun depuis plus de 41 ans.<\/p>\n<p>AFP<\/p>\n<p>\u00a0<\/p>\n<p>\u00a0<\/p>\n<p>\u00a0<\/p>\n<p>\u00a0<\/p>\n<p>L\u2019article <a href=\"https:\/\/mediaguinee.com\/2024\/10\/le-gouvernement-camerounais-rassure-sur-letat-de-sante-de-paul-biya\/\">Le gouvernement camerounais rassure sur l\u2019\u00e9tat de sant\u00e9 de Paul Biya<\/a> est apparu en premier sur <a href=\"https:\/\/mediaguinee.com\/\">Mediaguinee.com<\/a>.<\/p>\n<\/div>\n","protected":false},"excerpt":{"rendered":"<p>Apr\u00e8s une s\u00e9rie de rumeurs sur l\u2019\u00e9tat de sant\u00e9 du pr\u00e9sident Paul Biya, le gouvernement camerounais d\u00e9nonce des \u00ab\u00a0commentaires tendancieux\u00a0\u00bb et assure dans un communiqu\u00e9 que le chef de l\u2019Etat qui \u00ab\u00a0se porte bien rejoindra le Cameroun dans les prochains jours\u00a0\u00bb. \u00ab\u00a0Le gouvernement de la R\u00e9publique affirme sans ambages\u00a0\u00bb que les rumeurs qui circulent sur &hellip;<\/p>\n","protected":false},"author":1,"featured_media":0,"comment_status":"closed","ping_status":"closed","sticky":false,"template":"","format":"standard","meta":{"footnotes":""},"categories":[2],"tags":[23],"_links":{"self":[{"href":"https:\/\/de.ambaguinee.org\/index.php?rest_route=\/wp\/v2\/posts\/77512"}],"collection":[{"href":"https:\/\/de.ambaguinee.org\/index.php?rest_route=\/wp\/v2\/posts"}],"about":[{"href":"https:\/\/de.ambaguinee.org\/index.php?rest_route=\/wp\/v2\/types\/post"}],"author":[{"embeddable":true,"href":"https:\/\/de.ambaguinee.org\/index.php?rest_route=\/wp\/v2\/users\/1"}],"replies":[{"embeddable":true,"href":"https:\/\/de.ambaguinee.org\/index.php?rest_route=%2Fwp%2Fv2%2Fcomments&post=77512"}],"version-history":[{"count":0,"href":"https:\/\/de.ambaguinee.org\/index.php?rest_route=\/wp\/v2\/posts\/77512\/revisions"}],"wp:attachment":[{"href":"https:\/\/de.ambaguinee.org\/index.php?rest_route=%2Fwp%2Fv2%2Fmedia&parent=77512"}],"wp:term":[{"taxonomy":"category","embeddable":true,"href":"https:\/\/de.ambaguinee.org\/index.php?rest_route=%2Fwp%2Fv2%2Fcategories&post=77512"},{"taxonomy":"post_tag","embeddable":true,"href":"https:\/\/de.ambaguinee.org\/index.php?rest_route=%2Fwp%2Fv2%2Ftags&post=77512"}],"curies":[{"name":"wp","href":"https:\/\/api.w.org\/{rel}","templated":true}]}}