{"id":77667,"date":"2024-10-11T23:03:14","date_gmt":"2024-10-11T21:03:14","guid":{"rendered":"https:\/\/de.ambaguinee.org\/?p=77667"},"modified":"2024-10-11T23:03:14","modified_gmt":"2024-10-11T21:03:14","slug":"le-gouvernement-camerounais-interdit-tout-debat-sur-la-sante-du-president-biya","status":"publish","type":"post","link":"https:\/\/de.ambaguinee.org\/?p=77667","title":{"rendered":"Le gouvernement camerounais interdit tout d\u00e9bat sur la sant\u00e9 du pr\u00e9sident Biya"},"content":{"rendered":"<div>\n<div style=\"margin-bottom:20px;\"><img width=\"1023\" height=\"575\"src=\"https:\/\/i0.wp.com\/mediaguinee.com\/wp-content\/uploads\/2024\/10\/1f5fb950-ada9-49e5-aa72-792591e4cf94_cx0_cy5_cw0_w1023_r1_s.jpg?w=1023&amp;ssl=1\" class=\"attachment-post-thumbnail size-post-thumbnail wp-post-image\" alt=\"\" decoding=\"async\" srcset=\"https:\/\/i0.wp.com\/mediaguinee.com\/wp-content\/uploads\/2024\/10\/1f5fb950-ada9-49e5-aa72-792591e4cf94_cx0_cy5_cw0_w1023_r1_s.jpg?w=1023&amp;ssl=1 1023w, https:\/\/i0.wp.com\/mediaguinee.com\/wp-content\/uploads\/2024\/10\/1f5fb950-ada9-49e5-aa72-792591e4cf94_cx0_cy5_cw0_w1023_r1_s.jpg?resize=300%2C169&amp;ssl=1 300w, https:\/\/i0.wp.com\/mediaguinee.com\/wp-content\/uploads\/2024\/10\/1f5fb950-ada9-49e5-aa72-792591e4cf94_cx0_cy5_cw0_w1023_r1_s.jpg?resize=768%2C432&amp;ssl=1 768w\" sizes=\"(max-width: 1023px) 100vw, 1023px\" data-attachment-id=\"267839\" data-permalink=\"https:\/\/mediaguinee.com\/2024\/10\/le-gouvernement-camerounais-rassure-sur-letat-de-sante-de-paul-biya\/1f5fb950-ada9-49e5-aa72-792591e4cf94_cx0_cy5_cw0_w1023_r1_s\/\" data-orig-file=\"https:\/\/i0.wp.com\/mediaguinee.com\/wp-content\/uploads\/2024\/10\/1f5fb950-ada9-49e5-aa72-792591e4cf94_cx0_cy5_cw0_w1023_r1_s.jpg?fit=1023%2C575&amp;ssl=1\" data-orig-size=\"1023,575\" data-comments-opened=\"1\" data-image-meta='{\"aperture\":\"0\",\"credit\":\"\",\"camera\":\"\",\"caption\":\"\",\"created_timestamp\":\"0\",\"copyright\":\"\",\"focal_length\":\"0\",\"iso\":\"0\",\"shutter_speed\":\"0\",\"title\":\"\",\"orientation\":\"0\"}' data-image-title=\"1f5fb950-ada9-49e5-aa72-792591e4cf94_cx0_cy5_cw0_w1023_r1_s\" data-image-description=\"\" data-image-caption=\"\" data-medium-file=\"https:\/\/i0.wp.com\/mediaguinee.com\/wp-content\/uploads\/2024\/10\/1f5fb950-ada9-49e5-aa72-792591e4cf94_cx0_cy5_cw0_w1023_r1_s.jpg?fit=300%2C169&amp;ssl=1\" data-large-file=\"https:\/\/i0.wp.com\/mediaguinee.com\/wp-content\/uploads\/2024\/10\/1f5fb950-ada9-49e5-aa72-792591e4cf94_cx0_cy5_cw0_w1023_r1_s.jpg?fit=1023%2C575&amp;ssl=1\" tabindex=\"0\" role=\"button\"><\/div>\n<div class=\"intro intro--bold\">\n<p>Apr\u00e8s avoir vigoureusement d\u00e9menti des rumeurs alarmantes sur l\u2019\u00e9tat du pr\u00e9sident Paul Biya, les autorit\u00e9s camerounaises ont \u00ab\u00a0formellement interdit\u00a0\u00bb aux m\u00e9dias d\u2019\u00e9voquer sa sant\u00e9, dans une note minist\u00e9rielle adress\u00e9e aux gouverneurs r\u00e9gionaux dont l\u2019AFP a eu copie jeudi.<\/p>\n<\/div>\n<div id=\"article-content\" class=\"content-floated-wrap fb-quotable\">\n<div class=\"wsw\">\n<p><em>\u00ab\u00a0Le chef de l\u2019Etat est la premi\u00e8re institution de la R\u00e9publique et les d\u00e9bats sur son \u00e9tat rel\u00e8vent du domaine de la s\u00e9curit\u00e9 nationale\u00a0\u00bb<\/em>, stipule la note sign\u00e9e par Paul Atanga Nji, le ministre de l\u2019administration territoriale.\u00a0<em>\u00ab\u00a0Tout d\u00e9bat dans les m\u00e9dias sur l\u2019\u00e9tat du pr\u00e9sident de la R\u00e9publique est par cons\u00e9quent formellement interdit\u00a0\u00bb<\/em>\u00a0et\u00a0<em>\u00ab\u00a0les contrevenants devront faire face \u00e0 la rigueur de la loi\u00a0\u00bb<\/em>, poursuit cette note interne en date du 9 octobre, tamponn\u00e9e d\u2019une mention rouge\u00a0<em>\u00ab\u00a0tr\u00e8s urgent\u00a0\u00bb.<\/em><\/p>\n<p>Le courrier ordonne \u00e0 chaque gouverneur de cr\u00e9er\u00a0<em>\u00ab\u00a0des cellules de veille charg\u00e9es de suivre et d\u2019enregistrer toutes les \u00e9missions et d\u00e9bats dans les m\u00e9dias priv\u00e9s et d\u2019identifier les auteurs de commentaires tendancieux, y compris ceux qui agissent \u00e0 travers les r\u00e9seaux sociaux\u00a0\u00bb.<\/em><\/p>\n<p>Le chef de l\u2019Etat n\u2019a fait aucune apparition publique depuis d\u00e9but septembre. Pr\u00e9sent au sommet du forum de la coop\u00e9ration Chine-Afrique (FOCAC), le chef de l\u2019Etat \u00e2g\u00e9 de 91 ans n\u2019a pas particip\u00e9 \u00e0 la derni\u00e8re Assembl\u00e9e g\u00e9n\u00e9rale de l\u2019ONU \u00e0 New York, ni au dernier sommet de la Francophonie, \u00e0 Paris.<\/p>\n<p>A 91 ans, Paul Biya est le plus vieux dirigeant \u00e9lu en exercice. Il dirige le Cameroun depuis plus de 41 ans. La pr\u00e9sidence a publi\u00e9 mardi un communiqu\u00e9 rassurant sur son\u00a0<em>\u00ab\u00a0excellent \u00e9tat de sant\u00e9\u00a0\u00bb<\/em>. Il\u00a0<em>\u00ab\u00a0travaille et vaque \u00e0 ses occupations \u00e0 Gen\u00e8ve\u00a0\u00bb<\/em>, selon la pr\u00e9sidence, il\u00a0<em>\u00ab\u00a0se porte bien et rejoindra le Cameroun dans les prochains jours\u00a0\u00bb<\/em>, selon le porte-parole du gouvernement.<\/p>\n<p>AFP<\/p>\n<\/div>\n<\/div>\n<p>L\u2019article <a href=\"https:\/\/mediaguinee.com\/2024\/10\/le-gouvernement-camerounais-interdit-tout-debat-sur-la-sante-du-president-biya\/\">Le gouvernement camerounais interdit tout d\u00e9bat sur la sant\u00e9 du pr\u00e9sident Biya<\/a> est apparu en premier sur <a href=\"https:\/\/mediaguinee.com\/\">Mediaguinee.com<\/a>.<\/p>\n<\/div>\n","protected":false},"excerpt":{"rendered":"<p>Apr\u00e8s avoir vigoureusement d\u00e9menti des rumeurs alarmantes sur l\u2019\u00e9tat du pr\u00e9sident Paul Biya, les autorit\u00e9s camerounaises ont \u00ab\u00a0formellement interdit\u00a0\u00bb aux m\u00e9dias d\u2019\u00e9voquer sa sant\u00e9, dans une note minist\u00e9rielle adress\u00e9e aux gouverneurs r\u00e9gionaux dont l\u2019AFP a eu copie jeudi. \u00ab\u00a0Le chef de l\u2019Etat est la premi\u00e8re institution de la R\u00e9publique et les d\u00e9bats sur son \u00e9tat &hellip;<\/p>\n","protected":false},"author":1,"featured_media":0,"comment_status":"closed","ping_status":"closed","sticky":false,"template":"","format":"standard","meta":{"footnotes":""},"categories":[2],"tags":[23],"_links":{"self":[{"href":"https:\/\/de.ambaguinee.org\/index.php?rest_route=\/wp\/v2\/posts\/77667"}],"collection":[{"href":"https:\/\/de.ambaguinee.org\/index.php?rest_route=\/wp\/v2\/posts"}],"about":[{"href":"https:\/\/de.ambaguinee.org\/index.php?rest_route=\/wp\/v2\/types\/post"}],"author":[{"embeddable":true,"href":"https:\/\/de.ambaguinee.org\/index.php?rest_route=\/wp\/v2\/users\/1"}],"replies":[{"embeddable":true,"href":"https:\/\/de.ambaguinee.org\/index.php?rest_route=%2Fwp%2Fv2%2Fcomments&post=77667"}],"version-history":[{"count":0,"href":"https:\/\/de.ambaguinee.org\/index.php?rest_route=\/wp\/v2\/posts\/77667\/revisions"}],"wp:attachment":[{"href":"https:\/\/de.ambaguinee.org\/index.php?rest_route=%2Fwp%2Fv2%2Fmedia&parent=77667"}],"wp:term":[{"taxonomy":"category","embeddable":true,"href":"https:\/\/de.ambaguinee.org\/index.php?rest_route=%2Fwp%2Fv2%2Fcategories&post=77667"},{"taxonomy":"post_tag","embeddable":true,"href":"https:\/\/de.ambaguinee.org\/index.php?rest_route=%2Fwp%2Fv2%2Ftags&post=77667"}],"curies":[{"name":"wp","href":"https:\/\/api.w.org\/{rel}","templated":true}]}}