{"id":77815,"date":"2024-10-13T23:05:54","date_gmt":"2024-10-13T21:05:54","guid":{"rendered":"https:\/\/de.ambaguinee.org\/?p=77815"},"modified":"2024-10-13T23:05:54","modified_gmt":"2024-10-13T21:05:54","slug":"manif-a-kankan-les-jeunes-toujours-dans-la-rue-malgre-lintervention-du-gouverneur","status":"publish","type":"post","link":"https:\/\/de.ambaguinee.org\/?p=77815","title":{"rendered":"Manif \u00e0 Kankan\u00a0: les jeunes toujours dans la rue malgr\u00e9 l\u2019intervention du gouverneur"},"content":{"rendered":"<div>\n<div style=\"margin-bottom:20px;\"><img width=\"545\" height=\"409\"src=\"https:\/\/i0.wp.com\/mediaguinee.com\/wp-content\/uploads\/2024\/10\/received_1442458129780343.jpeg?w=545&amp;ssl=1\" class=\"attachment-post-thumbnail size-post-thumbnail wp-post-image\" alt=\"\" decoding=\"async\" srcset=\"https:\/\/i0.wp.com\/mediaguinee.com\/wp-content\/uploads\/2024\/10\/received_1442458129780343.jpeg?w=545&amp;ssl=1 545w, https:\/\/i0.wp.com\/mediaguinee.com\/wp-content\/uploads\/2024\/10\/received_1442458129780343.jpeg?resize=300%2C225&amp;ssl=1 300w, https:\/\/i0.wp.com\/mediaguinee.com\/wp-content\/uploads\/2024\/10\/received_1442458129780343.jpeg?resize=86%2C64&amp;ssl=1 86w\" sizes=\"(max-width: 545px) 100vw, 545px\" data-attachment-id=\"268025\" data-permalink=\"https:\/\/mediaguinee.com\/2024\/10\/kankan-retour-aux-vieilles-habitudes-les-jeunes-dans-la-rue-contre-le-manque-de-courant\/received_1442458129780343\/\" data-orig-file=\"https:\/\/i0.wp.com\/mediaguinee.com\/wp-content\/uploads\/2024\/10\/received_1442458129780343.jpeg?fit=545%2C409&amp;ssl=1\" data-orig-size=\"545,409\" data-comments-opened=\"1\" data-image-meta='{\"aperture\":\"0\",\"credit\":\"\",\"camera\":\"\",\"caption\":\"\",\"created_timestamp\":\"0\",\"copyright\":\"\",\"focal_length\":\"0\",\"iso\":\"0\",\"shutter_speed\":\"0\",\"title\":\"\",\"orientation\":\"0\"}' data-image-title=\"received_1442458129780343\" data-image-description=\"\" data-image-caption=\"\" data-medium-file=\"https:\/\/i0.wp.com\/mediaguinee.com\/wp-content\/uploads\/2024\/10\/received_1442458129780343.jpeg?fit=300%2C225&amp;ssl=1\" data-large-file=\"https:\/\/i0.wp.com\/mediaguinee.com\/wp-content\/uploads\/2024\/10\/received_1442458129780343.jpeg?fit=545%2C409&amp;ssl=1\" tabindex=\"0\" role=\"button\"><\/div>\n<p>Comme annonc\u00e9 dans un de nos pr\u00e9c\u00e9dents articles, les jeunes des quartiers H\u00e8r\u00e8makonon 1 et 2 dans la commune urbaine de Kankan ont pris d\u2019assaut les rues de leur quartier ce dimanche pour exprimer leur col\u00e8re contre le manque de courant auquel ils sont confront\u00e9s depuis pr\u00e8s de deux mois, selon eux.<\/p>\n<p>Tout a commenc\u00e9 ce matin quand des agents d\u2019EDG ont \u00e9t\u00e9 aper\u00e7us dans le quartier en train de faire des travaux sur un poteau \u00e9lectrique, les jeunes visiblement frustr\u00e9s par les d\u00e9lestages les ont chass\u00e9 \u00e0 coup de pierre et ont \u00e9rig\u00e9s des barricades sur les routes, paralysant ainsi la circulation. Munis de b\u00e2tons et de pierres, ils scandaient des slogans hostiles comme \u00ab\u00a0EDG Z\u00e9ro\u00a0\u00bb.<\/p>\n<p>Ces jeunes jugent inacceptable le fait qu\u2019ils soient dans le m\u00eame quartier que Hadja Mandjoula Sylla la maman du pr\u00e9sident Mamadi Doumbouya, et qu\u2019ils soient dans le noir alors que celle-ci jouit de l\u2019\u00e9lectricit\u00e9 24h\/24.<\/p>\n<p>Inform\u00e9s de la grogne, les agents de la gendarmerie n\u2019ont pas tard\u00e9 \u00e0 intervenir pour apaiser les tensions sans succ\u00e8s, leur intervention a plut\u00f4t vir\u00e9 en affrontement \u00e0 coup de pierre et de gaz lacrymog\u00e8ne entre eux et les jeunes manifestants.<\/p>\n<p>Le gouverneur de la r\u00e9gion Colonel Moussa Cond\u00e9 accompagn\u00e9 de l\u2019inspecteur r\u00e9gional de la jeunesse et des sport se sont rendus sur le terrain pour tenter de dissuader les jeunes, mais ceux-ci ne voulaient rien entendre.<\/p>\n<p>Au moment o\u00f9 nous quittions les lieux de manifestation, la tension \u00e9tait encore vive entre manifestants et forces de l\u2019ordre. Les jets de pierres et de gaz lacrymog\u00e8ne continuaient de plus belle.<\/p>\n<p>Ahmed S\u00e9kou Nab\u00e9, correspondant \u00e0 Kankan<\/p>\n<p>\u00a0<\/p>\n<p>L\u2019article <a href=\"https:\/\/mediaguinee.com\/2024\/10\/manif-a-kankan-les-jeunes-toujours-dans-la-rue-malgre-lintervention-du-gouverneur\/\">Manif \u00e0 Kankan\u00a0: les jeunes toujours dans la rue malgr\u00e9 l\u2019intervention du gouverneur<\/a> est apparu en premier sur <a href=\"https:\/\/mediaguinee.com\/\">Mediaguinee.com<\/a>.<\/p>\n<\/div>\n","protected":false},"excerpt":{"rendered":"<p>Comme annonc\u00e9 dans un de nos pr\u00e9c\u00e9dents articles, les jeunes des quartiers H\u00e8r\u00e8makonon 1 et 2 dans la commune urbaine de Kankan ont pris d\u2019assaut les rues de leur quartier ce dimanche pour exprimer leur col\u00e8re contre le manque de courant auquel ils sont confront\u00e9s depuis pr\u00e8s de deux mois, selon eux. Tout a commenc\u00e9 &hellip;<\/p>\n","protected":false},"author":1,"featured_media":0,"comment_status":"closed","ping_status":"closed","sticky":false,"template":"","format":"standard","meta":{"footnotes":""},"categories":[2],"tags":[23],"_links":{"self":[{"href":"https:\/\/de.ambaguinee.org\/index.php?rest_route=\/wp\/v2\/posts\/77815"}],"collection":[{"href":"https:\/\/de.ambaguinee.org\/index.php?rest_route=\/wp\/v2\/posts"}],"about":[{"href":"https:\/\/de.ambaguinee.org\/index.php?rest_route=\/wp\/v2\/types\/post"}],"author":[{"embeddable":true,"href":"https:\/\/de.ambaguinee.org\/index.php?rest_route=\/wp\/v2\/users\/1"}],"replies":[{"embeddable":true,"href":"https:\/\/de.ambaguinee.org\/index.php?rest_route=%2Fwp%2Fv2%2Fcomments&post=77815"}],"version-history":[{"count":0,"href":"https:\/\/de.ambaguinee.org\/index.php?rest_route=\/wp\/v2\/posts\/77815\/revisions"}],"wp:attachment":[{"href":"https:\/\/de.ambaguinee.org\/index.php?rest_route=%2Fwp%2Fv2%2Fmedia&parent=77815"}],"wp:term":[{"taxonomy":"category","embeddable":true,"href":"https:\/\/de.ambaguinee.org\/index.php?rest_route=%2Fwp%2Fv2%2Fcategories&post=77815"},{"taxonomy":"post_tag","embeddable":true,"href":"https:\/\/de.ambaguinee.org\/index.php?rest_route=%2Fwp%2Fv2%2Ftags&post=77815"}],"curies":[{"name":"wp","href":"https:\/\/api.w.org\/{rel}","templated":true}]}}