{"id":77925,"date":"2024-10-14T23:01:40","date_gmt":"2024-10-14T21:01:40","guid":{"rendered":"https:\/\/de.ambaguinee.org\/?p=77925"},"modified":"2024-10-14T23:01:40","modified_gmt":"2024-10-14T21:01:40","slug":"lex-ministre-mamadi-camara-a-la-barre-le-ministre-des-finances-ne-gere-pas-directement-le-budget-du-departement","status":"publish","type":"post","link":"https:\/\/de.ambaguinee.org\/?p=77925","title":{"rendered":"L\u2019ex-ministre Mamadi Camara \u00e0 la barre : \u00ab\u00a0le ministre des Finances ne g\u00e8re pas directement le budget du d\u00e9partement\u00a0\u00bb"},"content":{"rendered":"<div>\n<div style=\"margin-bottom:20px;\"><img width=\"1080\" height=\"810\"src=\"https:\/\/i0.wp.com\/mediaguinee.com\/wp-content\/uploads\/2024\/10\/IMG-20231204-WA0077-rotated-1.jpg?w=1080&amp;ssl=1\" class=\"attachment-post-thumbnail size-post-thumbnail wp-post-image\" alt=\"\" decoding=\"async\" srcset=\"https:\/\/i0.wp.com\/mediaguinee.com\/wp-content\/uploads\/2024\/10\/IMG-20231204-WA0077-rotated-1.jpg?w=1080&amp;ssl=1 1080w, https:\/\/i0.wp.com\/mediaguinee.com\/wp-content\/uploads\/2024\/10\/IMG-20231204-WA0077-rotated-1.jpg?resize=300%2C225&amp;ssl=1 300w, https:\/\/i0.wp.com\/mediaguinee.com\/wp-content\/uploads\/2024\/10\/IMG-20231204-WA0077-rotated-1.jpg?resize=1024%2C768&amp;ssl=1 1024w, https:\/\/i0.wp.com\/mediaguinee.com\/wp-content\/uploads\/2024\/10\/IMG-20231204-WA0077-rotated-1.jpg?resize=768%2C576&amp;ssl=1 768w, https:\/\/i0.wp.com\/mediaguinee.com\/wp-content\/uploads\/2024\/10\/IMG-20231204-WA0077-rotated-1.jpg?resize=86%2C64&amp;ssl=1 86w\" sizes=\"(max-width: 1080px) 100vw, 1080px\" data-attachment-id=\"268106\" data-permalink=\"https:\/\/mediaguinee.com\/2024\/10\/lex-ministre-mamadi-camara-a-la-barre-le-ministre-des-finances-ne-gere-pas-directement-le-budget-du-departement\/img-20231204-wa0077-rotated\/\" data-orig-file=\"https:\/\/i0.wp.com\/mediaguinee.com\/wp-content\/uploads\/2024\/10\/IMG-20231204-WA0077-rotated-1.jpg?fit=1080%2C810&amp;ssl=1\" data-orig-size=\"1080,810\" data-comments-opened=\"1\" data-image-meta='{\"aperture\":\"0\",\"credit\":\"\",\"camera\":\"\",\"caption\":\"\",\"created_timestamp\":\"0\",\"copyright\":\"\",\"focal_length\":\"0\",\"iso\":\"0\",\"shutter_speed\":\"0\",\"title\":\"\",\"orientation\":\"1\"}' data-image-title=\"IMG-20231204-WA0077-rotated\" data-image-description=\"\" data-image-caption=\"\" data-medium-file=\"https:\/\/i0.wp.com\/mediaguinee.com\/wp-content\/uploads\/2024\/10\/IMG-20231204-WA0077-rotated-1.jpg?fit=300%2C225&amp;ssl=1\" data-large-file=\"https:\/\/i0.wp.com\/mediaguinee.com\/wp-content\/uploads\/2024\/10\/IMG-20231204-WA0077-rotated-1.jpg?fit=1024%2C768&amp;ssl=1\" tabindex=\"0\" role=\"button\"><\/div>\n<p>Le proc\u00e8s de l\u2019ex-ministre de l\u2019Eonomie et des Finances du r\u00e9gime d\u00e9chu, Mamadi Camara s\u2019est poursuivi ce lundi, 14 Octobre 2024 avant d\u2019\u00eatre renvoy\u00e9 au 30 octobre prochain pour la suite des d\u00e9bats.<\/p>\n<p>Il est poursuivi pour des faits de \u00ab\u00a0d\u00e9tournement de deniers publics, corruption, blanchiment de capitaux et d\u2019enrichissement illicite\u00a0\u00bb portant sur plusieurs montants dont entre autres : un montant de 80 milliards 349 millions 913 mille 302 francs guin\u00e9ens destin\u00e9s aux fournisseurs.<\/p>\n<p>A la barre \u00e0 l\u2019audience du jour, l\u2019ex-patron du minist\u00e8re des Finances a \u00e9t\u00e9 confront\u00e9 au rapport provisoire de l\u2019 IGE qui l\u2019incrimine sur sa gestion de 2018-2021.<\/p>\n<p>\u00ab\u00a0Le ministre ne g\u00e8re pas directement le budget du d\u00e9partement, il s\u2019occupe des questions d\u2019int\u00e9r\u00eats nationales. La gestion est faite par les coordonnateurs d\u00e9l\u00e9gu\u00e9s (le chef de cabinet ou les directeurs)\u00a0\u00bb, a dit Mamadi Camara.<\/p>\n<p>A la question du juge de savoir pourquoi il y a plusieurs variations dans la masse salariale de sa gestion avec une augmentation de 42 milliards de francs guin\u00e9ens, l\u2019ex-ministre de r\u00e9pondre : \u00ab\u00a0Les variations ne rel\u00e8vent pas de ma responsabilit\u00e9. C\u2019est le minist\u00e8re de la Fonction publique et le minist\u00e8re du Budget qui g\u00e8rent cela\u00a0\u00bb.<\/p>\n<p>Toujours pas satisfait, le juge a insist\u00e9 sur sa question. Et le pr\u00e9venu de r\u00e9torquer : \u00ab\u00a0le jour o\u00f9 l\u2019IGE est pass\u00e9 pour l\u2019inspection, toutes les fiches n\u2019\u00e9taient s\u00fbrement pas disponibles. Sinon je ne sais pas pourquoi, il y a des parties vides dans le rapport de l\u2019IGE\u00a0\u00bb.<\/p>\n<p>our avoir plus de d\u00e9tails, le juge Yacouba Cont\u00e9 a renvoy\u00e9 l\u2019affaire au 30 octobre prochain pour la production du rapport d\u00e9finitif de l\u2019IGE. Mais \u00e9galement pour la suite des d\u00e9bats.<\/p>\n<p>Elisa Camara<\/p>\n<p>+224654957322<\/p>\n<p>\u00a0<\/p>\n<p>\u00a0<\/p>\n<p>\u00a0<\/p>\n<p>\u00a0<\/p>\n<p>L\u2019article <a href=\"https:\/\/mediaguinee.com\/2024\/10\/lex-ministre-mamadi-camara-a-la-barre-le-ministre-des-finances-ne-gere-pas-directement-le-budget-du-departement\/\">L\u2019ex-ministre Mamadi Camara \u00e0 la barre : \u00ab\u00a0le ministre des Finances ne g\u00e8re pas directement le budget du d\u00e9partement\u00a0\u00bb<\/a> est apparu en premier sur <a href=\"https:\/\/mediaguinee.com\/\">Mediaguinee.com<\/a>.<\/p>\n<\/div>\n","protected":false},"excerpt":{"rendered":"<p>Le proc\u00e8s de l\u2019ex-ministre de l\u2019Eonomie et des Finances du r\u00e9gime d\u00e9chu, Mamadi Camara s\u2019est poursuivi ce lundi, 14 Octobre 2024 avant d\u2019\u00eatre renvoy\u00e9 au 30 octobre prochain pour la suite des d\u00e9bats. Il est poursuivi pour des faits de \u00ab\u00a0d\u00e9tournement de deniers publics, corruption, blanchiment de capitaux et d\u2019enrichissement illicite\u00a0\u00bb portant sur plusieurs montants &hellip;<\/p>\n","protected":false},"author":1,"featured_media":0,"comment_status":"closed","ping_status":"closed","sticky":false,"template":"","format":"standard","meta":{"footnotes":""},"categories":[2],"tags":[23],"_links":{"self":[{"href":"https:\/\/de.ambaguinee.org\/index.php?rest_route=\/wp\/v2\/posts\/77925"}],"collection":[{"href":"https:\/\/de.ambaguinee.org\/index.php?rest_route=\/wp\/v2\/posts"}],"about":[{"href":"https:\/\/de.ambaguinee.org\/index.php?rest_route=\/wp\/v2\/types\/post"}],"author":[{"embeddable":true,"href":"https:\/\/de.ambaguinee.org\/index.php?rest_route=\/wp\/v2\/users\/1"}],"replies":[{"embeddable":true,"href":"https:\/\/de.ambaguinee.org\/index.php?rest_route=%2Fwp%2Fv2%2Fcomments&post=77925"}],"version-history":[{"count":0,"href":"https:\/\/de.ambaguinee.org\/index.php?rest_route=\/wp\/v2\/posts\/77925\/revisions"}],"wp:attachment":[{"href":"https:\/\/de.ambaguinee.org\/index.php?rest_route=%2Fwp%2Fv2%2Fmedia&parent=77925"}],"wp:term":[{"taxonomy":"category","embeddable":true,"href":"https:\/\/de.ambaguinee.org\/index.php?rest_route=%2Fwp%2Fv2%2Fcategories&post=77925"},{"taxonomy":"post_tag","embeddable":true,"href":"https:\/\/de.ambaguinee.org\/index.php?rest_route=%2Fwp%2Fv2%2Ftags&post=77925"}],"curies":[{"name":"wp","href":"https:\/\/api.w.org\/{rel}","templated":true}]}}