{"id":78016,"date":"2024-10-15T23:05:56","date_gmt":"2024-10-15T21:05:56","guid":{"rendered":"https:\/\/de.ambaguinee.org\/?p=78016"},"modified":"2024-10-15T23:05:56","modified_gmt":"2024-10-15T21:05:56","slug":"11-de-depart-du-syli-contre-lethiopie-un-seul-changement-effectue","status":"publish","type":"post","link":"https:\/\/de.ambaguinee.org\/?p=78016","title":{"rendered":"11 de d\u00e9part du Syli contre l\u2019\u00c9thiopie : un seul changement effectu\u00e9"},"content":{"rendered":"<div>\n<p><strong>ABIDJAN- Le s\u00e9lectionneur Michel Dussuyer a d\u00e9voil\u00e9 son onze de d\u00e9part pour la match de la 4e journ\u00e9e entre l\u2019\u00c9thiopie et la Guin\u00e9e au stade d\u2019Epemb\u00e9 d\u2019Abidjan. Et c\u2019est en d\u00e9fense qu\u2019il y a eu un petit r\u00e9ajustement.<\/strong><\/p>\n<p>C\u2019est Ibrahima Sory Cont\u00e9 Song qui fait les frais et qui laisse sa place \u00e0 Antoine Cont\u00e9. C\u2019est le seul changement effectu\u00e9, sinon les autres sont bien titulaires, \u00e0 commencer par Fran\u00e7ois Kamano, d\u00e9cri\u00e9 pzr des observateurs et supporters pour son mauvais match r\u00e9alis\u00e9 contre l\u2019\u00c9thiopie, mais qui d\u00e9marre, tout comme le ph\u00e9nom\u00e8ne Sehrou Guirassy.<\/p>\n<p><strong>Voici la comp\u00e9tition du Syli, coup d\u2019envoi \u00e0 19h<\/strong><\/p>\n<figure class=\"wp-block-image size-large\"><img fetchpriority=\"high\" decoding=\"async\" width=\"819\" height=\"1024\"src=\"https:\/\/de.ambaguinee.org\/wp-content\/uploads\/2024\/10\/FB_IMG_1729013146084.jpg\" alt=\"\" class=\"wp-image-53328\" srcset=\"https:\/\/usercontent.one\/wp\/guineefoot.info\/wp-content\/uploads\/2024\/10\/FB_IMG_1729013146084-819x1024.jpg 819w, https:\/\/usercontent.one\/wp\/guineefoot.info\/wp-content\/uploads\/2024\/10\/FB_IMG_1729013146084-240x300.jpg 240w, https:\/\/usercontent.one\/wp\/guineefoot.info\/wp-content\/uploads\/2024\/10\/FB_IMG_1729013146084-768x960.jpg 768w, https:\/\/usercontent.one\/wp\/guineefoot.info\/wp-content\/uploads\/2024\/10\/FB_IMG_1729013146084-600x750.jpg 600w, https:\/\/de.ambaguinee.org\/wp-content\/uploads\/2024\/10\/FB_IMG_1729013146084.jpg 1080w\" sizes=\"(max-width: 819px) 100vw, 819px\"><\/figure>\n<p><strong>Mohamed, LAMINE TOUR\u00c9, depuis Abidjan<\/strong> <\/p>\n<\/div>\n","protected":false},"excerpt":{"rendered":"<p>ABIDJAN- Le s\u00e9lectionneur Michel Dussuyer a d\u00e9voil\u00e9 son onze de d\u00e9part pour la match de la 4e journ\u00e9e entre l\u2019\u00c9thiopie et la Guin\u00e9e au stade d\u2019Epemb\u00e9 d\u2019Abidjan. Et c\u2019est en d\u00e9fense qu\u2019il y a eu un petit r\u00e9ajustement. C\u2019est Ibrahima Sory Cont\u00e9 Song qui fait les frais et qui laisse sa place \u00e0 Antoine Cont\u00e9. &hellip;<\/p>\n","protected":false},"author":1,"featured_media":78017,"comment_status":"closed","ping_status":"closed","sticky":false,"template":"","format":"standard","meta":{"footnotes":""},"categories":[4],"tags":[],"_links":{"self":[{"href":"https:\/\/de.ambaguinee.org\/index.php?rest_route=\/wp\/v2\/posts\/78016"}],"collection":[{"href":"https:\/\/de.ambaguinee.org\/index.php?rest_route=\/wp\/v2\/posts"}],"about":[{"href":"https:\/\/de.ambaguinee.org\/index.php?rest_route=\/wp\/v2\/types\/post"}],"author":[{"embeddable":true,"href":"https:\/\/de.ambaguinee.org\/index.php?rest_route=\/wp\/v2\/users\/1"}],"replies":[{"embeddable":true,"href":"https:\/\/de.ambaguinee.org\/index.php?rest_route=%2Fwp%2Fv2%2Fcomments&post=78016"}],"version-history":[{"count":0,"href":"https:\/\/de.ambaguinee.org\/index.php?rest_route=\/wp\/v2\/posts\/78016\/revisions"}],"wp:featuredmedia":[{"embeddable":true,"href":"https:\/\/de.ambaguinee.org\/index.php?rest_route=\/wp\/v2\/media\/78017"}],"wp:attachment":[{"href":"https:\/\/de.ambaguinee.org\/index.php?rest_route=%2Fwp%2Fv2%2Fmedia&parent=78016"}],"wp:term":[{"taxonomy":"category","embeddable":true,"href":"https:\/\/de.ambaguinee.org\/index.php?rest_route=%2Fwp%2Fv2%2Fcategories&post=78016"},{"taxonomy":"post_tag","embeddable":true,"href":"https:\/\/de.ambaguinee.org\/index.php?rest_route=%2Fwp%2Fv2%2Ftags&post=78016"}],"curies":[{"name":"wp","href":"https:\/\/api.w.org\/{rel}","templated":true}]}}