{"id":78087,"date":"2024-10-16T23:03:18","date_gmt":"2024-10-16T21:03:18","guid":{"rendered":"https:\/\/de.ambaguinee.org\/?p=78087"},"modified":"2024-10-16T23:03:18","modified_gmt":"2024-10-16T21:03:18","slug":"rebellion-du-football-europeen-contre-la-fifa","status":"publish","type":"post","link":"https:\/\/de.ambaguinee.org\/?p=78087","title":{"rendered":"R\u00e9bellion du football europ\u00e9en contre la Fifa"},"content":{"rendered":"<div>\n<div style=\"margin-bottom:20px;\"><img width=\"1023\" height=\"575\"src=\"https:\/\/i0.wp.com\/mediaguinee.com\/wp-content\/uploads\/2024\/10\/01000000-0aff-0242-69c9-08dc799870c4_w1023_r1_s.jpg?w=1023&amp;ssl=1\" class=\"attachment-post-thumbnail size-post-thumbnail wp-post-image\" alt=\"\" decoding=\"async\" srcset=\"https:\/\/i0.wp.com\/mediaguinee.com\/wp-content\/uploads\/2024\/10\/01000000-0aff-0242-69c9-08dc799870c4_w1023_r1_s.jpg?w=1023&amp;ssl=1 1023w, https:\/\/i0.wp.com\/mediaguinee.com\/wp-content\/uploads\/2024\/10\/01000000-0aff-0242-69c9-08dc799870c4_w1023_r1_s.jpg?resize=300%2C169&amp;ssl=1 300w, https:\/\/i0.wp.com\/mediaguinee.com\/wp-content\/uploads\/2024\/10\/01000000-0aff-0242-69c9-08dc799870c4_w1023_r1_s.jpg?resize=768%2C432&amp;ssl=1 768w\" sizes=\"(max-width: 1023px) 100vw, 1023px\" data-attachment-id=\"268218\" data-permalink=\"https:\/\/mediaguinee.com\/2024\/10\/rebellion-du-football-europeen-contre-la-fifa\/01000000-0aff-0242-69c9-08dc799870c4_w1023_r1_s\/\" data-orig-file=\"https:\/\/i0.wp.com\/mediaguinee.com\/wp-content\/uploads\/2024\/10\/01000000-0aff-0242-69c9-08dc799870c4_w1023_r1_s.jpg?fit=1023%2C575&amp;ssl=1\" data-orig-size=\"1023,575\" data-comments-opened=\"1\" data-image-meta='{\"aperture\":\"0\",\"credit\":\"\",\"camera\":\"\",\"caption\":\"\",\"created_timestamp\":\"0\",\"copyright\":\"\",\"focal_length\":\"0\",\"iso\":\"0\",\"shutter_speed\":\"0\",\"title\":\"\",\"orientation\":\"0\"}' data-image-title=\"01000000-0aff-0242-69c9-08dc799870c4_w1023_r1_s\" data-image-description=\"\" data-image-caption=\"\" data-medium-file=\"https:\/\/i0.wp.com\/mediaguinee.com\/wp-content\/uploads\/2024\/10\/01000000-0aff-0242-69c9-08dc799870c4_w1023_r1_s.jpg?fit=300%2C169&amp;ssl=1\" data-large-file=\"https:\/\/i0.wp.com\/mediaguinee.com\/wp-content\/uploads\/2024\/10\/01000000-0aff-0242-69c9-08dc799870c4_w1023_r1_s.jpg?fit=1023%2C575&amp;ssl=1\" tabindex=\"0\" role=\"button\"><\/div>\n<p>L\u2019instance mondiale du ballon rond est accus\u00e9e par des ligues de football europ\u00e9enne d\u2019hypoth\u00e9quer la sant\u00e9 des joueurs pour ses int\u00e9r\u00eats.<\/p>\n<p>ans une d\u00e9marche sans pr\u00e9c\u00e9dent, le monde du football europ\u00e9en s\u2019unit pour d\u00e9fier l\u2019autorit\u00e9 de la Fifa. L\u2019organisation bas\u00e9e \u00e0 Zurich est depuis lundi 14 octobre 2024, l\u2019objet d\u2019une plainte d\u00e9pos\u00e9e devant la Commission europ\u00e9enne par des ligues de football (Italie, France, Espagne, Royaume-Uni, Norv\u00e8ge, etc.) et la F\u00e9d\u00e9ration internationale des associations de footballeurs professionnels, plus commun\u00e9ment appel\u00e9e FIFPro.<\/p>\n<p>Ces derniers reprochent \u00e0 la FIFA une\u00a0\u00ab\u00a0gestion unilat\u00e9rale du calendrier international des matchs de football\u00a0\u00bb\u00a0avec pour cons\u00e9quence une charge de travail jug\u00e9e intenable pour les joueurs.<\/p>\n<p>\u00ab\u00a0La Fifa refuse d\u2019\u00e9couter et de s\u2019engager avec les joueurs, la principale ressource de travail de notre industrie, qui sont sur le terrain, cr\u00e9ant une puissance du divertissement culturel europ\u00e9en et mondial, et poussant leurs corps \u00e0 la limite\u00a0\u00bb, a d\u00e9clar\u00e9 le pr\u00e9sident de la FIFPro Europe David Terrier.<\/p>\n<p>Au c\u0153ur de la discorde<\/p>\n<p>\u00ab\u00a0Mais nous avons \u00e9cout\u00e9 nos joueurs, nous avons re\u00e7u le m\u00eame message pendant longtemps, qu\u2019ils jouent trop et n\u2019ont pas assez de temps pour r\u00e9cup\u00e9rer. \u00c0 l\u2019approche de la pire saison en termes de charge de travail, beaucoup ont \u00e9galement d\u00e9cid\u00e9 de s\u2019exprimer publiquement avec le m\u00eame message : \u00e7a suffit maintenant !\u00a0\u00bb\u00a0a-t-il lanc\u00e9, faisant \u00e9cho \u00e0 un malaise qui couve depuis longtemps.<\/p>\n<p>Il a cependant \u00e9t\u00e9 exacerb\u00e9 avec la cr\u00e9ation fin 2023 d\u2019une nouvelle Coupe du monde des clubs par la Fifa. La comp\u00e9tition quadriennale et \u00e9largie \u00e0 32 \u00e9quipes doit se tenir aux \u00c9tats-Unis pour sa premi\u00e8re \u00e9dition \u00e0 partir de mi-juin 2025.<\/p>\n<p>Il s\u2019agit d\u2019un tournoi de 29 jours \u00e0 disputer une semaine seulement apr\u00e8s la fin de la saison des plus grands clubs europ\u00e9ens. Plus pr\u00e9occupant selon les plaignants, la fin de cette Coupe du monde des clubs ne laisse que peu de r\u00e9pit aux joueurs avant l\u2019ouverture d\u2019une nouvelle saison dans leurs championnats respectifs.<\/p>\n<p>Et ce cycle va se poursuivre jusqu\u2019\u00e0 la Coupe du monde 2026 pr\u00e9vue aux \u00c9tats-Unis, au Canada et au Mexique avec non pas 32 \u00e9quipes comme par le pass\u00e9, mais 48 pays participants. De quoi augmenter le nombre de matchs.<\/p>\n<p>Le spectre d\u2019une gr\u00e8ve<\/p>\n<p>\u00ab\u00a0En introduisant de nouveaux formats et en \u00e9tendant les comp\u00e9titions unilat\u00e9ralement, la Fifa agit uniquement dans son propre int\u00e9r\u00eat, sans tenir compte des dommages que cela pourrait causer \u00e0 tout l\u2019\u00e9cosyst\u00e8me du football\u00a0\u00bb, pointe Javier Tebas, le patron de la Liga, le championnat de football d\u2019\u00e9lite espagnole, alors que plusieurs joueurs se sont plaints r\u00e9cemment d\u2019un calendrier devenu infernal et d\u2019une r\u00e9surgence des blessures.<\/p>\n<p>\u00ab\u00a0Le tr\u00e8s haut niveau, c\u2019est comme une machine \u00e0 laver, on joue tout le temps et \u00e7a ne s\u2019arr\u00eate jamais. Pour l\u2019instant, j\u2019ai l\u2019impression d\u2019\u00e9touffer et que le joueur absorbe l\u2019homme\u00a0\u00bb, a d\u00e9clar\u00e9 Rapha\u00ebl Varane, ancien champion du monde fran\u00e7ais, \u00e0 l\u2019annonce de sa retraite internationale en f\u00e9vrier 2023.<\/p>\n<p>Face \u00e0 la multiplication des accusations, la Fifa botte en touche, arguant n\u2019\u00eatre responsable que d\u2019une petite partie des matchs. Elle indique par ailleurs que l\u2019argent des comp\u00e9titions sert \u00e0 d\u00e9velopper le football mondial. Les joueurs de leur c\u00f4t\u00e9 n\u2019excluent pas une gr\u00e8ve pour se faire entendre.<\/p>\n<p>Avec AFP<\/p>\n<p>\u00a0<\/p>\n<p>\u00a0<\/p>\n<p>\u00a0<\/p>\n<p>\u00a0<\/p>\n<p>\u00a0<\/p>\n<p>L\u2019article <a href=\"https:\/\/mediaguinee.com\/2024\/10\/rebellion-du-football-europeen-contre-la-fifa\/\">R\u00e9bellion du football europ\u00e9en contre la Fifa<\/a> est apparu en premier sur <a href=\"https:\/\/mediaguinee.com\/\">Mediaguinee.com<\/a>.<\/p>\n<\/div>\n","protected":false},"excerpt":{"rendered":"<p>L\u2019instance mondiale du ballon rond est accus\u00e9e par des ligues de football europ\u00e9enne d\u2019hypoth\u00e9quer la sant\u00e9 des joueurs pour ses int\u00e9r\u00eats. ans une d\u00e9marche sans pr\u00e9c\u00e9dent, le monde du football europ\u00e9en s\u2019unit pour d\u00e9fier l\u2019autorit\u00e9 de la Fifa. L\u2019organisation bas\u00e9e \u00e0 Zurich est depuis lundi 14 octobre 2024, l\u2019objet d\u2019une plainte d\u00e9pos\u00e9e devant la Commission &hellip;<\/p>\n","protected":false},"author":1,"featured_media":0,"comment_status":"closed","ping_status":"closed","sticky":false,"template":"","format":"standard","meta":{"footnotes":""},"categories":[2],"tags":[23],"_links":{"self":[{"href":"https:\/\/de.ambaguinee.org\/index.php?rest_route=\/wp\/v2\/posts\/78087"}],"collection":[{"href":"https:\/\/de.ambaguinee.org\/index.php?rest_route=\/wp\/v2\/posts"}],"about":[{"href":"https:\/\/de.ambaguinee.org\/index.php?rest_route=\/wp\/v2\/types\/post"}],"author":[{"embeddable":true,"href":"https:\/\/de.ambaguinee.org\/index.php?rest_route=\/wp\/v2\/users\/1"}],"replies":[{"embeddable":true,"href":"https:\/\/de.ambaguinee.org\/index.php?rest_route=%2Fwp%2Fv2%2Fcomments&post=78087"}],"version-history":[{"count":0,"href":"https:\/\/de.ambaguinee.org\/index.php?rest_route=\/wp\/v2\/posts\/78087\/revisions"}],"wp:attachment":[{"href":"https:\/\/de.ambaguinee.org\/index.php?rest_route=%2Fwp%2Fv2%2Fmedia&parent=78087"}],"wp:term":[{"taxonomy":"category","embeddable":true,"href":"https:\/\/de.ambaguinee.org\/index.php?rest_route=%2Fwp%2Fv2%2Fcategories&post=78087"},{"taxonomy":"post_tag","embeddable":true,"href":"https:\/\/de.ambaguinee.org\/index.php?rest_route=%2Fwp%2Fv2%2Ftags&post=78087"}],"curies":[{"name":"wp","href":"https:\/\/api.w.org\/{rel}","templated":true}]}}