{"id":78176,"date":"2024-10-17T23:03:45","date_gmt":"2024-10-17T21:03:45","guid":{"rendered":"https:\/\/de.ambaguinee.org\/?p=78176"},"modified":"2024-10-17T23:03:45","modified_gmt":"2024-10-17T21:03:45","slug":"le-chef-du-hamas-yahya-sinouar-elimine-selon-israel","status":"publish","type":"post","link":"https:\/\/de.ambaguinee.org\/?p=78176","title":{"rendered":"Le chef du Hamas Yahya Sinouar \u00ab\u00a0\u00e9limin\u00e9\u00a0\u00bb selon Isra\u00ebl"},"content":{"rendered":"<div>\n<div style=\"margin-bottom:20px;\"><img width=\"1023\" height=\"575\"src=\"https:\/\/i0.wp.com\/mediaguinee.com\/wp-content\/uploads\/2024\/10\/1a284223-feb2-470f-b405-da31a3775758_w1023_r1_s.jpg?w=1023&amp;ssl=1\" class=\"attachment-post-thumbnail size-post-thumbnail wp-post-image\" alt=\"\" decoding=\"async\" srcset=\"https:\/\/i0.wp.com\/mediaguinee.com\/wp-content\/uploads\/2024\/10\/1a284223-feb2-470f-b405-da31a3775758_w1023_r1_s.jpg?w=1023&amp;ssl=1 1023w, https:\/\/i0.wp.com\/mediaguinee.com\/wp-content\/uploads\/2024\/10\/1a284223-feb2-470f-b405-da31a3775758_w1023_r1_s.jpg?resize=300%2C169&amp;ssl=1 300w, https:\/\/i0.wp.com\/mediaguinee.com\/wp-content\/uploads\/2024\/10\/1a284223-feb2-470f-b405-da31a3775758_w1023_r1_s.jpg?resize=768%2C432&amp;ssl=1 768w\" sizes=\"(max-width: 1023px) 100vw, 1023px\" data-attachment-id=\"268274\" data-permalink=\"https:\/\/mediaguinee.com\/2024\/10\/le-chef-du-hamas-yahya-sinouar-elimine-selon-israel\/1a284223-feb2-470f-b405-da31a3775758_w1023_r1_s\/\" data-orig-file=\"https:\/\/i0.wp.com\/mediaguinee.com\/wp-content\/uploads\/2024\/10\/1a284223-feb2-470f-b405-da31a3775758_w1023_r1_s.jpg?fit=1023%2C575&amp;ssl=1\" data-orig-size=\"1023,575\" data-comments-opened=\"1\" data-image-meta='{\"aperture\":\"0\",\"credit\":\"\",\"camera\":\"\",\"caption\":\"\",\"created_timestamp\":\"0\",\"copyright\":\"\",\"focal_length\":\"0\",\"iso\":\"0\",\"shutter_speed\":\"0\",\"title\":\"\",\"orientation\":\"0\"}' data-image-title=\"1a284223-feb2-470f-b405-da31a3775758_w1023_r1_s\" data-image-description=\"\" data-image-caption=\"\" data-medium-file=\"https:\/\/i0.wp.com\/mediaguinee.com\/wp-content\/uploads\/2024\/10\/1a284223-feb2-470f-b405-da31a3775758_w1023_r1_s.jpg?fit=300%2C169&amp;ssl=1\" data-large-file=\"https:\/\/i0.wp.com\/mediaguinee.com\/wp-content\/uploads\/2024\/10\/1a284223-feb2-470f-b405-da31a3775758_w1023_r1_s.jpg?fit=1023%2C575&amp;ssl=1\" tabindex=\"0\" role=\"button\"><\/div>\n<p>La guerre \u00ab\u00a0n\u2019est pas encore termin\u00e9e\u00a0\u00bb malgr\u00e9 la mort du chef du Hamas a d\u00e9clar\u00e9 Benjamin Netanyahu lors d\u2019un point presse. Plus t\u00f4t, le chef de la diplomatie isra\u00e9lienne, Isra\u00ebl Katz, a annonc\u00e9 que le chef du Hamas, Yahya Sinouar, a \u00e9t\u00e9 \u00ab\u00a0\u00e9limin\u00e9\u00a0\u00bb lors d\u2019une op\u00e9ration militaire dans la bande de Gaza.<\/p>\n<p>\u00a0<\/p>\n<p>Yahya Sinouar, militant radical et homme de l\u2019ombre, est consid\u00e9r\u00e9 comme l\u2019un des cerveaux de l\u2019attaque d\u2019une ampleur sans pr\u00e9c\u00e9dent men\u00e9e par le Hamas le 7 octobre 2023 sur le sol isra\u00e9lien, qui a d\u00e9clench\u00e9 la guerre dans le territoire palestinien et mis le feu aux poudres dans la r\u00e9gion. Ag\u00e9 de 61 ans et chef depuis 2017 du mouvement islamiste palestinien \u00e0 Gaza, il a \u00e9t\u00e9 nomm\u00e9 d\u00e9but ao\u00fbt chef politique du Hamas apr\u00e8s la mort d\u2019Isma\u00efl Haniyeh, tu\u00e9 \u00e0 T\u00e9h\u00e9ran le 31 juillet dans une attaque imput\u00e9e \u00e0 Isra\u00ebl, qui n\u2019a pas comment\u00e9. \u00ab\u00a0Le meurtrier de masse Yahya Sinouar, responsable du massacres et des atrocit\u00e9s le 7 octobre, a \u00e9t\u00e9 \u00e9limin\u00e9 par les soldats (des forces isra\u00e9liennes)\u00a0\u00bb, a d\u00e9clar\u00e9 M. Katz dans un communiqu\u00e9 \u00e0 la presse. \u00ab\u00a0Lors des op\u00e9rations de l\u2019arm\u00e9e dans la bande de Gaza, trois terroristes ont \u00e9t\u00e9 \u00e9limin\u00e9s\u00a0\u00bb, avait indiqu\u00e9 plus t\u00f4t l\u2019arm\u00e9e dans un communiqu\u00e9, une source de s\u00e9curit\u00e9 isra\u00e9lienne ayant pr\u00e9cis\u00e9 que des analyses ADN \u00e9taient r\u00e9alis\u00e9es sur un corps pour confirmer s\u2019il s\u2019agit bien de Sinouar.<\/p>\n<p>\u00a0<\/p>\n<p>Peu apr\u00e8s l\u2019attaque du 7 octobre 2023, le Premier ministre isra\u00e9lien, Benjamin Netanyahu, avait d\u00e9clar\u00e9: \u00ab\u00a0Tout membre du Hamas est un homme mort\u00a0\u00bb. Avant l\u2019annonce de M. Katz, le ministre isra\u00e9lien de la D\u00e9fense, Yoav Gallant, a \u00e9crit sur X: \u00ab\u00a0Nous atteindrons chaque terroriste et nous les \u00e9liminerons\u00a0\u00bb. Le chef de la Chambre am\u00e9ricaine des repr\u00e9sentants Mike Johnson a salu\u00e9 la mort de Yahya Sinouar comme une \u00ab\u00a0source d\u2019espoir\u00a0\u00bb. Le Hamas n\u2019a pas confirm\u00e9. Ces d\u00e9clarations interviennent dans un contexte explosif au Moyen-Orient, o\u00f9 Isra\u00ebl pilonne depuis le 23 septembre les positions du Hezbollah au Liban, qui avait ouvert un front transfrontalier d\u00e8s le 8 octobre 2023 en soutien au Hamas.<\/p>\n<p>Le 30 septembre, l\u2019arm\u00e9e isra\u00e9lienne a lanc\u00e9 des op\u00e9rations au sol dans le sud du Liban pour combattre le mouvement islamiste libanais. A la mi-journ\u00e9e jeudi, des frappes ont vis\u00e9 plusieurs r\u00e9gions du sud et de l\u2019est du Liban, bastions du Hezbollah avec la banlieue sud de Beyrouth. Plus t\u00f4t, une frappe isra\u00e9lienne avait vis\u00e9 \u00ab\u00a0un entrep\u00f4t d\u2019armes\u00a0\u00bb du Hezbollah \u00e0 Lattaqui\u00e9 en Syrie, fief du pr\u00e9sident Bachar al-Assad, faisant deux bless\u00e9s, selon des m\u00e9dias syriens et l\u2019Observatoire syrien des droits de l\u2019Homme. Les Etats-Unis, alli\u00e9s d\u2019Isra\u00ebl, ont de leur c\u00f4t\u00e9 annonc\u00e9 avoir frapp\u00e9 cinq d\u00e9p\u00f4ts souterrains de munitions des Houthis, qui contr\u00f4lent de larges pans du Y\u00e9men et m\u00e8nent des attaques contre Isra\u00ebl et les navires qui leur seraient li\u00e9s, en soutien au Hamas.<\/p>\n<p>\u00ab\u00a0Stopper l\u2019escalade r\u00e9gionale\u00a0\u00bb<\/p>\n<p>\u00a0<\/p>\n<p>Apr\u00e8s avoir affaibli le Hamas \u00e0 Gaza, Isra\u00ebl a d\u00e9plac\u00e9 le gros de ses op\u00e9rations militaires sur le front libanais. En pr\u00e8s d\u2019un mois, au moins 1.373 personnes ont \u00e9t\u00e9 tu\u00e9es dans le pays, d\u2019apr\u00e8s un d\u00e9compte de l\u2019AFP \u00e0 partir de donn\u00e9es officielles, l\u2019ONU recensant pr\u00e8s de 700.000 d\u00e9plac\u00e9s. L\u2019Iran, alli\u00e9 du r\u00e9gime syrien, des rebelles houthis, du Hezbollah et du Hamas palestinien, a menac\u00e9 jeudi d\u2019attaquer \u00ab\u00a0douloureusement\u00a0\u00bb Isra\u00ebl s\u2019il frappait des cibles \u00ab\u00a0en Iran ou dans la r\u00e9gion\u00a0\u00bb, en riposte \u00e0 l\u2019attaque de missiles men\u00e9e par T\u00e9h\u00e9ran sur le territoire isra\u00e9lien le 1er octobre \u00e0 laquelle Isra\u00ebl a jur\u00e9 de r\u00e9pondre.<\/p>\n<p>\u00a0<\/p>\n<p>\u00a0<\/p>\n<p>Cette attaque avait \u00e9t\u00e9 pr\u00e9sent\u00e9e par l\u2019Iran comme des repr\u00e9sailles \u00e0 l\u2019assassinat d\u2019Isma\u00efl Haniyeh, et \u00e0 celui de Hassan Nasrallah, le chef du Hezbollah, tu\u00e9 dans une frappe isra\u00e9lienne le 27 septembre pr\u00e8s de Beyrouth. Le chef de la diplomatie iranienne, Abbas Araghchi, s\u2019est lui entretenu au Caire avec le pr\u00e9sident \u00e9gyptien Abdel Fattah al-Sissi. Ils ont discut\u00e9 de la \u00ab\u00a0n\u00e9cessit\u00e9 de stopper l\u2019escalade r\u00e9gionale\u00a0\u00bb et d\u2019aboutir \u00e0 un cessez-le-feu au Liban et \u00e0 Gaza, selon la pr\u00e9sidence \u00e9gyptienne. Le Hezbollah a de son c\u00f4t\u00e9 affirm\u00e9 jeudi avoir tir\u00e9 des roquettes contre des troupes isra\u00e9liennes pr\u00e8s du plateau du Golan syrien annex\u00e9 par Isra\u00ebl, et d\u00e9truit deux chars isra\u00e9liens dans le sud du Liban. Isra\u00ebl affirme vouloir neutraliser le Hezbollah \u00e0 la fronti\u00e8re pour permettre le retour dans le nord d\u2019Isra\u00ebl de quelque 60.000 personnes d\u00e9plac\u00e9es par ses tirs incessants depuis un an.<\/p>\n<p>AFP<\/p>\n<p>\u00a0<\/p>\n<p>\u00a0<\/p>\n<p>\u00a0<\/p>\n<p>\u00a0<\/p>\n<p>L\u2019article <a href=\"https:\/\/mediaguinee.com\/2024\/10\/le-chef-du-hamas-yahya-sinouar-elimine-selon-israel\/\">Le chef du Hamas Yahya Sinouar \u00ab\u00a0\u00e9limin\u00e9\u00a0\u00bb selon Isra\u00ebl<\/a> est apparu en premier sur <a href=\"https:\/\/mediaguinee.com\/\">Mediaguinee.com<\/a>.<\/p>\n<\/div>\n","protected":false},"excerpt":{"rendered":"<p>La guerre \u00ab\u00a0n\u2019est pas encore termin\u00e9e\u00a0\u00bb malgr\u00e9 la mort du chef du Hamas a d\u00e9clar\u00e9 Benjamin Netanyahu lors d\u2019un point presse. Plus t\u00f4t, le chef de la diplomatie isra\u00e9lienne, Isra\u00ebl Katz, a annonc\u00e9 que le chef du Hamas, Yahya Sinouar, a \u00e9t\u00e9 \u00ab\u00a0\u00e9limin\u00e9\u00a0\u00bb lors d\u2019une op\u00e9ration militaire dans la bande de Gaza. \u00a0 Yahya Sinouar, &hellip;<\/p>\n","protected":false},"author":1,"featured_media":0,"comment_status":"closed","ping_status":"closed","sticky":false,"template":"","format":"standard","meta":{"footnotes":""},"categories":[2],"tags":[23],"_links":{"self":[{"href":"https:\/\/de.ambaguinee.org\/index.php?rest_route=\/wp\/v2\/posts\/78176"}],"collection":[{"href":"https:\/\/de.ambaguinee.org\/index.php?rest_route=\/wp\/v2\/posts"}],"about":[{"href":"https:\/\/de.ambaguinee.org\/index.php?rest_route=\/wp\/v2\/types\/post"}],"author":[{"embeddable":true,"href":"https:\/\/de.ambaguinee.org\/index.php?rest_route=\/wp\/v2\/users\/1"}],"replies":[{"embeddable":true,"href":"https:\/\/de.ambaguinee.org\/index.php?rest_route=%2Fwp%2Fv2%2Fcomments&post=78176"}],"version-history":[{"count":0,"href":"https:\/\/de.ambaguinee.org\/index.php?rest_route=\/wp\/v2\/posts\/78176\/revisions"}],"wp:attachment":[{"href":"https:\/\/de.ambaguinee.org\/index.php?rest_route=%2Fwp%2Fv2%2Fmedia&parent=78176"}],"wp:term":[{"taxonomy":"category","embeddable":true,"href":"https:\/\/de.ambaguinee.org\/index.php?rest_route=%2Fwp%2Fv2%2Fcategories&post=78176"},{"taxonomy":"post_tag","embeddable":true,"href":"https:\/\/de.ambaguinee.org\/index.php?rest_route=%2Fwp%2Fv2%2Ftags&post=78176"}],"curies":[{"name":"wp","href":"https:\/\/api.w.org\/{rel}","templated":true}]}}