{"id":78281,"date":"2024-10-18T23:12:20","date_gmt":"2024-10-18T21:12:20","guid":{"rendered":"https:\/\/de.ambaguinee.org\/?p=78281"},"modified":"2024-10-18T23:12:20","modified_gmt":"2024-10-18T21:12:20","slug":"disparition-de-fonike-mengue-et-billo-bah-la-france-demande-que-toute-la-lumiere-soit-faite","status":"publish","type":"post","link":"https:\/\/de.ambaguinee.org\/?p=78281","title":{"rendered":"Disparition de Fonik\u00e9 Mengu\u00e8 et Billo Bah : la France demande que \u201ctoute la lumi\u00e8re soit faite\u2026\u201d"},"content":{"rendered":"<div>\n<div style=\"margin-bottom:20px;\"><img width=\"613\" height=\"344\"src=\"https:\/\/i0.wp.com\/mediaguinee.com\/wp-content\/uploads\/2020\/11\/macron.jpeg?w=613&amp;ssl=1\" class=\"attachment-post-thumbnail size-post-thumbnail wp-post-image\" alt=\"\" decoding=\"async\" srcset=\"https:\/\/i0.wp.com\/mediaguinee.com\/wp-content\/uploads\/2020\/11\/macron.jpeg?w=613&amp;ssl=1 613w, https:\/\/i0.wp.com\/mediaguinee.com\/wp-content\/uploads\/2020\/11\/macron.jpeg?resize=300%2C168&amp;ssl=1 300w\" sizes=\"(max-width: 613px) 100vw, 613px\" data-attachment-id=\"138329\" data-permalink=\"https:\/\/mediaguinee.com\/2020\/11\/macron-tres-choque-par-le-passage-a-tabac-dun-homme-noir-par-des-policiers\/macron-18\/\" data-orig-file=\"https:\/\/i0.wp.com\/mediaguinee.com\/wp-content\/uploads\/2020\/11\/macron.jpeg?fit=613%2C344&amp;ssl=1\" data-orig-size=\"613,344\" data-comments-opened=\"1\" data-image-meta='{\"aperture\":\"0\",\"credit\":\"\",\"camera\":\"\",\"caption\":\"\",\"created_timestamp\":\"0\",\"copyright\":\"\",\"focal_length\":\"0\",\"iso\":\"0\",\"shutter_speed\":\"0\",\"title\":\"\",\"orientation\":\"0\"}' data-image-title=\"macron\" data-image-description=\"\" data-image-caption=\"\" data-medium-file=\"https:\/\/i0.wp.com\/mediaguinee.com\/wp-content\/uploads\/2020\/11\/macron.jpeg?fit=300%2C168&amp;ssl=1\" data-large-file=\"https:\/\/i0.wp.com\/mediaguinee.com\/wp-content\/uploads\/2020\/11\/macron.jpeg?fit=613%2C344&amp;ssl=1\" tabindex=\"0\" role=\"button\"><\/div>\n<p>La France \u00e0 travers le porte-parole du ministre des Affaires \u00e9trang\u00e8res a demand\u00e9 vendredi au pouvoir de Conakry de faire \u00ab\u00a0toute la lumi\u00e8re\u00a0\u00bb sur la disparition de responsables du FNDC (structure dissoute par le CNRD) Oumar Sylla \u201cFonik\u00e9 Mengu\u00e8\u201d et Mamadou Billo Bah.<\/p>\n<p>\u00ab\u00a0C\u2019est un sujet qui a \u00e9t\u00e9 \u00e9voqu\u00e9 avec les autorit\u00e9s guin\u00e9ennes. Et le message qui leur a \u00e9t\u00e9 pass\u00e9, c\u2019est que toute la lumi\u00e8re doit \u00eatre faite sur les circonstances de leur disparition et des r\u00e9ponses doivent \u00eatre apport\u00e9es aux inqui\u00e9tudes absolument l\u00e9gitimes des familles et des proches\u00a0\u00bb, \u00a0a indiqu\u00e9 lors d\u2019un point de presse Christophe Lemoine qui n\u2019a pas d\u00e9voil\u00e9 la date des \u00e9changes avec les autorit\u00e9s guin\u00e9ennes.<\/p>\n<p>Vertement critiqu\u00e9e par l\u2019opposition pour son silence, la France -ancienne m\u00e9tropole- reste tr\u00e8s prudence sur la situation sociopolitique depuis le putsch du 5 septembre dernier qui a mis fin aux onze ans de r\u00e8gne du professeur Alpha Cond\u00e9.<\/p>\n<p><strong>MediaGuinee<\/strong><\/p>\n<p>\u00a0<\/p>\n<p>L\u2019article <a href=\"https:\/\/mediaguinee.com\/2024\/10\/disparition-de-fonike-mengue-et-billo-bah-la-france-demande-que-toute-la-lumiere-soit-faite\/\">Disparition de Fonik\u00e9 Mengu\u00e8 et Billo Bah : la France demande que \u201ctoute la lumi\u00e8re soit faite\u2026\u201d<\/a> est apparu en premier sur <a href=\"https:\/\/mediaguinee.com\/\">Mediaguinee.com<\/a>.<\/p>\n<\/div>\n","protected":false},"excerpt":{"rendered":"<p>La France \u00e0 travers le porte-parole du ministre des Affaires \u00e9trang\u00e8res a demand\u00e9 vendredi au pouvoir de Conakry de faire \u00ab\u00a0toute la lumi\u00e8re\u00a0\u00bb sur la disparition de responsables du FNDC (structure dissoute par le CNRD) Oumar Sylla \u201cFonik\u00e9 Mengu\u00e8\u201d et Mamadou Billo Bah. \u00ab\u00a0C\u2019est un sujet qui a \u00e9t\u00e9 \u00e9voqu\u00e9 avec les autorit\u00e9s guin\u00e9ennes. Et &hellip;<\/p>\n","protected":false},"author":1,"featured_media":0,"comment_status":"closed","ping_status":"closed","sticky":false,"template":"","format":"standard","meta":{"footnotes":""},"categories":[2],"tags":[23],"_links":{"self":[{"href":"https:\/\/de.ambaguinee.org\/index.php?rest_route=\/wp\/v2\/posts\/78281"}],"collection":[{"href":"https:\/\/de.ambaguinee.org\/index.php?rest_route=\/wp\/v2\/posts"}],"about":[{"href":"https:\/\/de.ambaguinee.org\/index.php?rest_route=\/wp\/v2\/types\/post"}],"author":[{"embeddable":true,"href":"https:\/\/de.ambaguinee.org\/index.php?rest_route=\/wp\/v2\/users\/1"}],"replies":[{"embeddable":true,"href":"https:\/\/de.ambaguinee.org\/index.php?rest_route=%2Fwp%2Fv2%2Fcomments&post=78281"}],"version-history":[{"count":0,"href":"https:\/\/de.ambaguinee.org\/index.php?rest_route=\/wp\/v2\/posts\/78281\/revisions"}],"wp:attachment":[{"href":"https:\/\/de.ambaguinee.org\/index.php?rest_route=%2Fwp%2Fv2%2Fmedia&parent=78281"}],"wp:term":[{"taxonomy":"category","embeddable":true,"href":"https:\/\/de.ambaguinee.org\/index.php?rest_route=%2Fwp%2Fv2%2Fcategories&post=78281"},{"taxonomy":"post_tag","embeddable":true,"href":"https:\/\/de.ambaguinee.org\/index.php?rest_route=%2Fwp%2Fv2%2Ftags&post=78281"}],"curies":[{"name":"wp","href":"https:\/\/api.w.org\/{rel}","templated":true}]}}