{"id":78282,"date":"2024-10-18T23:12:20","date_gmt":"2024-10-18T21:12:20","guid":{"rendered":"https:\/\/de.ambaguinee.org\/?p=78282"},"modified":"2024-10-18T23:12:20","modified_gmt":"2024-10-18T21:12:20","slug":"conakry-les-cadres-dedg-face-aux-responsables-des-ministeres-et-organismes-publics-sur-lutilisation-des-compteurs-prepayes-dans-le-secteur-public","status":"publish","type":"post","link":"https:\/\/de.ambaguinee.org\/?p=78282","title":{"rendered":"Conakry: les cadres d\u2019EDG face aux responsables des minist\u00e8res et organismes publics sur l\u2019utilisation des compteurs pr\u00e9pay\u00e9s dans le secteur public"},"content":{"rendered":"<div>\n<div style=\"margin-bottom:20px;\"><img width=\"1920\" height=\"1052\"src=\"https:\/\/i0.wp.com\/mediaguinee.com\/wp-content\/uploads\/2024\/10\/IMG_0497.jpeg?w=1920&amp;ssl=1\" class=\"attachment-post-thumbnail size-post-thumbnail wp-post-image\" alt=\"\" decoding=\"async\" srcset=\"https:\/\/i0.wp.com\/mediaguinee.com\/wp-content\/uploads\/2024\/10\/IMG_0497.jpeg?w=1920&amp;ssl=1 1920w, https:\/\/i0.wp.com\/mediaguinee.com\/wp-content\/uploads\/2024\/10\/IMG_0497.jpeg?resize=300%2C164&amp;ssl=1 300w, https:\/\/i0.wp.com\/mediaguinee.com\/wp-content\/uploads\/2024\/10\/IMG_0497.jpeg?resize=1024%2C561&amp;ssl=1 1024w, https:\/\/i0.wp.com\/mediaguinee.com\/wp-content\/uploads\/2024\/10\/IMG_0497.jpeg?resize=768%2C421&amp;ssl=1 768w, https:\/\/i0.wp.com\/mediaguinee.com\/wp-content\/uploads\/2024\/10\/IMG_0497.jpeg?resize=1536%2C842&amp;ssl=1 1536w\" sizes=\"(max-width: 1920px) 100vw, 1920px\" data-attachment-id=\"268361\" data-permalink=\"https:\/\/mediaguinee.com\/2024\/10\/conakry-les-cadres-dedg-face-aux-responsables-des-ministeres-et-organismes-publics-sur-lutilisation-des-compteurs-prepayes-dans-le-secteur-public\/img_0497\/\" data-orig-file=\"https:\/\/i0.wp.com\/mediaguinee.com\/wp-content\/uploads\/2024\/10\/IMG_0497.jpeg?fit=1920%2C1052&amp;ssl=1\" data-orig-size=\"1920,1052\" data-comments-opened=\"1\" data-image-meta='{\"aperture\":\"1.78\",\"credit\":\"\",\"camera\":\"iPhone 16 Pro\",\"caption\":\"\",\"created_timestamp\":\"1729248792\",\"copyright\":\"\",\"focal_length\":\"6.7649998656528\",\"iso\":\"320\",\"shutter_speed\":\"0.016666666666667\",\"title\":\"\",\"orientation\":\"1\"}' data-image-title=\"IMG_0497\" data-image-description=\"\" data-image-caption=\"\" data-medium-file=\"https:\/\/i0.wp.com\/mediaguinee.com\/wp-content\/uploads\/2024\/10\/IMG_0497.jpeg?fit=300%2C164&amp;ssl=1\" data-large-file=\"https:\/\/i0.wp.com\/mediaguinee.com\/wp-content\/uploads\/2024\/10\/IMG_0497.jpeg?fit=1024%2C561&amp;ssl=1\" tabindex=\"0\" role=\"button\"><\/div>\n<p style=\"font-weight: 400\"><span data-originalfontsize=\"20pt\" data-originalcomputedfontsize=\"26.666666\">Un atelier d\u2019information et de sensibilisation sur l\u2019efficacit\u00e9 \u00e9nerg\u00e9tique et l\u2019utilisation du compteur pr\u00e9pay\u00e9 dans le secteur public, a r\u00e9uni ce vendredi 18 octobre \u00e0 Conakry, les\u00a0repr\u00e9sentants des minist\u00e8res et d\u2019autres Directions de l\u2019Etat. Durant des heures, plusieurs th\u00e9matiques sur la \u00ab\u00a0probl\u00e9matique de l\u2019\u00e9lectricit\u00e9 en Guin\u00e9e et l\u2019efficacit\u00e9 \u00e9nerg\u00e9tique; compteur \u00e0 pr\u00e9paiement; l\u2019efficacit\u00e9 de l\u2019\u00e9conomie d\u2019\u00e9nergie\u00a0; mission des correspondants \u00e9nergie dans les minist\u00e8res et organismes publics ont \u00e9t\u00e9 abord\u00e9s par le directeur juridique, le directeur commercial et le charg\u00e9 de communication de l\u2019\u00c9lectricit\u00e9 de Guin\u00e9e. Dans les discussions, des bonnes pratiques en mati\u00e8re de gestion et d\u2019utilisation rationnelle de l\u2019\u00e9lectricit\u00e9 ont fait l\u2019objet de d\u00e9bat.<\/span><\/p>\n<p><a href=\"https:\/\/mediaguinee.com\/2024\/10\/conakry-les-cadres-dedg-face-aux-responsables-des-ministeres-et-organismes-publics-sur-lutilisation-des-compteurs-prepayes-dans-le-secteur-public\/img_0503\/\"><img decoding=\"async\" width=\"150\" height=\"150\"src=\"https:\/\/i0.wp.com\/mediaguinee.com\/wp-content\/uploads\/2024\/10\/IMG_0503.jpeg?zoom=3&amp;resize=150,150&amp;ssl=1\" class=\"attachment-thumbnail size-thumbnail\" alt=\"\" srcset=\"https:\/\/i0.wp.com\/mediaguinee.com\/wp-content\/uploads\/2024\/10\/IMG_0503.jpeg?resize=150%2C150&amp;ssl=1 150w, https:\/\/i0.wp.com\/mediaguinee.com\/wp-content\/uploads\/2024\/10\/IMG_0503.jpeg?zoom=2&amp;resize=150%2C150&amp;ssl=1 300w, https:\/\/i0.wp.com\/mediaguinee.com\/wp-content\/uploads\/2024\/10\/IMG_0503.jpeg?zoom=3&amp;resize=150,150&amp;ssl=1 450w\" sizes=\"(max-width: 150px) 100vw, 150px\" data-attachment-id=\"268363\" data-permalink=\"https:\/\/mediaguinee.com\/2024\/10\/conakry-les-cadres-dedg-face-aux-responsables-des-ministeres-et-organismes-publics-sur-lutilisation-des-compteurs-prepayes-dans-le-secteur-public\/img_0503\/\" data-orig-file=\"https:\/\/i0.wp.com\/mediaguinee.com\/wp-content\/uploads\/2024\/10\/IMG_0503.jpeg?fit=1920%2C1440&amp;ssl=1\" data-orig-size=\"1920,1440\" data-comments-opened=\"1\" data-image-meta='{\"aperture\":\"1.78\",\"credit\":\"\",\"camera\":\"iPhone 16 Pro\",\"caption\":\"\",\"created_timestamp\":\"1729249045\",\"copyright\":\"\",\"focal_length\":\"6.7649998656528\",\"iso\":\"250\",\"shutter_speed\":\"0.016666666666667\",\"title\":\"\",\"orientation\":\"1\"}' data-image-title=\"IMG_0503\" data-image-description=\"\" data-image-caption=\"\" data-medium-file=\"https:\/\/i0.wp.com\/mediaguinee.com\/wp-content\/uploads\/2024\/10\/IMG_0503.jpeg?fit=300%2C225&amp;ssl=1\" data-large-file=\"https:\/\/i0.wp.com\/mediaguinee.com\/wp-content\/uploads\/2024\/10\/IMG_0503.jpeg?fit=1024%2C768&amp;ssl=1\" tabindex=\"0\" role=\"button\"><\/a><br \/>\n<a href=\"https:\/\/mediaguinee.com\/2024\/10\/conakry-les-cadres-dedg-face-aux-responsables-des-ministeres-et-organismes-publics-sur-lutilisation-des-compteurs-prepayes-dans-le-secteur-public\/img_0504\/\"><img decoding=\"async\" width=\"150\" height=\"150\"src=\"https:\/\/i0.wp.com\/mediaguinee.com\/wp-content\/uploads\/2024\/10\/IMG_0504.jpeg?zoom=3&amp;resize=150,150&amp;ssl=1\" class=\"attachment-thumbnail size-thumbnail\" alt=\"\" srcset=\"https:\/\/i0.wp.com\/mediaguinee.com\/wp-content\/uploads\/2024\/10\/IMG_0504.jpeg?resize=150%2C150&amp;ssl=1 150w, https:\/\/i0.wp.com\/mediaguinee.com\/wp-content\/uploads\/2024\/10\/IMG_0504.jpeg?zoom=2&amp;resize=150%2C150&amp;ssl=1 300w, https:\/\/i0.wp.com\/mediaguinee.com\/wp-content\/uploads\/2024\/10\/IMG_0504.jpeg?zoom=3&amp;resize=150,150&amp;ssl=1 450w\" sizes=\"(max-width: 150px) 100vw, 150px\" data-attachment-id=\"268364\" data-permalink=\"https:\/\/mediaguinee.com\/2024\/10\/conakry-les-cadres-dedg-face-aux-responsables-des-ministeres-et-organismes-publics-sur-lutilisation-des-compteurs-prepayes-dans-le-secteur-public\/img_0504\/\" data-orig-file=\"https:\/\/i0.wp.com\/mediaguinee.com\/wp-content\/uploads\/2024\/10\/IMG_0504.jpeg?fit=1920%2C1440&amp;ssl=1\" data-orig-size=\"1920,1440\" data-comments-opened=\"1\" data-image-meta='{\"aperture\":\"1.78\",\"credit\":\"\",\"camera\":\"iPhone 16 Pro\",\"caption\":\"\",\"created_timestamp\":\"1729249051\",\"copyright\":\"\",\"focal_length\":\"6.7649998656528\",\"iso\":\"250\",\"shutter_speed\":\"0.016666666666667\",\"title\":\"\",\"orientation\":\"1\"}' data-image-title=\"IMG_0504\" data-image-description=\"\" data-image-caption=\"\" data-medium-file=\"https:\/\/i0.wp.com\/mediaguinee.com\/wp-content\/uploads\/2024\/10\/IMG_0504.jpeg?fit=300%2C225&amp;ssl=1\" data-large-file=\"https:\/\/i0.wp.com\/mediaguinee.com\/wp-content\/uploads\/2024\/10\/IMG_0504.jpeg?fit=1024%2C768&amp;ssl=1\" tabindex=\"0\" role=\"button\"><\/a><br \/>\n<a href=\"https:\/\/mediaguinee.com\/2024\/10\/conakry-les-cadres-dedg-face-aux-responsables-des-ministeres-et-organismes-publics-sur-lutilisation-des-compteurs-prepayes-dans-le-secteur-public\/img_0501-2\/\"><img decoding=\"async\" width=\"150\" height=\"150\"src=\"https:\/\/i0.wp.com\/mediaguinee.com\/wp-content\/uploads\/2024\/10\/IMG_0501.jpeg?zoom=3&amp;resize=150,150&amp;ssl=1\" class=\"attachment-thumbnail size-thumbnail\" alt=\"\" srcset=\"https:\/\/i0.wp.com\/mediaguinee.com\/wp-content\/uploads\/2024\/10\/IMG_0501.jpeg?resize=150%2C150&amp;ssl=1 150w, https:\/\/i0.wp.com\/mediaguinee.com\/wp-content\/uploads\/2024\/10\/IMG_0501.jpeg?zoom=2&amp;resize=150%2C150&amp;ssl=1 300w, https:\/\/i0.wp.com\/mediaguinee.com\/wp-content\/uploads\/2024\/10\/IMG_0501.jpeg?zoom=3&amp;resize=150,150&amp;ssl=1 450w\" sizes=\"(max-width: 150px) 100vw, 150px\" data-attachment-id=\"268365\" data-permalink=\"https:\/\/mediaguinee.com\/2024\/10\/conakry-les-cadres-dedg-face-aux-responsables-des-ministeres-et-organismes-publics-sur-lutilisation-des-compteurs-prepayes-dans-le-secteur-public\/img_0501-2\/\" data-orig-file=\"https:\/\/i0.wp.com\/mediaguinee.com\/wp-content\/uploads\/2024\/10\/IMG_0501.jpeg?fit=1920%2C1440&amp;ssl=1\" data-orig-size=\"1920,1440\" data-comments-opened=\"1\" data-image-meta='{\"aperture\":\"1.78\",\"credit\":\"\",\"camera\":\"iPhone 16 Pro\",\"caption\":\"\",\"created_timestamp\":\"1729249030\",\"copyright\":\"\",\"focal_length\":\"6.7649998656528\",\"iso\":\"250\",\"shutter_speed\":\"0.016666666666667\",\"title\":\"\",\"orientation\":\"1\"}' data-image-title=\"IMG_0501\" data-image-description=\"\" data-image-caption=\"\" data-medium-file=\"https:\/\/i0.wp.com\/mediaguinee.com\/wp-content\/uploads\/2024\/10\/IMG_0501.jpeg?fit=300%2C225&amp;ssl=1\" data-large-file=\"https:\/\/i0.wp.com\/mediaguinee.com\/wp-content\/uploads\/2024\/10\/IMG_0501.jpeg?fit=1024%2C768&amp;ssl=1\" tabindex=\"0\" role=\"button\"><\/a><br \/>\n<a href=\"https:\/\/mediaguinee.com\/2024\/10\/conakry-les-cadres-dedg-face-aux-responsables-des-ministeres-et-organismes-publics-sur-lutilisation-des-compteurs-prepayes-dans-le-secteur-public\/img_0500\/\"><img decoding=\"async\" width=\"150\" height=\"150\"src=\"https:\/\/i0.wp.com\/mediaguinee.com\/wp-content\/uploads\/2024\/10\/IMG_0500.jpeg?zoom=3&amp;resize=150,150&amp;ssl=1\" class=\"attachment-thumbnail size-thumbnail\" alt=\"\" srcset=\"https:\/\/i0.wp.com\/mediaguinee.com\/wp-content\/uploads\/2024\/10\/IMG_0500.jpeg?resize=150%2C150&amp;ssl=1 150w, https:\/\/i0.wp.com\/mediaguinee.com\/wp-content\/uploads\/2024\/10\/IMG_0500.jpeg?zoom=2&amp;resize=150%2C150&amp;ssl=1 300w, https:\/\/i0.wp.com\/mediaguinee.com\/wp-content\/uploads\/2024\/10\/IMG_0500.jpeg?zoom=3&amp;resize=150,150&amp;ssl=1 450w\" sizes=\"(max-width: 150px) 100vw, 150px\" data-attachment-id=\"268367\" data-permalink=\"https:\/\/mediaguinee.com\/2024\/10\/conakry-les-cadres-dedg-face-aux-responsables-des-ministeres-et-organismes-publics-sur-lutilisation-des-compteurs-prepayes-dans-le-secteur-public\/img_0500\/\" data-orig-file=\"https:\/\/i0.wp.com\/mediaguinee.com\/wp-content\/uploads\/2024\/10\/IMG_0500.jpeg?fit=1920%2C1440&amp;ssl=1\" data-orig-size=\"1920,1440\" data-comments-opened=\"1\" data-image-meta='{\"aperture\":\"1.78\",\"credit\":\"\",\"camera\":\"iPhone 16 Pro\",\"caption\":\"\",\"created_timestamp\":\"1729249027\",\"copyright\":\"\",\"focal_length\":\"6.7649998656528\",\"iso\":\"250\",\"shutter_speed\":\"0.016666666666667\",\"title\":\"\",\"orientation\":\"1\"}' data-image-title=\"IMG_0500\" data-image-description=\"\" data-image-caption=\"\" data-medium-file=\"https:\/\/i0.wp.com\/mediaguinee.com\/wp-content\/uploads\/2024\/10\/IMG_0500.jpeg?fit=300%2C225&amp;ssl=1\" data-large-file=\"https:\/\/i0.wp.com\/mediaguinee.com\/wp-content\/uploads\/2024\/10\/IMG_0500.jpeg?fit=1024%2C768&amp;ssl=1\" tabindex=\"0\" role=\"button\"><\/a><\/p>\n<p style=\"font-weight: 400\"><span data-originalfontsize=\"20pt\" data-originalcomputedfontsize=\"26.666666\">\u00a0<\/span><\/p>\n<p style=\"font-weight: 400\"><span data-originalfontsize=\"20pt\" data-originalcomputedfontsize=\"26.666666\">Lors des panels anim\u00e9s conjointement par ces responsables cit\u00e9s ci-dessus, le message v\u00e9hicul\u00e9 a consist\u00e9 \u00e0 apporter des pr\u00e9cisions importantes permettant de r\u00e9duire la consommation de l\u2019\u00e9lectricit\u00e9 en privil\u00e9geant les mat\u00e9riels \u00e0 faible consommation d\u2019\u00e9nergie (climatiseurs, r\u00e9seaux, chauffe-eau, cuisini\u00e8res, frigos ampoules, etc\u2026) et d\u2019\u00e9teindre les lumi\u00e8res et tout autre appareil qui consomme de l\u2019\u00e9nergie si n\u00e9cessaire.<br \/><img decoding=\"async\" data-attachment-id=\"268369\" data-permalink=\"https:\/\/mediaguinee.com\/2024\/10\/conakry-les-cadres-dedg-face-aux-responsables-des-ministeres-et-organismes-publics-sur-lutilisation-des-compteurs-prepayes-dans-le-secteur-public\/img_0529-2\/\" data-orig-file=\"https:\/\/i0.wp.com\/mediaguinee.com\/wp-content\/uploads\/2024\/10\/IMG_0529.jpeg?fit=1920%2C1440&amp;ssl=1\" data-orig-size=\"1920,1440\" data-comments-opened=\"1\" data-image-meta='{\"aperture\":\"1.78\",\"credit\":\"\",\"camera\":\"iPhone 16 Pro\",\"caption\":\"\",\"created_timestamp\":\"1729251297\",\"copyright\":\"\",\"focal_length\":\"6.7649998656528\",\"iso\":\"80\",\"shutter_speed\":\"0.0033444816053512\",\"title\":\"\",\"orientation\":\"1\"}' data-image-title=\"IMG_0529\" data-image-description=\"\" data-image-caption=\"\" data-medium-file=\"https:\/\/i0.wp.com\/mediaguinee.com\/wp-content\/uploads\/2024\/10\/IMG_0529.jpeg?fit=300%2C225&amp;ssl=1\" data-large-file=\"https:\/\/i0.wp.com\/mediaguinee.com\/wp-content\/uploads\/2024\/10\/IMG_0529.jpeg?fit=1024%2C768&amp;ssl=1\" tabindex=\"0\" role=\"button\" class=\"alignnone size-medium wp-image-268369\"src=\"https:\/\/i0.wp.com\/mediaguinee.com\/wp-content\/uploads\/2024\/10\/IMG_0529.jpeg?w=1920&amp;ssl=1\" alt=\"\" width=\"300\" height=\"225\" srcset=\"https:\/\/i0.wp.com\/mediaguinee.com\/wp-content\/uploads\/2024\/10\/IMG_0529.jpeg?resize=300%2C225&amp;ssl=1 300w, https:\/\/i0.wp.com\/mediaguinee.com\/wp-content\/uploads\/2024\/10\/IMG_0529.jpeg?resize=1024%2C768&amp;ssl=1 1024w, https:\/\/i0.wp.com\/mediaguinee.com\/wp-content\/uploads\/2024\/10\/IMG_0529.jpeg?resize=768%2C576&amp;ssl=1 768w, https:\/\/i0.wp.com\/mediaguinee.com\/wp-content\/uploads\/2024\/10\/IMG_0529.jpeg?resize=1536%2C1152&amp;ssl=1 1536w, https:\/\/i0.wp.com\/mediaguinee.com\/wp-content\/uploads\/2024\/10\/IMG_0529.jpeg?resize=86%2C64&amp;ssl=1 86w, https:\/\/i0.wp.com\/mediaguinee.com\/wp-content\/uploads\/2024\/10\/IMG_0529.jpeg?w=1920&amp;ssl=1 1920w\" sizes=\"(max-width: 300px) 100vw, 300px\" data-recalc-dims=\"1\"><br \/><\/span><\/p>\n<p style=\"font-weight: 400\"><span data-originalfontsize=\"20pt\" data-originalcomputedfontsize=\"26.666666\">Le Secr\u00e9taire G\u00e9n\u00e9ral du Minist\u00e8re de l\u2019Energie de l\u2019Hydraulique et des Hydrocarbures, Bachir Camara, qui a donn\u00e9 le coup d\u2019envoi de ce cadre d\u2019\u00e9change a laiss\u00e9 entendre ceci : \u00ab Ce qu\u2019il faut retenir dans un premier temps, la nouvelle Direction de EDG qui d\u00e9marre tr\u00e8s fort pour l\u2019installation des compteurs \u00e0 pr\u00e9paiement chez nous ne le fait pas pour p\u00e9naliser la population mais c\u2019est pour assurer que la population utilise \u00e0 bon escient l\u2019\u00e9nergie qui est mise \u00e0 disposition. On voudrait encourager tout le monde \u00e0 aller vers EDG, demander \u00e0 ce que les compteurs soient install\u00e9s chez eux, parce que ce n\u2019est pas pour EDG seulement c\u2019est pour aussi la population, qui permettra de r\u00e9duire leur propre consommation d\u2019\u00e9nergie avec un petit changement de comportement. C\u2019est du gagnant-gagnant, ceci est fait pour que EDG puisse gagner mais \u00e9galement que la population puisse avoir un profit \u00e0 travers cette action \u00bb\u00a0<\/span><\/p>\n<p><img decoding=\"async\" data-attachment-id=\"268371\" data-permalink=\"https:\/\/mediaguinee.com\/2024\/10\/conakry-les-cadres-dedg-face-aux-responsables-des-ministeres-et-organismes-publics-sur-lutilisation-des-compteurs-prepayes-dans-le-secteur-public\/img_0511-4\/\" data-orig-file=\"https:\/\/i0.wp.com\/mediaguinee.com\/wp-content\/uploads\/2024\/10\/IMG_0511-1.jpeg?fit=1920%2C1440&amp;ssl=1\" data-orig-size=\"1920,1440\" data-comments-opened=\"1\" data-image-meta='{\"aperture\":\"1.78\",\"credit\":\"\",\"camera\":\"iPhone 16 Pro\",\"caption\":\"\",\"created_timestamp\":\"1729249135\",\"copyright\":\"\",\"focal_length\":\"6.7649998656528\",\"iso\":\"250\",\"shutter_speed\":\"0.02\",\"title\":\"\",\"orientation\":\"1\"}' data-image-title=\"IMG_0511\" data-image-description=\"\" data-image-caption=\"\" data-medium-file=\"https:\/\/i0.wp.com\/mediaguinee.com\/wp-content\/uploads\/2024\/10\/IMG_0511-1.jpeg?fit=300%2C225&amp;ssl=1\" data-large-file=\"https:\/\/i0.wp.com\/mediaguinee.com\/wp-content\/uploads\/2024\/10\/IMG_0511-1.jpeg?fit=1024%2C768&amp;ssl=1\" tabindex=\"0\" role=\"button\" class=\"alignnone size-medium wp-image-268371\"src=\"https:\/\/i0.wp.com\/mediaguinee.com\/wp-content\/uploads\/2024\/10\/IMG_0511-1.jpeg?w=1920&amp;ssl=1\" alt=\"\" width=\"300\" height=\"225\" srcset=\"https:\/\/i0.wp.com\/mediaguinee.com\/wp-content\/uploads\/2024\/10\/IMG_0511-1.jpeg?resize=300%2C225&amp;ssl=1 300w, https:\/\/i0.wp.com\/mediaguinee.com\/wp-content\/uploads\/2024\/10\/IMG_0511-1.jpeg?resize=1024%2C768&amp;ssl=1 1024w, https:\/\/i0.wp.com\/mediaguinee.com\/wp-content\/uploads\/2024\/10\/IMG_0511-1.jpeg?resize=768%2C576&amp;ssl=1 768w, https:\/\/i0.wp.com\/mediaguinee.com\/wp-content\/uploads\/2024\/10\/IMG_0511-1.jpeg?resize=1536%2C1152&amp;ssl=1 1536w, https:\/\/i0.wp.com\/mediaguinee.com\/wp-content\/uploads\/2024\/10\/IMG_0511-1.jpeg?resize=86%2C64&amp;ssl=1 86w, https:\/\/i0.wp.com\/mediaguinee.com\/wp-content\/uploads\/2024\/10\/IMG_0511-1.jpeg?w=1920&amp;ssl=1 1920w\" sizes=\"(max-width: 300px) 100vw, 300px\" data-recalc-dims=\"1\"><\/p>\n<p style=\"font-weight: 400\"><span data-originalfontsize=\"20pt\" data-originalcomputedfontsize=\"26.666666\">Profitant de sa pr\u00e9sence \u00e0 l\u2019occasion de cet atelier, Elhadj Gandho Barry, directeur g\u00e9n\u00e9ral d\u2019EDG est revenu sur le but de cette rencontre. \u00ab L\u2019objectif vis\u00e9 au cours de cet atelier est de partager les bonnes pratiques en mati\u00e8re d\u2019\u00e9conomie d\u2019\u00e9nergie. L\u2019objectif sp\u00e9cifique c\u2019est au sortir de cet atelier qu\u2019on d\u00e9signe les correspondants \u00e9nergies au niveau des d\u00e9partements minist\u00e9riels et des organismes publics qui sont repr\u00e9sent\u00e9s \u00e0 cet atelier. Les correspondants \u00e9nergie seront les traits d\u2019union entre la soci\u00e9t\u00e9 \u00e9lectricit\u00e9 de Guin\u00e9e et les d\u00e9partements minist\u00e9riels ou les organismes publics et les directions nationales qui sont repr\u00e9sent\u00e9s \u00e0 cet atelier. Au-del\u00e0 de ceux qui sont repr\u00e9sent\u00e9s au cours de cet atelier, nous avons adress\u00e9 un courrier aux directions nationales des \u00e9tablissements publics, aux entit\u00e9s publiques pour qu\u2019elles puissent designer des points focaux dont des correspondants \u00e9nergies. Donc, au cours de cet atelier, on partagera ensemble les petits outils qui permettront \u00e0 chaque correspondant \u00e9nergie de r\u00e9duire la facture d\u2019\u00e9nergie, de l\u2019empreinte carbone au niveau de la direction g\u00e9n\u00e9rale de l\u2019organisme public ou du minist\u00e8re pour permettre \u00e0 l\u2019organisation que \u00e7a soit la direction g\u00e9n\u00e9rale d\u2019un d\u00e9partement d\u2019avoir une meilleure ma\u00eetrise de sa facture d\u2019\u00e9nergie\u00a0\u00bb.<\/span><\/p>\n<p style=\"font-weight: 400\"><span data-originalfontsize=\"20pt\" data-originalcomputedfontsize=\"26.666666\">Poursuivant, le patron d\u2019EDG de rappeler les avantages d\u2019\u00e9conomiser la consommation de l\u2019\u00e9lectricit\u00e9. \u00ab Leur ma\u00eetrise de la facture d\u2019\u00e9nergie a un avantage pour certains, c\u2019est d\u2019abord \u00e9conomiser de l\u2019argent mais c\u2019est en m\u00eame temps lib\u00e9rer l\u2019\u00e9nergie pour d\u2019autres besoins. L\u2019exercice doit continuer au-del\u00e0 de cette cession. Les correspondants \u00e9nergies vont aussi r\u00e9pliquer l\u2019exercice au niveau de leurs d\u00e9partements minist\u00e9riels ou de leurs organismes publics au niveau des directions g\u00e9n\u00e9rales pour montrer des petites astuces pour permettre d\u2019\u00e9conomiser en \u00e9teignant par exemple les ampoules lorsque vous n\u2019\u00eates plus dans la salle. En \u00e9teignant les climatiseurs, en d\u00e9branchant vos ordinateurs ou vos chargeurs lorsqu\u2019ils ne sont pas en utilisation, en \u00e9vitant d\u2019utiliser les micro-ondes qui sont \u00e9nergivores ou d\u2019autres \u00e9quipements qui vous co\u00fbtent de l\u2019argent qui ne sont pas des appareillages\u00a0\u00bb, a sugg\u00e9r\u00e9 le nouveau directeur g\u00e9n\u00e9ral de l\u2019\u00c9lectricit\u00e9 De Guin\u00e9e.\u00a0<\/span><\/p>\n<p style=\"font-weight: 400\"><span data-originalfontsize=\"20pt\" data-originalcomputedfontsize=\"26.666666\">\u00c0 en croire l\u2019ancien ministre des Infrastructures et des Travaux publics, \u00ab c\u2019est un peu fr\u00e9quent de voir des directions g\u00e9n\u00e9rales, des directions nationales ou des organismes auxquels il y a juste quelqu\u2019un qui habite derri\u00e8re, il y a un immeuble de fonctionnaire derri\u00e8re mais qui sont tous raccord\u00e9s au b\u00e2timent mais la facture elle est pay\u00e9e, elle est support\u00e9e de qui ? Par l\u2019organisme public. Donc vous en tant que correspondant \u00e9nergie on voudrait compter sur vous pour assainir les branchements clandestins et en faire des branchements qui sont l\u00e9gaux. Encore une fois si vous tol\u00e9rez que des boutiquiers se branchent\u00a0 clandestinement vis-\u00e0-vis de la loi, vous \u00eates complices de vol d\u2019\u00e9lectricit\u00e9 et donc passible de peine pr\u00e9vues et punies\u00a0 par le code p\u00e9nal guin\u00e9en. Donc il faut que \u00e7a soit clair. Si vous laissez des boutiquiers se brancher \u00e0 votre b\u00e2timent public, vous \u00eates le correspondant \u00e0 \u00e9nergie, pour une raison ou pour une autre, vous \u00eates complice de vol d\u2019\u00e9lectricit\u00e9\u00a0\u00bb, a-t-il pr\u00e9cis\u00e9.\u00a0<\/span><\/p>\n<p style=\"font-weight: 400\"><strong><span data-originalfontsize=\"20pt\" data-originalcomputedfontsize=\"26.666666\">Mamadou Yaya Barry<\/span><\/strong><\/p>\n<p>L\u2019article <a href=\"https:\/\/mediaguinee.com\/2024\/10\/conakry-les-cadres-dedg-face-aux-responsables-des-ministeres-et-organismes-publics-sur-lutilisation-des-compteurs-prepayes-dans-le-secteur-public\/\">Conakry: les cadres d\u2019EDG face aux responsables des minist\u00e8res et organismes publics sur l\u2019utilisation des compteurs pr\u00e9pay\u00e9s dans le secteur public<\/a> est apparu en premier sur <a href=\"https:\/\/mediaguinee.com\/\">Mediaguinee.com<\/a>.<\/p>\n<\/div>\n","protected":false},"excerpt":{"rendered":"<p>Un atelier d\u2019information et de sensibilisation sur l\u2019efficacit\u00e9 \u00e9nerg\u00e9tique et l\u2019utilisation du compteur pr\u00e9pay\u00e9 dans le secteur public, a r\u00e9uni ce vendredi 18 octobre \u00e0 Conakry, les\u00a0repr\u00e9sentants des minist\u00e8res et d\u2019autres Directions de l\u2019Etat. Durant des heures, plusieurs th\u00e9matiques sur la \u00ab\u00a0probl\u00e9matique de l\u2019\u00e9lectricit\u00e9 en Guin\u00e9e et l\u2019efficacit\u00e9 \u00e9nerg\u00e9tique; compteur \u00e0 pr\u00e9paiement; l\u2019efficacit\u00e9 de l\u2019\u00e9conomie &hellip;<\/p>\n","protected":false},"author":1,"featured_media":0,"comment_status":"closed","ping_status":"closed","sticky":false,"template":"","format":"standard","meta":{"footnotes":""},"categories":[2],"tags":[23],"_links":{"self":[{"href":"https:\/\/de.ambaguinee.org\/index.php?rest_route=\/wp\/v2\/posts\/78282"}],"collection":[{"href":"https:\/\/de.ambaguinee.org\/index.php?rest_route=\/wp\/v2\/posts"}],"about":[{"href":"https:\/\/de.ambaguinee.org\/index.php?rest_route=\/wp\/v2\/types\/post"}],"author":[{"embeddable":true,"href":"https:\/\/de.ambaguinee.org\/index.php?rest_route=\/wp\/v2\/users\/1"}],"replies":[{"embeddable":true,"href":"https:\/\/de.ambaguinee.org\/index.php?rest_route=%2Fwp%2Fv2%2Fcomments&post=78282"}],"version-history":[{"count":0,"href":"https:\/\/de.ambaguinee.org\/index.php?rest_route=\/wp\/v2\/posts\/78282\/revisions"}],"wp:attachment":[{"href":"https:\/\/de.ambaguinee.org\/index.php?rest_route=%2Fwp%2Fv2%2Fmedia&parent=78282"}],"wp:term":[{"taxonomy":"category","embeddable":true,"href":"https:\/\/de.ambaguinee.org\/index.php?rest_route=%2Fwp%2Fv2%2Fcategories&post=78282"},{"taxonomy":"post_tag","embeddable":true,"href":"https:\/\/de.ambaguinee.org\/index.php?rest_route=%2Fwp%2Fv2%2Ftags&post=78282"}],"curies":[{"name":"wp","href":"https:\/\/api.w.org\/{rel}","templated":true}]}}