{"id":78348,"date":"2024-10-19T23:09:46","date_gmt":"2024-10-19T21:09:46","guid":{"rendered":"https:\/\/de.ambaguinee.org\/?p=78348"},"modified":"2024-10-19T23:09:46","modified_gmt":"2024-10-19T21:09:46","slug":"adhesion-du-peuple-de-guinee-le-general-doumbouya-confronte-a-un-choix-decisif-pour-latteinte-de-ses-objectifs-thierno-oumar-diawara","status":"publish","type":"post","link":"https:\/\/de.ambaguinee.org\/?p=78348","title":{"rendered":"Adh\u00e9sion du peuple de Guin\u00e9e : le G\u00e9n\u00e9ral Doumbouya confront\u00e9 \u00e0 un choix d\u00e9cisif pour l\u2019atteinte de ses \u00ab objectifs \u00bb ! [Thierno Oumar Diawara]"},"content":{"rendered":"<div>\n<div style=\"margin-bottom:20px;\"><img width=\"984\" height=\"837\"src=\"https:\/\/i0.wp.com\/mediaguinee.com\/wp-content\/uploads\/2024\/10\/IMG_6235.jpeg?w=984&amp;ssl=1\" class=\"attachment-post-thumbnail size-post-thumbnail wp-post-image\" alt=\"\" decoding=\"async\" srcset=\"https:\/\/i0.wp.com\/mediaguinee.com\/wp-content\/uploads\/2024\/10\/IMG_6235.jpeg?w=984&amp;ssl=1 984w, https:\/\/i0.wp.com\/mediaguinee.com\/wp-content\/uploads\/2024\/10\/IMG_6235.jpeg?resize=300%2C255&amp;ssl=1 300w, https:\/\/i0.wp.com\/mediaguinee.com\/wp-content\/uploads\/2024\/10\/IMG_6235.jpeg?resize=768%2C653&amp;ssl=1 768w\" sizes=\"(max-width: 984px) 100vw, 984px\" data-attachment-id=\"268405\" data-permalink=\"https:\/\/mediaguinee.com\/2024\/10\/adhesion-du-peuple-de-guinee-le-general-doumbouya-confronte-a-un-choix-decisif-pour-latteinte-de-ses-objectifs-thierno-oumar-diawara\/img_6235\/\" data-orig-file=\"https:\/\/i0.wp.com\/mediaguinee.com\/wp-content\/uploads\/2024\/10\/IMG_6235.jpeg?fit=984%2C837&amp;ssl=1\" data-orig-size=\"984,837\" data-comments-opened=\"1\" data-image-meta='{\"aperture\":\"0\",\"credit\":\"\",\"camera\":\"\",\"caption\":\"\",\"created_timestamp\":\"0\",\"copyright\":\"\",\"focal_length\":\"0\",\"iso\":\"0\",\"shutter_speed\":\"0\",\"title\":\"\",\"orientation\":\"1\"}' data-image-title=\"IMG_6235\" data-image-description=\"\" data-image-caption=\"\" data-medium-file=\"https:\/\/i0.wp.com\/mediaguinee.com\/wp-content\/uploads\/2024\/10\/IMG_6235.jpeg?fit=300%2C255&amp;ssl=1\" data-large-file=\"https:\/\/i0.wp.com\/mediaguinee.com\/wp-content\/uploads\/2024\/10\/IMG_6235.jpeg?fit=984%2C837&amp;ssl=1\" tabindex=\"0\" role=\"button\"><\/div>\n<p><span data-removefontsize=\"true\" data-originalcomputedfontsize=\"16\">Diriger la Guin<\/span><span data-removefontsize=\"true\" data-originalcomputedfontsize=\"16\">\u00e9<\/span><span data-removefontsize=\"true\" data-originalcomputedfontsize=\"16\">e implique de d<\/span><span data-removefontsize=\"true\" data-originalcomputedfontsize=\"16\">\u00e9<\/span><span data-removefontsize=\"true\" data-originalcomputedfontsize=\"16\">fendre un id<\/span><span data-removefontsize=\"true\" data-originalcomputedfontsize=\"16\">\u00e9<\/span><span data-removefontsize=\"true\" data-originalcomputedfontsize=\"16\">al au b<\/span><span data-removefontsize=\"true\" data-originalcomputedfontsize=\"16\">\u00e9<\/span><span data-removefontsize=\"true\" data-originalcomputedfontsize=\"16\">n<\/span><span data-removefontsize=\"true\" data-originalcomputedfontsize=\"16\">\u00e9<\/span><span data-removefontsize=\"true\" data-originalcomputedfontsize=\"16\">fice de tous ses citoyens. La Guin<\/span><span data-removefontsize=\"true\" data-originalcomputedfontsize=\"16\">\u00e9<\/span><span data-removefontsize=\"true\" data-originalcomputedfontsize=\"16\">e est un pays que chaque bon patriote devrait aspirer\u00a0<\/span><span data-removefontsize=\"true\" data-originalcomputedfontsize=\"16\">\u00e0<\/span><span data-removefontsize=\"true\" data-originalcomputedfontsize=\"16\">\u00a0diriger, en privil\u00e9giant les int<\/span><span data-removefontsize=\"true\" data-originalcomputedfontsize=\"16\">\u00e9<\/span><span data-removefontsize=\"true\" data-originalcomputedfontsize=\"16\">r<\/span><span data-removefontsize=\"true\" data-originalcomputedfontsize=\"16\">\u00ea<\/span><span data-removefontsize=\"true\" data-originalcomputedfontsize=\"16\">ts nationaux avant tout.\u00a0<\/span><\/p>\n<p><span data-removefontsize=\"true\" data-originalcomputedfontsize=\"16\">Historiquement, les discours charmants ont souvent s<\/span><span data-removefontsize=\"true\" data-originalcomputedfontsize=\"16\">\u00e9<\/span><span data-removefontsize=\"true\" data-originalcomputedfontsize=\"16\">duit la majorit<\/span><span data-removefontsize=\"true\" data-originalcomputedfontsize=\"16\">\u00e9<\/span><span data-removefontsize=\"true\" data-originalcomputedfontsize=\"16\">, mais les Guin<\/span><span data-removefontsize=\"true\" data-originalcomputedfontsize=\"16\">\u00e9<\/span><span data-removefontsize=\"true\" data-originalcomputedfontsize=\"16\">ens continuent de lutter contre de nombreux d<\/span><span data-removefontsize=\"true\" data-originalcomputedfontsize=\"16\">\u00e9<\/span><span data-removefontsize=\"true\" data-originalcomputedfontsize=\"16\">fis. La situation socio-<\/span><span data-removefontsize=\"true\" data-originalcomputedfontsize=\"16\">\u00e9<\/span><span data-removefontsize=\"true\" data-originalcomputedfontsize=\"16\">conomique du pays et le bien-<\/span><span data-removefontsize=\"true\" data-originalcomputedfontsize=\"16\">\u00ea<\/span><span data-removefontsize=\"true\" data-originalcomputedfontsize=\"16\">tre de ses habitants sont le reflet de nos choix politiques et parfois de notre\u00a0<\/span><span data-removefontsize=\"true\" data-originalcomputedfontsize=\"16\">\u00e9<\/span><span data-removefontsize=\"true\" data-originalcomputedfontsize=\"16\">go<\/span><span data-removefontsize=\"true\" data-originalcomputedfontsize=\"16\">\u00ef<\/span><span data-removefontsize=\"true\" data-originalcomputedfontsize=\"16\">sme\u00a0: tout pour moi, rien pour les autres alors que voler ou d\u00e9tourner les deniers publics n\u2019est pas une \u00ab\u00a0b\u00e9n\u00e9diction\u00a0\u00bb, plut\u00f4t une mal\u00e9diction. \u00a0<\/span><\/p>\n<p>\u00a0<\/p>\n<p><span data-removefontsize=\"true\" data-originalcomputedfontsize=\"16\">Il est crucial de surveiller attentivement la gestion du pays pour s\u2019affranchir des dirigeants motiv<\/span><span data-removefontsize=\"true\" data-originalcomputedfontsize=\"16\">\u00e9<\/span><span data-removefontsize=\"true\" data-originalcomputedfontsize=\"16\">s uniquement par des int<\/span><span data-removefontsize=\"true\" data-originalcomputedfontsize=\"16\">\u00e9<\/span><span data-removefontsize=\"true\" data-originalcomputedfontsize=\"16\">r<\/span><span data-removefontsize=\"true\" data-originalcomputedfontsize=\"16\">\u00ea<\/span><span data-removefontsize=\"true\" data-originalcomputedfontsize=\"16\">ts personnels. Cependant, les d\u00e9bats restent focalis\u00e9s sur la junte militaire sous la direction du G<\/span><span data-removefontsize=\"true\" data-originalcomputedfontsize=\"16\">\u00e9<\/span><span data-removefontsize=\"true\" data-originalcomputedfontsize=\"16\">n<\/span><span data-removefontsize=\"true\" data-originalcomputedfontsize=\"16\">\u00e9<\/span><span data-removefontsize=\"true\" data-originalcomputedfontsize=\"16\">ral Mamadi Doumbouya qui, depuis le coup d\u2019<\/span><span data-removefontsize=\"true\" data-originalcomputedfontsize=\"16\">\u00c9<\/span><span data-removefontsize=\"true\" data-originalcomputedfontsize=\"16\">tat du 5 septembre 2021, convient d\u2019<\/span><span data-removefontsize=\"true\" data-originalcomputedfontsize=\"16\">\u00e9<\/span><span data-removefontsize=\"true\" data-originalcomputedfontsize=\"16\">valuer si les actions entreprises par son administration ont\u00a0<\/span><span data-removefontsize=\"true\" data-originalcomputedfontsize=\"16\">\u00e9<\/span><span data-removefontsize=\"true\" data-originalcomputedfontsize=\"16\">t<\/span><span data-removefontsize=\"true\" data-originalcomputedfontsize=\"16\">\u00e9<\/span><span data-removefontsize=\"true\" data-originalcomputedfontsize=\"16\">\u00a0b<\/span><span data-removefontsize=\"true\" data-originalcomputedfontsize=\"16\">\u00e9<\/span><span data-removefontsize=\"true\" data-originalcomputedfontsize=\"16\">n<\/span><span data-removefontsize=\"true\" data-originalcomputedfontsize=\"16\">\u00e9<\/span><span data-removefontsize=\"true\" data-originalcomputedfontsize=\"16\">fiques pour la population. Si l\u2019<\/span><span data-removefontsize=\"true\" data-originalcomputedfontsize=\"16\">\u00e9<\/span><span data-removefontsize=\"true\" data-originalcomputedfontsize=\"16\">valuation est positive, il y a l\u2019espoir que le G<\/span><span data-removefontsize=\"true\" data-originalcomputedfontsize=\"16\">\u00e9<\/span><span data-removefontsize=\"true\" data-originalcomputedfontsize=\"16\">n<\/span><span data-removefontsize=\"true\" data-originalcomputedfontsize=\"16\">\u00e9<\/span><span data-removefontsize=\"true\" data-originalcomputedfontsize=\"16\">ral Doumbouya pourrait apporter de meilleures solutions dans le futur, du moins sortir le pays de l\u2019orni\u00e8re.\u00a0<\/span><\/p>\n<p>\u00a0<\/p>\n<p><span data-removefontsize=\"true\" data-originalcomputedfontsize=\"16\">Et justement, le sujet br\u00fblant de l\u2019heure en Guin<\/span><span data-removefontsize=\"true\" data-originalcomputedfontsize=\"16\">\u00e9<\/span><span data-removefontsize=\"true\" data-originalcomputedfontsize=\"16\">e et au-del<\/span><span data-removefontsize=\"true\" data-originalcomputedfontsize=\"16\">\u00e0<\/span><span data-removefontsize=\"true\" data-originalcomputedfontsize=\"16\">\u00a0de ses fronti<\/span><span data-removefontsize=\"true\" data-originalcomputedfontsize=\"16\">\u00e8<\/span><span data-removefontsize=\"true\" data-originalcomputedfontsize=\"16\">res porte sur la possible candidature du Chef de la junte militaire aux prochaines\u00a0<\/span><span data-removefontsize=\"true\" data-originalcomputedfontsize=\"16\">\u00e9<\/span><span data-removefontsize=\"true\" data-originalcomputedfontsize=\"16\">lections nationales. Les opinions sur ce sujet varient en fonction des int<\/span><span data-removefontsize=\"true\" data-originalcomputedfontsize=\"16\">\u00e9<\/span><span data-removefontsize=\"true\" data-originalcomputedfontsize=\"16\">r<\/span><span data-removefontsize=\"true\" data-originalcomputedfontsize=\"16\">\u00ea<\/span><span data-removefontsize=\"true\" data-originalcomputedfontsize=\"16\">ts des uns et des autres. Si le G<\/span><span data-removefontsize=\"true\" data-originalcomputedfontsize=\"16\">\u00e9<\/span><span data-removefontsize=\"true\" data-originalcomputedfontsize=\"16\">n<\/span><span data-removefontsize=\"true\" data-originalcomputedfontsize=\"16\">\u00e9<\/span><span data-removefontsize=\"true\" data-originalcomputedfontsize=\"16\">ral Mamadi Doumbouya souhaite diriger le pays dans l\u2019int<\/span><span data-removefontsize=\"true\" data-originalcomputedfontsize=\"16\">\u00e9<\/span><span data-removefontsize=\"true\" data-originalcomputedfontsize=\"16\">r<\/span><span data-removefontsize=\"true\" data-originalcomputedfontsize=\"16\">\u00ea<\/span><span data-removefontsize=\"true\" data-originalcomputedfontsize=\"16\">t de tous les Guin<\/span><span data-removefontsize=\"true\" data-originalcomputedfontsize=\"16\">\u00e9<\/span><span data-removefontsize=\"true\" data-originalcomputedfontsize=\"16\">ens sans exception, il doit interdire les mouvements de soutien qui ont toujours conduits aux m<\/span><span data-removefontsize=\"true\" data-originalcomputedfontsize=\"16\">\u00ea<\/span><span data-removefontsize=\"true\" data-originalcomputedfontsize=\"16\">mes r<\/span><span data-removefontsize=\"true\" data-originalcomputedfontsize=\"16\">\u00e9<\/span><span data-removefontsize=\"true\" data-originalcomputedfontsize=\"16\">sultats d<\/span><span data-removefontsize=\"true\" data-originalcomputedfontsize=\"16\">\u00e9<\/span><span data-removefontsize=\"true\" data-originalcomputedfontsize=\"16\">cevants. Et d\u2019ailleurs ce sont les m\u00eames individus qui portaient le projet controvers\u00e9 de 3<sup data-removefontsize=\"true\" data-originalcomputedfontsize=\"13.333333\">\u00e8me<\/sup>\u00a0mandat du pr\u00e9sident d\u00e9chu Alpha Cond\u00e9.\u00a0<\/span><\/p>\n<p>\u00a0<\/p>\n<p><span data-removefontsize=\"true\" data-originalcomputedfontsize=\"16\">Par ricochet, le v<\/span><span data-removefontsize=\"true\" data-originalcomputedfontsize=\"16\">\u00e9<\/span><span data-removefontsize=\"true\" data-originalcomputedfontsize=\"16\">ritable combat de l\u2019homme du 5 septembre devrait\u00a0<\/span><span data-removefontsize=\"true\" data-originalcomputedfontsize=\"16\">\u00ea<\/span><span data-removefontsize=\"true\" data-originalcomputedfontsize=\"16\">tre de rassembler les Guin<\/span><span data-removefontsize=\"true\" data-originalcomputedfontsize=\"16\">\u00e9<\/span><span data-removefontsize=\"true\" data-originalcomputedfontsize=\"16\">ens autour d\u2019un id<\/span><span data-removefontsize=\"true\" data-originalcomputedfontsize=\"16\">\u00e9<\/span><span data-removefontsize=\"true\" data-originalcomputedfontsize=\"16\">al commun, mettant en avant l\u2019int<\/span><span data-removefontsize=\"true\" data-originalcomputedfontsize=\"16\">\u00e9<\/span><span data-removefontsize=\"true\" data-originalcomputedfontsize=\"16\">r<\/span><span data-removefontsize=\"true\" data-originalcomputedfontsize=\"16\">\u00ea<\/span><span data-removefontsize=\"true\" data-originalcomputedfontsize=\"16\">t de la Nation. C\u2019est ce \u00ab\u00a0d<\/span><span data-removefontsize=\"true\" data-originalcomputedfontsize=\"16\">\u00e9<\/span><span data-removefontsize=\"true\" data-originalcomputedfontsize=\"16\">fi\u00a0\u00bb de r<\/span><span data-removefontsize=\"true\" data-originalcomputedfontsize=\"16\">\u00e9<\/span><span data-removefontsize=\"true\" data-originalcomputedfontsize=\"16\">unification nationale qui lui permettra de gagner l\u2019adh<\/span><span data-removefontsize=\"true\" data-originalcomputedfontsize=\"16\">\u00e9<\/span><span data-removefontsize=\"true\" data-originalcomputedfontsize=\"16\">sion de l\u2019ensemble de ses compatriotes et donc atteindre ses objectifs.<\/span><\/p>\n<p>\u00a0<\/p>\n<p><span data-removefontsize=\"true\" data-originalcomputedfontsize=\"16\">En d\u2019autres termes, le locataire du palais Mohamed V est confront<\/span><span data-removefontsize=\"true\" data-originalcomputedfontsize=\"16\">\u00e9<\/span>\u00a0<span data-removefontsize=\"true\" data-originalcomputedfontsize=\"16\">\u00e0<\/span><span data-removefontsize=\"true\" data-originalcomputedfontsize=\"16\">\u00a0un choix d<\/span><span data-removefontsize=\"true\" data-originalcomputedfontsize=\"16\">\u00e9<\/span><span data-removefontsize=\"true\" data-originalcomputedfontsize=\"16\">cisif\u00a0: soit il sert les int<\/span><span data-removefontsize=\"true\" data-originalcomputedfontsize=\"16\">\u00e9<\/span><span data-removefontsize=\"true\" data-originalcomputedfontsize=\"16\">r<\/span><span data-removefontsize=\"true\" data-originalcomputedfontsize=\"16\">\u00ea<\/span><span data-removefontsize=\"true\" data-originalcomputedfontsize=\"16\">ts de toute la population Guin<\/span><span data-removefontsize=\"true\" data-originalcomputedfontsize=\"16\">\u00e9<\/span><span data-removefontsize=\"true\" data-originalcomputedfontsize=\"16\">enne, soit il favorise un petit groupe d\u2019individus. Cette d<\/span><span data-removefontsize=\"true\" data-originalcomputedfontsize=\"16\">\u00e9<\/span><span data-removefontsize=\"true\" data-originalcomputedfontsize=\"16\">cision est d\u2019une importance capitale, car elle d\u00e9terminera non seulement son avenir politique mais aussi son influence sur la soci<\/span><span data-removefontsize=\"true\" data-originalcomputedfontsize=\"16\">\u00e9<\/span><span data-removefontsize=\"true\" data-originalcomputedfontsize=\"16\">t<\/span><span data-removefontsize=\"true\" data-originalcomputedfontsize=\"16\">\u00e9<\/span><span data-removefontsize=\"true\" data-originalcomputedfontsize=\"16\">\u00a0Guin<\/span><span data-removefontsize=\"true\" data-originalcomputedfontsize=\"16\">\u00e9<\/span><span data-removefontsize=\"true\" data-originalcomputedfontsize=\"16\">enne qui est d\u00e9sormais autonome et difficile \u00e0 manipuler.\u00a0<\/span><\/p>\n<p><strong><span data-originalfontsize=\"12pt\" data-originalcomputedfontsize=\"16\">Thierno Oumar Diawara<\/span><\/strong><\/p>\n<p><strong><span data-originalfontsize=\"12pt\" data-originalcomputedfontsize=\"16\">Journaliste \/\u00a0<a href=\"mailto:dcthierno4@gmail.com\" data-removefontsize=\"true\" data-originalcomputedfontsize=\"16\">dcthierno4@gmail.com<\/a><\/span><\/strong><\/p>\n<p><strong data-removefontsize=\"true\" data-originalcomputedfontsize=\"16\">Fondateur du journal www.<\/strong><strong><a href=\"http:\/\/courrierregional.com\/\" data-saferedirecturl=\"https:\/\/www.google.com\/url?q=http:\/\/courrierregional.com&amp;source=gmail&amp;ust=1729365376728000&amp;usg=AOvVaw317yTq0uARQRhja_FARVc6\" data-removefontsize=\"true\" data-originalcomputedfontsize=\"16\">courrierregional.com<\/a><\/strong><\/p>\n<p><b><span style=\"color: #0000ff; font-family: georgia, serif;\" data-removefontsize=\"true\" data-originalcomputedfontsize=\"16\">\u00a0+33 751 97 89 36 (France<\/span><\/b><\/p>\n<p>L\u2019article <a href=\"https:\/\/mediaguinee.com\/2024\/10\/adhesion-du-peuple-de-guinee-le-general-doumbouya-confronte-a-un-choix-decisif-pour-latteinte-de-ses-objectifs-thierno-oumar-diawara\/\">Adh\u00e9sion du peuple de Guin\u00e9e : le G\u00e9n\u00e9ral Doumbouya confront\u00e9 \u00e0 un choix d\u00e9cisif pour l\u2019atteinte de ses \u00ab objectifs \u00bb ! [Thierno Oumar Diawara]<\/a> est apparu en premier sur <a href=\"https:\/\/mediaguinee.com\/\">Mediaguinee.com<\/a>.<\/p>\n<\/div>\n","protected":false},"excerpt":{"rendered":"<p>Diriger la Guin\u00e9e implique de d\u00e9fendre un id\u00e9al au b\u00e9n\u00e9fice de tous ses citoyens. La Guin\u00e9e est un pays que chaque bon patriote devrait aspirer\u00a0\u00e0\u00a0diriger, en privil\u00e9giant les int\u00e9r\u00eats nationaux avant tout.\u00a0 Historiquement, les discours charmants ont souvent s\u00e9duit la majorit\u00e9, mais les Guin\u00e9ens continuent de lutter contre de nombreux d\u00e9fis. La situation socio-\u00e9conomique du &hellip;<\/p>\n","protected":false},"author":1,"featured_media":0,"comment_status":"closed","ping_status":"closed","sticky":false,"template":"","format":"standard","meta":{"footnotes":""},"categories":[2],"tags":[23],"_links":{"self":[{"href":"https:\/\/de.ambaguinee.org\/index.php?rest_route=\/wp\/v2\/posts\/78348"}],"collection":[{"href":"https:\/\/de.ambaguinee.org\/index.php?rest_route=\/wp\/v2\/posts"}],"about":[{"href":"https:\/\/de.ambaguinee.org\/index.php?rest_route=\/wp\/v2\/types\/post"}],"author":[{"embeddable":true,"href":"https:\/\/de.ambaguinee.org\/index.php?rest_route=\/wp\/v2\/users\/1"}],"replies":[{"embeddable":true,"href":"https:\/\/de.ambaguinee.org\/index.php?rest_route=%2Fwp%2Fv2%2Fcomments&post=78348"}],"version-history":[{"count":0,"href":"https:\/\/de.ambaguinee.org\/index.php?rest_route=\/wp\/v2\/posts\/78348\/revisions"}],"wp:attachment":[{"href":"https:\/\/de.ambaguinee.org\/index.php?rest_route=%2Fwp%2Fv2%2Fmedia&parent=78348"}],"wp:term":[{"taxonomy":"category","embeddable":true,"href":"https:\/\/de.ambaguinee.org\/index.php?rest_route=%2Fwp%2Fv2%2Fcategories&post=78348"},{"taxonomy":"post_tag","embeddable":true,"href":"https:\/\/de.ambaguinee.org\/index.php?rest_route=%2Fwp%2Fv2%2Ftags&post=78348"}],"curies":[{"name":"wp","href":"https:\/\/api.w.org\/{rel}","templated":true}]}}