{"id":78997,"date":"2024-10-28T23:01:09","date_gmt":"2024-10-28T22:01:09","guid":{"rendered":"https:\/\/de.ambaguinee.org\/?p=78997"},"modified":"2024-10-28T23:01:09","modified_gmt":"2024-10-28T22:01:09","slug":"nzerekore-accuse-de-tentative-de-viol-ismael-bamba-se-defend-a-la-barre-son-pagne-etait-deja-dechire-je-ne-lai-jamais-touchee","status":"publish","type":"post","link":"https:\/\/de.ambaguinee.org\/?p=78997","title":{"rendered":"N\u2019z\u00e9r\u00e9kor\u00e9- Accus\u00e9 de tentative de viol, Isma\u00ebl Bamba se d\u00e9fend \u00e0 la barre: \u00ab\u00a0son pagne \u00e9tait d\u00e9j\u00e0 d\u00e9chir\u00e9. Je ne l\u2019ai jamais touch\u00e9e\u00a0\u00bb"},"content":{"rendered":"<div>\n<div style=\"margin-bottom:20px;\"><img width=\"1920\" height=\"1440\"src=\"https:\/\/i0.wp.com\/mediaguinee.com\/wp-content\/uploads\/2024\/10\/IMG_6646.jpeg?w=1920&amp;ssl=1\" class=\"attachment-post-thumbnail size-post-thumbnail wp-post-image\" alt=\"\" decoding=\"async\" srcset=\"https:\/\/i0.wp.com\/mediaguinee.com\/wp-content\/uploads\/2024\/10\/IMG_6646.jpeg?w=1920&amp;ssl=1 1920w, https:\/\/i0.wp.com\/mediaguinee.com\/wp-content\/uploads\/2024\/10\/IMG_6646.jpeg?resize=300%2C225&amp;ssl=1 300w, https:\/\/i0.wp.com\/mediaguinee.com\/wp-content\/uploads\/2024\/10\/IMG_6646.jpeg?resize=1024%2C768&amp;ssl=1 1024w, https:\/\/i0.wp.com\/mediaguinee.com\/wp-content\/uploads\/2024\/10\/IMG_6646.jpeg?resize=768%2C576&amp;ssl=1 768w, https:\/\/i0.wp.com\/mediaguinee.com\/wp-content\/uploads\/2024\/10\/IMG_6646.jpeg?resize=1536%2C1152&amp;ssl=1 1536w, https:\/\/i0.wp.com\/mediaguinee.com\/wp-content\/uploads\/2024\/10\/IMG_6646.jpeg?resize=86%2C64&amp;ssl=1 86w\" sizes=\"(max-width: 1920px) 100vw, 1920px\" data-attachment-id=\"269064\" data-permalink=\"https:\/\/mediaguinee.com\/2024\/10\/nzerekore-accuse-de-tentative-de-viol-ismael-bamba-se-defend-a-la-barre-son-pagne-etait-deja-dechire-je-ne-lai-jamais-touche\/img_6646-2\/\" data-orig-file=\"https:\/\/i0.wp.com\/mediaguinee.com\/wp-content\/uploads\/2024\/10\/IMG_6646.jpeg?fit=1920%2C1440&amp;ssl=1\" data-orig-size=\"1920,1440\" data-comments-opened=\"1\" data-image-meta='{\"aperture\":\"0\",\"credit\":\"\",\"camera\":\"\",\"caption\":\"\",\"created_timestamp\":\"0\",\"copyright\":\"\",\"focal_length\":\"0\",\"iso\":\"0\",\"shutter_speed\":\"0\",\"title\":\"\",\"orientation\":\"1\"}' data-image-title=\"IMG_6646\" data-image-description=\"\" data-image-caption=\"\" data-medium-file=\"https:\/\/i0.wp.com\/mediaguinee.com\/wp-content\/uploads\/2024\/10\/IMG_6646.jpeg?fit=300%2C225&amp;ssl=1\" data-large-file=\"https:\/\/i0.wp.com\/mediaguinee.com\/wp-content\/uploads\/2024\/10\/IMG_6646.jpeg?fit=1024%2C768&amp;ssl=1\" tabindex=\"0\" role=\"button\"><\/div>\n<div dir=\"auto\">Parmi les 12 dossiers, inscrits au r\u00f4le du jour, \u00e0 la reprise des audiences criminelles au tribunal de premi\u00e8re Instance de N\u2019z\u00e9r\u00e9kor\u00e9 ce lundi, figure ce\u00a0 dossier de tentative de viol.<\/div>\n<div dir=\"auto\" data-removefontsize=\"true\" data-originalcomputedfontsize=\"16\">Cette affaire remonte au premier trimestre de 2022 dans la commune urbaine de N\u2019z\u00e9r\u00e9kor\u00e9, dans le quartier N\u2019en1. Isma\u00ebl Bamba qui devrait garder une vieille femme souffrant de d\u00e9pression mentale, aurait voulu profiter pour avoir des relations sexuelles avec cette vieille.<\/div>\n<div dir=\"auto\" data-removefontsize=\"true\" data-originalcomputedfontsize=\"16\">Selon les informations, ce sont les cris de la victime qui aurait alert\u00e9 le voisinage.<\/div>\n<div dir=\"auto\" data-removefontsize=\"true\" data-originalcomputedfontsize=\"16\">Mais \u00e0 la barre, l\u2019accus\u00e9 a ni\u00e9 les faits qui lui sont reproch\u00e9s.<\/div>\n<div dir=\"auto\" data-removefontsize=\"true\" data-originalcomputedfontsize=\"16\">\u00ab\u00a0La victime \u00e9tait perdue de vue depuis plus de 3 semaines.\u00a0 C\u2019est ma voisine qui me l\u2019a confi\u00e9e.\u00a0 Elle portait un pagne qui \u00e9tait d\u00e9chir\u00e9. Je ne l\u2019ai pas touch\u00e9e. Et il ne s\u2019est rien pass\u00e9 entre nous. Je ne l\u2019ai pas pas touch\u00e9e. Je mets n\u2019importe qui au d\u00e9fi\u00a0\u00bb, a d\u00e9clar\u00e9 Isma\u00ebl Bamba.<\/div>\n<div dir=\"auto\" data-removefontsize=\"true\" data-originalcomputedfontsize=\"16\">Dans sa r\u00e9quisition, le procureur pr\u00e8s le\u00a0 tribunal de premi\u00e8re instance, Abdoulaye Komah, a requis trois de prison contre l\u2019accus\u00e9.<\/div>\n<div dir=\"auto\" data-removefontsize=\"true\" data-originalcomputedfontsize=\"16\">De son c\u00f4t\u00e9, dans sa plaidoirie,\u00a0 la d\u00e9fense qui est assur\u00e9e par Me Th\u00e9odore Lamah a plaid\u00e9 pour la lib\u00e9ration de son client.<\/div>\n<div dir=\"auto\" data-removefontsize=\"true\" data-originalcomputedfontsize=\"16\">\u00ab\u00a0Il a fait plusieurs mois en prison sans \u00eatre jug\u00e9. Il n\u2019y a eu aucune charge mat\u00e9rielle qui a \u00e9t\u00e9 expos\u00e9e contre lui ici \u00e0 la barre. Monsieur le pr\u00e9sident, veuillez, lib\u00e9rer mon client pour qu\u2019il rentre chez lui,\u00a0\u00bb a plaid\u00e9 l\u2019avocat.<\/div>\n<div dir=\"auto\" data-removefontsize=\"true\" data-originalcomputedfontsize=\"16\">Pour son dernier mot, l\u2019accus\u00e9 a plaid\u00e9 pour sa lib\u00e9ration afin pour qu\u2019il puisse rejoindre sa famille apr\u00e8s avoir pass\u00e9 plusieurs ann\u00e9es en prison.<\/div>\n<div dir=\"auto\" data-removefontsize=\"true\" data-originalcomputedfontsize=\"16\">Parlant toujours des cas de viols, qui sont devenus r\u00e9currents dans la r\u00e9gion, une autre affaire qui s\u2019est produite \u00e0 Dieck\u00e9, a \u00e9t\u00e9 jug\u00e9e. Philippe Maomy, qui est accus\u00e9 d\u2019avoir utilis\u00e9 de la poudre sur le visage de Monique Maomy, avant de la doigter a ni\u00e9 les faits \u00e0 la barre. Cette affaire a \u00e9t\u00e9 renvoy\u00e9e pour comparution de la partie civile. Nous y reviendrons\u2026<\/div>\n<div dir=\"auto\"><\/div>\n<div dir=\"auto\"><b data-removefontsize=\"true\" data-originalcomputedfontsize=\"16\">Amara Souza Soumaoro, correspondant r\u00e9gional \u00e0 N\u2019z\u00e9r\u00e9kor\u00e9<br \/><\/b><\/div>\n<div dir=\"auto\"><\/div>\n<div dir=\"auto\"><b data-removefontsize=\"true\" data-originalcomputedfontsize=\"16\">T\u00e9l : 621-94-17-77.<\/b><\/div>\n<p>L\u2019article <a href=\"https:\/\/mediaguinee.com\/2024\/10\/nzerekore-accuse-de-tentative-de-viol-ismael-bamba-se-defend-a-la-barre-son-pagne-etait-deja-dechire-je-ne-lai-jamais-touche\/\">N\u2019z\u00e9r\u00e9kor\u00e9- Accus\u00e9 de tentative de viol, Isma\u00ebl Bamba se d\u00e9fend \u00e0 la barre: \u00ab\u00a0son pagne \u00e9tait d\u00e9j\u00e0 d\u00e9chir\u00e9. Je ne l\u2019ai jamais touch\u00e9e\u00a0\u00bb<\/a> est apparu en premier sur <a href=\"https:\/\/mediaguinee.com\/\">Mediaguinee.com<\/a>.<\/p>\n<\/div>\n","protected":false},"excerpt":{"rendered":"<p>Parmi les 12 dossiers, inscrits au r\u00f4le du jour, \u00e0 la reprise des audiences criminelles au tribunal de premi\u00e8re Instance de N\u2019z\u00e9r\u00e9kor\u00e9 ce lundi, figure ce\u00a0 dossier de tentative de viol. Cette affaire remonte au premier trimestre de 2022 dans la commune urbaine de N\u2019z\u00e9r\u00e9kor\u00e9, dans le quartier N\u2019en1. Isma\u00ebl Bamba qui devrait garder une &hellip;<\/p>\n","protected":false},"author":1,"featured_media":0,"comment_status":"closed","ping_status":"closed","sticky":false,"template":"","format":"standard","meta":{"footnotes":""},"categories":[2],"tags":[23],"_links":{"self":[{"href":"https:\/\/de.ambaguinee.org\/index.php?rest_route=\/wp\/v2\/posts\/78997"}],"collection":[{"href":"https:\/\/de.ambaguinee.org\/index.php?rest_route=\/wp\/v2\/posts"}],"about":[{"href":"https:\/\/de.ambaguinee.org\/index.php?rest_route=\/wp\/v2\/types\/post"}],"author":[{"embeddable":true,"href":"https:\/\/de.ambaguinee.org\/index.php?rest_route=\/wp\/v2\/users\/1"}],"replies":[{"embeddable":true,"href":"https:\/\/de.ambaguinee.org\/index.php?rest_route=%2Fwp%2Fv2%2Fcomments&post=78997"}],"version-history":[{"count":0,"href":"https:\/\/de.ambaguinee.org\/index.php?rest_route=\/wp\/v2\/posts\/78997\/revisions"}],"wp:attachment":[{"href":"https:\/\/de.ambaguinee.org\/index.php?rest_route=%2Fwp%2Fv2%2Fmedia&parent=78997"}],"wp:term":[{"taxonomy":"category","embeddable":true,"href":"https:\/\/de.ambaguinee.org\/index.php?rest_route=%2Fwp%2Fv2%2Fcategories&post=78997"},{"taxonomy":"post_tag","embeddable":true,"href":"https:\/\/de.ambaguinee.org\/index.php?rest_route=%2Fwp%2Fv2%2Ftags&post=78997"}],"curies":[{"name":"wp","href":"https:\/\/api.w.org\/{rel}","templated":true}]}}