{"id":78998,"date":"2024-10-28T23:01:09","date_gmt":"2024-10-28T22:01:09","guid":{"rendered":"https:\/\/de.ambaguinee.org\/?p=78998"},"modified":"2024-10-28T23:01:09","modified_gmt":"2024-10-28T22:01:09","slug":"nomination-des-chefs-de-quartiers-et-districts-lufr-reste-sur-sa-faim","status":"publish","type":"post","link":"https:\/\/de.ambaguinee.org\/?p=78998","title":{"rendered":"Nomination des chefs de Quartiers et Districts : l\u2019UFR reste sur sa faim"},"content":{"rendered":"<div>\n<div style=\"margin-bottom:20px;\"><img width=\"800\" height=\"600\"src=\"https:\/\/i0.wp.com\/www.guinee7.com\/wp-content\/uploads\/2024\/04\/Fode-Balde.jpg?w=800&amp;ssl=1\" class=\"attachment-post-thumbnail size-post-thumbnail wp-post-image\" alt=\"\" decoding=\"async\" loading=\"lazy\" srcset=\"https:\/\/i0.wp.com\/www.guinee7.com\/wp-content\/uploads\/2024\/04\/Fode-Balde.jpg?w=800&amp;ssl=1 800w, https:\/\/i0.wp.com\/www.guinee7.com\/wp-content\/uploads\/2024\/04\/Fode-Balde.jpg?resize=300%2C225&amp;ssl=1 300w, https:\/\/i0.wp.com\/www.guinee7.com\/wp-content\/uploads\/2024\/04\/Fode-Balde.jpg?resize=768%2C576&amp;ssl=1 768w, https:\/\/i0.wp.com\/www.guinee7.com\/wp-content\/uploads\/2024\/04\/Fode-Balde.jpg?resize=86%2C64&amp;ssl=1 86w\" sizes=\"(max-width: 800px) 100vw, 800px\"><\/div>\n<p>L\u2019installation des nouveaux chefs de Quartiers et Districts a d\u00e9but\u00e9 il y a plus d\u2019une semaine et est actuellement en cours sur l\u2019ensemble du territoire national. Except\u00e9 \u00e0 Kankan o\u00f9 une manifestation de jeunes avait perturb\u00e9 la c\u00e9r\u00e9monie il y a quelques jours, le processus se poursuit sans encombre dans le reste du pays. Mais \u00e0 l\u2019union des forces r\u00e9publicaines (UFR) de l\u2019ex premier ministre Sidya Tour\u00e9, des inqui\u00e9tudes naissent.<\/p>\n<p>Avec ces nominations, Fod\u00e9 Bald\u00e9, charg\u00e9 de la communication digitale de ce parti soutient qu\u2019: \u00ab\u00a0il y\u2019a une continuation de la volont\u00e9 du CNRD \u00e0 vouloir mettre fin \u00e0 la d\u00e9centralisation dans notre pays, ce qui serait un mal en soit pour la gouvernance. Parce que quand on parle de gouvernance on parle de d\u00e9clinaison d\u00e9concentr\u00e9e et d\u00e9clinaison d\u00e9centralis\u00e9e\u00a0\u00bb.<\/p>\n<p>Selon lui, \u00ab\u00a0pendant longtemps, \u00e0 l\u2019UFR nous avons toujours d\u00e9fendu l\u2019id\u00e9e selon laquelle, il faut \u00e9viter de politiser le quartier. Le Quartier a un caract\u00e8re social et les Districts. Nous sommes toujours sur cette position et nous croyons au fait que le quartier doit rester apolitique. C\u2019est-\u00e0-dire faire en sorte que \u00e7a soit une gestion pour les affaires sociales et non pour autre dessin\u00a0\u00bb.<\/p>\n<p>Par ailleurs, Fod\u00e9 Bald\u00e9 ne cache pas sa crainte li\u00e9e \u00e0 la redevabilit\u00e9 des chefs de quartiers et Districts nomm\u00e9s. \u00ab\u00a0Je dis une fois de plus le principe de devoir, d\u2019ingratitude qui voudrait que comme si vous \u00eates nomm\u00e9s, il est de votre responsabilit\u00e9 de faire en sorte d\u2019agir conform\u00e9ment \u00e0 votre pr\u00e9rogative et \u00e0 la limite de vos pr\u00e9rogatives. Mais seulement que dans bien des cas, nous constatons que le principe de devoir, d\u2019ingratitude n\u2019est pas observ\u00e9 parce qu\u2019ils sont nomm\u00e9s. Ils se croient redevable \u00e0 celui qui les a nomm\u00e9s et c\u2019est ce qui plombe m\u00eame notre d\u00e9mocratie et c\u2019est qui risque de plomber ce qui est en cours\u00a0\u00bb, a-t-il laiss\u00e9 entendre dans un entretien qu\u2019il a accord\u00e9 \u00e0 notre r\u00e9daction, ce lundi 28 octobre 2024.<\/p>\n<p><strong>Bhoye Barry pour guinee7.com<\/strong><\/p>\n<\/div>\n","protected":false},"excerpt":{"rendered":"<p>L\u2019installation des nouveaux chefs de Quartiers et Districts a d\u00e9but\u00e9 il y a plus d\u2019une semaine et est actuellement en cours sur l\u2019ensemble du territoire national. Except\u00e9 \u00e0 Kankan o\u00f9 une manifestation de jeunes avait perturb\u00e9 la c\u00e9r\u00e9monie il y a quelques jours, le processus se poursuit sans encombre dans le reste du pays. Mais &hellip;<\/p>\n","protected":false},"author":1,"featured_media":0,"comment_status":"closed","ping_status":"closed","sticky":false,"template":"","format":"standard","meta":{"footnotes":""},"categories":[2],"tags":[22],"_links":{"self":[{"href":"https:\/\/de.ambaguinee.org\/index.php?rest_route=\/wp\/v2\/posts\/78998"}],"collection":[{"href":"https:\/\/de.ambaguinee.org\/index.php?rest_route=\/wp\/v2\/posts"}],"about":[{"href":"https:\/\/de.ambaguinee.org\/index.php?rest_route=\/wp\/v2\/types\/post"}],"author":[{"embeddable":true,"href":"https:\/\/de.ambaguinee.org\/index.php?rest_route=\/wp\/v2\/users\/1"}],"replies":[{"embeddable":true,"href":"https:\/\/de.ambaguinee.org\/index.php?rest_route=%2Fwp%2Fv2%2Fcomments&post=78998"}],"version-history":[{"count":0,"href":"https:\/\/de.ambaguinee.org\/index.php?rest_route=\/wp\/v2\/posts\/78998\/revisions"}],"wp:attachment":[{"href":"https:\/\/de.ambaguinee.org\/index.php?rest_route=%2Fwp%2Fv2%2Fmedia&parent=78998"}],"wp:term":[{"taxonomy":"category","embeddable":true,"href":"https:\/\/de.ambaguinee.org\/index.php?rest_route=%2Fwp%2Fv2%2Fcategories&post=78998"},{"taxonomy":"post_tag","embeddable":true,"href":"https:\/\/de.ambaguinee.org\/index.php?rest_route=%2Fwp%2Fv2%2Ftags&post=78998"}],"curies":[{"name":"wp","href":"https:\/\/api.w.org\/{rel}","templated":true}]}}