{"id":78999,"date":"2024-10-28T23:01:10","date_gmt":"2024-10-28T22:01:10","guid":{"rendered":"https:\/\/de.ambaguinee.org\/?p=78999"},"modified":"2024-10-28T23:01:10","modified_gmt":"2024-10-28T22:01:10","slug":"monique-curtis-le-comite-de-suivi-des-recommandations-des-assises-note-des-progres-concrets","status":"publish","type":"post","link":"https:\/\/de.ambaguinee.org\/?p=78999","title":{"rendered":"Monique Curtis : \u2018\u2018Le comit\u00e9 de suivi des recommandations des assises note des progr\u00e8s concrets\u2019\u2019"},"content":{"rendered":"<div>\n<div style=\"margin-bottom:20px;\"><img width=\"957\" height=\"796\"src=\"https:\/\/i0.wp.com\/www.guinee7.com\/wp-content\/uploads\/2024\/10\/Monique-curtis.jpg?w=957&amp;ssl=1\" class=\"attachment-post-thumbnail size-post-thumbnail wp-post-image\" alt=\"\" decoding=\"async\" loading=\"lazy\" srcset=\"https:\/\/i0.wp.com\/www.guinee7.com\/wp-content\/uploads\/2024\/10\/Monique-curtis.jpg?w=957&amp;ssl=1 957w, https:\/\/i0.wp.com\/www.guinee7.com\/wp-content\/uploads\/2024\/10\/Monique-curtis.jpg?resize=300%2C250&amp;ssl=1 300w, https:\/\/i0.wp.com\/www.guinee7.com\/wp-content\/uploads\/2024\/10\/Monique-curtis.jpg?resize=768%2C639&amp;ssl=1 768w\" sizes=\"(max-width: 957px) 100vw, 957px\"><\/div>\n<p>Monique Curtis est membre du Comit\u00e9 Technique de la Mise en \u0152uvre des Recommandations des Assises Nationales. Nous l\u2019avons interrog\u00e9e pour parler des grands axes de la R\u00e9conciliation nationale en Guin\u00e9e\u2026<\/p>\n<blockquote>\n<p>L\u2019un des r\u00e9sultats les plus significatifs est la restitution des titres fonciers et des plans parcellaires aux victimes des d\u00e9guerpissements de Kaporo-Rails, Kip\u00e9 2 et Dimesse<\/p>\n<\/blockquote>\n<p><strong>Madame Curtis, merci de nous accorder cet entretien. Vous \u00eates membre de la Commission Technique qui accompagne le Comit\u00e9 de Pilotage des Assises Nationales. Quelles sont, selon vous, les principales avanc\u00e9es enregistr\u00e9es dans la mise en \u0153uvre des recommandations des Assises ?<\/strong><\/p>\n<p><strong>Monique Curtis :<\/strong> Effectivement, depuis la remise du rapport des assises nationales en Ao\u00fbt 2022, on peut noter plusieurs avanc\u00e9es majeures dans la mise en \u0153uvre des 45 recommandations. Au lendemain de la remise de ce rapport, nous avons tout de suite entam\u00e9 la vulgarisation des 45 recommandations du rapport \u00e0 travers tout le pays. Parmi les r\u00e9alisations concr\u00e8tes, je citerais aussi la mise en place des instances de suivi des recommandations, l\u2019adoption de la loi sur la protection des victimes et t\u00e9moins, la tenue du proc\u00e8s des \u00e9v\u00e9nements tragiques du 28 septembre 2009, ainsi que la prise en charge m\u00e9dicale des victimes de violences corporelles. L\u2019un des r\u00e9sultats les plus significatifs est la restitution des titres fonciers et des plans parcellaires aux victimes des d\u00e9guerpissements de Kaporo-Rails, Kip\u00e9 2 et Dimesse, des \u00e9v\u00e9nements de 1998 et 2019 qui ont laiss\u00e9 des cicatrices profondes dans ces communaut\u00e9s. D\u2019autres r\u00e9formes qui rel\u00e8vent des politiques publiques sont en cours et elles sont plus difficiles \u00e0 percevoir. Mais il y a de l\u2019action.<\/p>\n<p><strong>Vous \u00e9voquez la restitution des\u00a0titres fonciers pour les victimes de Kaporo-Rails. Quelle est l\u2019importance de cette mesure dans le processus de r\u00e9conciliation nationale ?<\/strong><\/p>\n<p>Cette restitution est symboliquement tr\u00e8s forte. Elle permet non seulement de r\u00e9parer un tort historique, mais aussi de restaurer la dignit\u00e9 des victimes qui ont longtemps attendu justice. Ces expropriations ont laiss\u00e9 des milliers de personnes sans ressources, et la restitution de leurs biens fonciers repr\u00e9sente un pas important vers une r\u00e9conciliation\u00a0plus large, en rendant justice \u00e0 ces familles. Ce geste t\u00e9moigne \u00e9galement de la volont\u00e9 ferme du gouvernement de mettre en \u0153uvre les recommandations des Assises et de tenir ses engagements.<\/p>\n<blockquote>\n<p>Il faut situer les choses dans leur contexte<\/p>\n<\/blockquote>\n<p><strong>Mais il y a une action en justice sur ce dossier. Est-ce que votre d\u00e9marche est la bonne\u00a0?<\/strong><\/p>\n<p>Le comit\u00e9 national des assises n\u2019est pas la justice encore\u00a0moins le comit\u00e9 technique charg\u00e9 du suivi de la mise en \u0153uvre des\u00a0recommandations des assises.\u00a0Un travail a \u00e9t\u00e9 confi\u00e9 \u00e0 une cat\u00e9gorie de citoyen avec des TDR clairs pour le comit\u00e9 des assises nationales \u00e0 savoir, \u00e9couter les citoyens, proc\u00e9der \u00e0 un recensement des diff\u00e9rentes situations de violence d\u2019\u00e9tat, d\u2019injustice sociale et administrative. Et nous avons accompli notre mission dans les d\u00e9lais impartis et nous avons aussi rendu compte \u00e0 son Excellence monsieur le Pr\u00e9sident de la R\u00e9publique et son gouvernement. \u00a0Il faut situer les choses dans leur contexte. \u00a0Nous\u00a0effectuons\u00a0un travail d\u2019accompagnement. Le comit\u00e9 technique de suivi de la mise en \u0153uvre des recommandation des assises\u00a0n\u2019est pas\u00a0l\u00e0\u00a0pour\u00a0juger, mais d\u2019accompagner, en toute discr\u00e9tion, la mise en \u0153uvre des recommandations des Assises Nationales, conform\u00e9ment \u00e0 la mission qui lui a \u00e9t\u00e9 confi\u00e9e. Elle \u0153uvre \u00e0 la mat\u00e9rialisation des actions en faveur de la r\u00e9conciliation et de la r\u00e9paration des torts, tout en respectant les proc\u00e9dures l\u00e9gales en vigueur. Sa mission est avant tout celle d\u2019un facilitateur, garantissant que les recommandations soient traduites en actes concrets pour renforcer la coh\u00e9sion sociale.\u00a0Et pour conduire cette action, nous avons un pr\u00e9sident et un comit\u00e9 de pilotage.<\/p>\n<p><strong>Quelles sont les autres actions entreprises dans le cadre de la mise en \u0153uvre des recommandations des Assises Nationales ?<\/strong><\/p>\n<p><strong>Monique Curtis :<\/strong>\u00a0Au-del\u00e0 de la question fonci\u00e8re, de nombreuses actions visent \u00e0 am\u00e9liorer la gouvernance et la lutte contre les in\u00e9galit\u00e9s. Nous avons assist\u00e9 \u00e0 l\u2019adoption d\u2019une loi cruciale pour la protection des victimes et des t\u00e9moins, renfor\u00e7ant ainsi l\u2019acc\u00e8s \u00e0 la justice. Le proc\u00e8s des \u00e9v\u00e9nements du 28 septembre 2009 a aussi marqu\u00e9 une \u00e9tape importante dans le processus de v\u00e9rit\u00e9 et de justice. Nous travaillons activement \u00e0 la prise en charge des victimes de violences corporelles qui ont t\u00e9moign\u00e9 lors des Assises, et cela se fait avec des soins m\u00e9dicaux appropri\u00e9s.<\/p>\n<blockquote>\n<p>Aujourd\u2019hui, un groupe de travail est cr\u00e9\u00e9 pour la r\u00e9\u00e9criture de l\u2019histoire de notre ch\u00e8re Guin\u00e9e<\/p>\n<\/blockquote>\n<p><strong>Comment \u00e9valuez-vous l\u2019engagement des autorit\u00e9s, notamment du Pr\u00e9sident de la R\u00e9publique, dans ce processus ?<\/strong><\/p>\n<p>Le Pr\u00e9sident de la R\u00e9publique, le G\u00e9n\u00e9ral de Corps d\u2019arm\u00e9e Mamadi Doumbouya, a clairement manifest\u00e9 sa volont\u00e9 de faire avancer le processus de r\u00e9conciliation nationale. Lors de la c\u00e9r\u00e9monie de remise du rapport final des Assises, il a pris un engagement solennel pour veiller \u00e0 la mise en \u0153uvre de chacune des 45 recommandations. Les avanc\u00e9es que nous constatons aujourd\u2019hui, notamment la restitution des titres fonciers ou encore la protection des victimes, en sont la preuve. Cet engagement est crucial pour la r\u00e9ussite de ce processus.<\/p>\n<p>Le rapport\u00a0des assises avait\u00a0sugg\u00e9r\u00e9\u00a0des d\u00e9marches en Guin\u00e9e et \u00e0 l\u2019\u00e9tranger pour l\u2019obtention\u00a0de la d\u00e9classification des archives portant sur le pays, afin d\u2019entamer un travail m\u00e9morial qui sera pilot\u00e9 par un comit\u00e9 scientifique qui aura pour mission d\u2019\u00e9crire l\u2019histoire g\u00e9n\u00e9rale de la Guin\u00e9e.<\/p>\n<p>Aujourd\u2019hui, un groupe de travail est cr\u00e9\u00e9 pour la r\u00e9\u00e9criture de l\u2019histoire de notre ch\u00e8re Guin\u00e9e au-del\u00e0 de toute passion et par des historiens guin\u00e9ens. Ce travail sera fait en collaboration avec l\u2019UNESCO et sous la tutelle du\u00a0minist\u00e8re de l\u2019Enseignement Sup\u00e9rieur, de la Recherche Scientifique et de l\u2019Innovation.\u00a0 Je\u00a0vous prie de noter que le dialogue politique conduit par les trois facilitatrices est une recommandation des Assises Nationales. \u00a0Nous\u00a0effectuons notre travail\u00a0et nous rendons compte avec des propositions concr\u00e8tes.<\/p>\n<p><strong>Quelles sont les prochaines \u00e9tapes pour la Commission Technique ?<\/strong><\/p>\n<p>Nous continuerons \u00e0 travailler pour assurer la mise en \u0153uvre effective des recommandations dans leur totalit\u00e9. Il s\u2019agit d\u2019un processus continu qui demande la mobilisation de tous les acteurs impliqu\u00e9s. Nous allons intensifier nos efforts pour renforcer la coh\u00e9sion sociale et promouvoir la r\u00e9conciliation nationale. Cela inclut des mesures suppl\u00e9mentaires pour am\u00e9liorer la gouvernance et la transparence, ainsi que des actions pour garantir la protection et l\u2019\u00e9galit\u00e9 des droits pour tous les citoyens.\u00a0Nous sommes fortes des propositions et des actions de suivi. Nous ne sommes pas la justice. Mais le fait d\u00e9j\u00e0 de mettre en place une commission charg\u00e9e de ce sujet est un pas. C\u2019est un long processus.<\/p>\n<blockquote>\n<p>Le travail de la\u00a0commission\u00a0technique est semblable \u00e0 celui d\u2019une horloge silencieuse<\/p>\n<\/blockquote>\n<p><strong>Un dernier mot pour nos lecteurs ?<\/strong><\/p>\n<p>Je voudrais rappeler \u00e0 tous les Guin\u00e9ens et Guin\u00e9ennes que la r\u00e9conciliation nationale est l\u2019affaire de tous. Nous devons soutenir ce processus initi\u00e9 par le Pr\u00e9sident de la R\u00e9publique. Cette dynamique b\u00e9n\u00e9ficie d\u2019un soutien du Premier ministre Amadou Oury Bah, lui-m\u00eame ancien membre du comit\u00e9 national des assises nationale et aussi membre du comit\u00e9 technique charg\u00e9e de la mise en \u0153uvre des recommandations des assises. Si vous avez suivi l\u2019actualit\u00e9 des derni\u00e8res semaines, le Premier ministre n\u2019a pas manqu\u00e9 de marteler l\u2019importance de la r\u00e9conciliation et les acquis de la mise en \u0153uvre des recommandations des assises.\u00a0Les avanc\u00e9es\u00a0sont notables mais nous n\u2019allons nous satisfaire tout d\u2019un coup car il reste beaucoup \u00e0 faire.<\/p>\n<p>Le travail de la\u00a0commission\u00a0technique est semblable \u00e0 celui d\u2019une horloge silencieuse\u00a0;\u00a0invisible pour beaucoup, mais essentiel pour que chaque seconde du processus de r\u00e9conciliation nationale avance avec pr\u00e9cision et\u00a0justice.<\/p>\n<p>J\u2019invite aussi\u00a0vous les m\u00e9dias\u00a0\u00e0 vous s\u2019int\u00e9resser\u00a0\u00e0 ce processus de r\u00e9conciliation par\u00a0un travail de recherche\u00a0pour\u00a0partager avec\u00a0les citoyens\u00a0ce qui a \u00e9t\u00e9 fait et ce qui reste \u00e0 faire ou le train qui n\u2019est pas arriv\u00e9 \u00e0 l\u2019heure dans ce processus.\u00a0Votre mission est aussi d\u2019\u00e9clairer les diff\u00e9rentes parties prenantes.<\/p>\n<p><strong>Source\u00a0: Mediaguinee<\/strong><\/p>\n<\/div>\n","protected":false},"excerpt":{"rendered":"<p>Monique Curtis est membre du Comit\u00e9 Technique de la Mise en \u0152uvre des Recommandations des Assises Nationales. Nous l\u2019avons interrog\u00e9e pour parler des grands axes de la R\u00e9conciliation nationale en Guin\u00e9e\u2026 L\u2019un des r\u00e9sultats les plus significatifs est la restitution des titres fonciers et des plans parcellaires aux victimes des d\u00e9guerpissements de Kaporo-Rails, Kip\u00e9 2 &hellip;<\/p>\n","protected":false},"author":1,"featured_media":0,"comment_status":"closed","ping_status":"closed","sticky":false,"template":"","format":"standard","meta":{"footnotes":""},"categories":[2],"tags":[22],"_links":{"self":[{"href":"https:\/\/de.ambaguinee.org\/index.php?rest_route=\/wp\/v2\/posts\/78999"}],"collection":[{"href":"https:\/\/de.ambaguinee.org\/index.php?rest_route=\/wp\/v2\/posts"}],"about":[{"href":"https:\/\/de.ambaguinee.org\/index.php?rest_route=\/wp\/v2\/types\/post"}],"author":[{"embeddable":true,"href":"https:\/\/de.ambaguinee.org\/index.php?rest_route=\/wp\/v2\/users\/1"}],"replies":[{"embeddable":true,"href":"https:\/\/de.ambaguinee.org\/index.php?rest_route=%2Fwp%2Fv2%2Fcomments&post=78999"}],"version-history":[{"count":0,"href":"https:\/\/de.ambaguinee.org\/index.php?rest_route=\/wp\/v2\/posts\/78999\/revisions"}],"wp:attachment":[{"href":"https:\/\/de.ambaguinee.org\/index.php?rest_route=%2Fwp%2Fv2%2Fmedia&parent=78999"}],"wp:term":[{"taxonomy":"category","embeddable":true,"href":"https:\/\/de.ambaguinee.org\/index.php?rest_route=%2Fwp%2Fv2%2Fcategories&post=78999"},{"taxonomy":"post_tag","embeddable":true,"href":"https:\/\/de.ambaguinee.org\/index.php?rest_route=%2Fwp%2Fv2%2Ftags&post=78999"}],"curies":[{"name":"wp","href":"https:\/\/api.w.org\/{rel}","templated":true}]}}