{"id":79082,"date":"2024-10-29T23:03:13","date_gmt":"2024-10-29T22:03:13","guid":{"rendered":"https:\/\/de.ambaguinee.org\/?p=79082"},"modified":"2024-10-29T23:03:13","modified_gmt":"2024-10-29T22:03:13","slug":"conakry-tenue-du-colloque-international-sur-les-politiques-culturelles-en-afrique","status":"publish","type":"post","link":"https:\/\/de.ambaguinee.org\/?p=79082","title":{"rendered":"Conakry : tenue du Colloque international sur les politiques culturelles en Afrique"},"content":{"rendered":"<div>\n<div style=\"margin-bottom:20px;\"><img width=\"1920\" height=\"1080\"src=\"https:\/\/i0.wp.com\/mediaguinee.com\/wp-content\/uploads\/2024\/10\/IMG_6718.jpeg?w=1920&amp;ssl=1\" class=\"attachment-post-thumbnail size-post-thumbnail wp-post-image\" alt=\"\" decoding=\"async\" srcset=\"https:\/\/i0.wp.com\/mediaguinee.com\/wp-content\/uploads\/2024\/10\/IMG_6718.jpeg?w=1920&amp;ssl=1 1920w, https:\/\/i0.wp.com\/mediaguinee.com\/wp-content\/uploads\/2024\/10\/IMG_6718.jpeg?resize=300%2C169&amp;ssl=1 300w, https:\/\/i0.wp.com\/mediaguinee.com\/wp-content\/uploads\/2024\/10\/IMG_6718.jpeg?resize=1024%2C576&amp;ssl=1 1024w, https:\/\/i0.wp.com\/mediaguinee.com\/wp-content\/uploads\/2024\/10\/IMG_6718.jpeg?resize=768%2C432&amp;ssl=1 768w, https:\/\/i0.wp.com\/mediaguinee.com\/wp-content\/uploads\/2024\/10\/IMG_6718.jpeg?resize=1536%2C864&amp;ssl=1 1536w\" sizes=\"(max-width: 1920px) 100vw, 1920px\" data-attachment-id=\"269132\" data-permalink=\"https:\/\/mediaguinee.com\/2024\/10\/conakry-tenue-du-colloque-international-sur-les-politiques-culturelles-en-afrique\/img_6718\/\" data-orig-file=\"https:\/\/i0.wp.com\/mediaguinee.com\/wp-content\/uploads\/2024\/10\/IMG_6718.jpeg?fit=1920%2C1080&amp;ssl=1\" data-orig-size=\"1920,1080\" data-comments-opened=\"1\" data-image-meta='{\"aperture\":\"0\",\"credit\":\"\",\"camera\":\"\",\"caption\":\"\",\"created_timestamp\":\"0\",\"copyright\":\"\",\"focal_length\":\"0\",\"iso\":\"0\",\"shutter_speed\":\"0\",\"title\":\"\",\"orientation\":\"1\"}' data-image-title=\"IMG_6718\" data-image-description=\"\" data-image-caption=\"\" data-medium-file=\"https:\/\/i0.wp.com\/mediaguinee.com\/wp-content\/uploads\/2024\/10\/IMG_6718.jpeg?fit=300%2C169&amp;ssl=1\" data-large-file=\"https:\/\/i0.wp.com\/mediaguinee.com\/wp-content\/uploads\/2024\/10\/IMG_6718.jpeg?fit=1024%2C576&amp;ssl=1\" tabindex=\"0\" role=\"button\"><\/div>\n<p style=\"font-weight: 400;\">Ce mardi, 29 novembre, le Palais du Peuple de Conakry a servi de cadre au lancement officiel du Colloque international sur le d\u00e9veloppement des politiques culturelles en Afrique.<\/p>\n<p><img decoding=\"async\" data-attachment-id=\"269133\" data-permalink=\"https:\/\/mediaguinee.com\/2024\/10\/conakry-tenue-du-colloque-international-sur-les-politiques-culturelles-en-afrique\/img_6717\/\" data-orig-file=\"https:\/\/i0.wp.com\/mediaguinee.com\/wp-content\/uploads\/2024\/10\/IMG_6717.jpeg?fit=1920%2C1080&amp;ssl=1\" data-orig-size=\"1920,1080\" data-comments-opened=\"1\" data-image-meta='{\"aperture\":\"0\",\"credit\":\"\",\"camera\":\"\",\"caption\":\"\",\"created_timestamp\":\"0\",\"copyright\":\"\",\"focal_length\":\"0\",\"iso\":\"0\",\"shutter_speed\":\"0\",\"title\":\"\",\"orientation\":\"1\"}' data-image-title=\"IMG_6717\" data-image-description=\"\" data-image-caption=\"\" data-medium-file=\"https:\/\/i0.wp.com\/mediaguinee.com\/wp-content\/uploads\/2024\/10\/IMG_6717.jpeg?fit=300%2C169&amp;ssl=1\" data-large-file=\"https:\/\/i0.wp.com\/mediaguinee.com\/wp-content\/uploads\/2024\/10\/IMG_6717.jpeg?fit=1024%2C576&amp;ssl=1\" tabindex=\"0\" role=\"button\" class=\"alignnone wp-image-269133 size-full\"src=\"https:\/\/i0.wp.com\/mediaguinee.com\/wp-content\/uploads\/2024\/10\/IMG_6717.jpeg?w=1920&amp;ssl=1\" alt=\"\" width=\"1170\" height=\"658\" srcset=\"https:\/\/i0.wp.com\/mediaguinee.com\/wp-content\/uploads\/2024\/10\/IMG_6717.jpeg?w=1920&amp;ssl=1 1920w, https:\/\/i0.wp.com\/mediaguinee.com\/wp-content\/uploads\/2024\/10\/IMG_6717.jpeg?resize=300%2C169&amp;ssl=1 300w, https:\/\/i0.wp.com\/mediaguinee.com\/wp-content\/uploads\/2024\/10\/IMG_6717.jpeg?resize=1024%2C576&amp;ssl=1 1024w, https:\/\/i0.wp.com\/mediaguinee.com\/wp-content\/uploads\/2024\/10\/IMG_6717.jpeg?resize=768%2C432&amp;ssl=1 768w, https:\/\/i0.wp.com\/mediaguinee.com\/wp-content\/uploads\/2024\/10\/IMG_6717.jpeg?resize=1536%2C864&amp;ssl=1 1536w\" sizes=\"(max-width: 1170px) 100vw, 1170px\" data-recalc-dims=\"1\"><\/p>\n<p style=\"font-weight: 400;\">Pendant trois jours, des repr\u00e9sentants de l\u2019Union africaine et des pays tels que le Mali, le Nig\u00e9ria, le Mozambique, le Zimbabwe, se r\u00e9unissent pour discuter des enjeux culturels et des d\u00e9fis de d\u00e9veloppement durable.<\/p>\n<p style=\"font-weight: 400;\">Organis\u00e9 par le cabinet Initiative Nouvelle pour le D\u00e9veloppement (IND), cet \u00e9v\u00e9nement qui rassemble des figures importantes du monde culturel et politique, marque ainsi une \u00e9tape cruciale pour la Guin\u00e9e et l\u2019ensemble du continent africain.<\/p>\n<p style=\"font-weight: 400;\"><span data-originalfontsize=\"20pt\" data-originalcomputedfontsize=\"26.666666\">L\u2019importance historique de ce 7\u00e8me sommet, selon Fouss\u00e9ny Kon\u00e9, un des membres du comit\u00e9 d\u2019organisation, est celle de marquer un tournant majeur pour la relance sectorielle de la culture au niveau du pays.\u00a0 \u00ab Nous sommes conscients des d\u00e9fis \u00e0 relever et esp\u00e9rons que ces journ\u00e9es de travail permettront d\u2019atteindre nos objectifs pour tous les acteurs culturels de l\u2019Afrique et de la diaspora \u00bb, a-t-il d\u00e9clar\u00e9.<\/span><\/p>\n<p style=\"font-weight: 400;\">\n<p style=\"font-weight: 400;\"><span data-originalfontsize=\"20pt\" data-originalcomputedfontsize=\"26.666666\">La pr\u00e9sence de personnalit\u00e9s venues des quatre coins du continent t\u00e9moigne de l\u2019ampleur de cet \u00e9v\u00e9nement. Le repr\u00e9sentant de l\u2019Union Africaine, Pr Lupwishi Mbuyamba, a \u00e9galement soulign\u00e9 les enjeux li\u00e9s \u00e0 la valorisation des cultures et langues africaines. \u00ab Cette rencontre nous m\u00e8ne \u00e0 r\u00e9fl\u00e9chir sur les d\u00e9fis et opportunit\u00e9s li\u00e9s \u00e0 nos cultures africaines, dans le cadre d\u2019une Afrique pacifique, prosp\u00e8re et int\u00e9gr\u00e9e \u00bb, a-t-il pr\u00e9cis\u00e9.<\/span><\/p>\n<p style=\"font-weight: 400;\"><span data-originalfontsize=\"20pt\" data-originalcomputedfontsize=\"26.666666\">Le Professeur Hassane Bah, repr\u00e9sentant du Conseil National de la Transition, a insist\u00e9 sur l\u2019engagement de la Guin\u00e9e envers la culture, mentionnant que le projet de la nouvelle constitution accorde une place primordiale \u00e0 la promotion des langues nationales. \u00ab Les langues guin\u00e9ennes ne seront plus les b\u00e9quilles des langues \u00e9trang\u00e8res, mais bien des vecteurs de notre patrimoine culturel \u00bb, a-t-il affirm\u00e9.<\/span><\/p>\n<p style=\"font-weight: 400;\"><span data-originalfontsize=\"20pt\" data-originalcomputedfontsize=\"26.666666\">Enfin, M. Elhadj Ibrahima Kob\u00e9l\u00e9 Keita, Secr\u00e9taire g\u00e9n\u00e9ral du minist\u00e8re de la Culture, de l\u2019Artisanat et du Tourisme, au nom du ministre Moussa Mo\u00efse Sylla, a d\u00e9clar\u00e9 ouverte cette session en affirmant que \u00ab les politiques culturelles, lorsqu\u2019elles sont bien mises en \u0153uvre, constituent un levier puissant de d\u00e9veloppement \u00bb. Il a remerci\u00e9 tous les participants pour avoir choisi la Guin\u00e9e comme h\u00f4te de ce colloque, soulignant son r\u00f4le en tant que carrefour culturel du continent.<\/span><\/p>\n<p style=\"font-weight: 400;\">\n<p style=\"font-weight: 400;\"><span data-originalfontsize=\"20pt\" data-originalcomputedfontsize=\"26.666666\">Ce colloque repr\u00e9sente une occasion unique pour les acteurs culturels africains de dialoguer, d\u2019\u00e9changer et de travailler ensemble vers un avenir culturel durable et int\u00e9gr\u00e9. C\u2019est pourquoi des th\u00e8mes comme : la renaissance de la culture africaine, le panafricanisme, Agenda 2063 et d\u00e9veloppement durable, la politique culturelle de la Guin\u00e9e : Focus sur le Branding Guin\u00e9e et le PASSEC GUIN\u00c9E, \u00a0la contribution de la diaspora au d\u00e9veloppement culturel et la diplomatie culturelle ou encore le financement de l\u2019action culturelle.<\/span><\/p>\n<p style=\"font-weight: 400;\"><strong><span data-originalfontsize=\"20pt\" data-originalcomputedfontsize=\"26.666666\">S\u00e2a Robert Koundouno\u00a0<\/span><\/strong><\/p>\n<p style=\"font-weight: 400;\"><strong>\u00a0<\/strong><\/p>\n<p style=\"font-weight: 400;\"><strong><span data-originalfontsize=\"20pt\" data-originalcomputedfontsize=\"26.666666\">(+224) 620-546-653\u00a0<\/span><\/strong><\/p>\n<p>L\u2019article <a href=\"https:\/\/mediaguinee.com\/2024\/10\/conakry-tenue-du-colloque-international-sur-les-politiques-culturelles-en-afrique\/\">Conakry : tenue du Colloque international sur les politiques culturelles en Afrique<\/a> est apparu en premier sur <a href=\"https:\/\/mediaguinee.com\/\">Mediaguinee.com<\/a>.<\/p>\n<\/div>\n","protected":false},"excerpt":{"rendered":"<p>Ce mardi, 29 novembre, le Palais du Peuple de Conakry a servi de cadre au lancement officiel du Colloque international sur le d\u00e9veloppement des politiques culturelles en Afrique. Pendant trois jours, des repr\u00e9sentants de l\u2019Union africaine et des pays tels que le Mali, le Nig\u00e9ria, le Mozambique, le Zimbabwe, se r\u00e9unissent pour discuter des enjeux &hellip;<\/p>\n","protected":false},"author":1,"featured_media":0,"comment_status":"closed","ping_status":"closed","sticky":false,"template":"","format":"standard","meta":{"footnotes":""},"categories":[2],"tags":[23],"_links":{"self":[{"href":"https:\/\/de.ambaguinee.org\/index.php?rest_route=\/wp\/v2\/posts\/79082"}],"collection":[{"href":"https:\/\/de.ambaguinee.org\/index.php?rest_route=\/wp\/v2\/posts"}],"about":[{"href":"https:\/\/de.ambaguinee.org\/index.php?rest_route=\/wp\/v2\/types\/post"}],"author":[{"embeddable":true,"href":"https:\/\/de.ambaguinee.org\/index.php?rest_route=\/wp\/v2\/users\/1"}],"replies":[{"embeddable":true,"href":"https:\/\/de.ambaguinee.org\/index.php?rest_route=%2Fwp%2Fv2%2Fcomments&post=79082"}],"version-history":[{"count":0,"href":"https:\/\/de.ambaguinee.org\/index.php?rest_route=\/wp\/v2\/posts\/79082\/revisions"}],"wp:attachment":[{"href":"https:\/\/de.ambaguinee.org\/index.php?rest_route=%2Fwp%2Fv2%2Fmedia&parent=79082"}],"wp:term":[{"taxonomy":"category","embeddable":true,"href":"https:\/\/de.ambaguinee.org\/index.php?rest_route=%2Fwp%2Fv2%2Fcategories&post=79082"},{"taxonomy":"post_tag","embeddable":true,"href":"https:\/\/de.ambaguinee.org\/index.php?rest_route=%2Fwp%2Fv2%2Ftags&post=79082"}],"curies":[{"name":"wp","href":"https:\/\/api.w.org\/{rel}","templated":true}]}}