{"id":79087,"date":"2024-10-29T23:03:15","date_gmt":"2024-10-29T22:03:15","guid":{"rendered":"https:\/\/de.ambaguinee.org\/?p=79087"},"modified":"2024-10-29T23:03:15","modified_gmt":"2024-10-29T22:03:15","slug":"lufdg-sous-observation-voici-comment-reagit-le-parti-de-cellou","status":"publish","type":"post","link":"https:\/\/de.ambaguinee.org\/?p=79087","title":{"rendered":"L\u2019UFDG sous observation : voici comment r\u00e9agit le parti de Cellou"},"content":{"rendered":"<div>\n<div style=\"margin-bottom:20px;\"><img width=\"1080\" height=\"673\"src=\"https:\/\/i0.wp.com\/www.guinee7.com\/wp-content\/uploads\/2024\/10\/jachin.jpg?w=1080&amp;ssl=1\" class=\"attachment-post-thumbnail size-post-thumbnail wp-post-image\" alt=\"\" decoding=\"async\" srcset=\"https:\/\/i0.wp.com\/www.guinee7.com\/wp-content\/uploads\/2024\/10\/jachin.jpg?w=1080&amp;ssl=1 1080w, https:\/\/i0.wp.com\/www.guinee7.com\/wp-content\/uploads\/2024\/10\/jachin.jpg?resize=300%2C187&amp;ssl=1 300w, https:\/\/i0.wp.com\/www.guinee7.com\/wp-content\/uploads\/2024\/10\/jachin.jpg?resize=1024%2C638&amp;ssl=1 1024w, https:\/\/i0.wp.com\/www.guinee7.com\/wp-content\/uploads\/2024\/10\/jachin.jpg?resize=768%2C479&amp;ssl=1 768w\" sizes=\"(max-width: 1080px) 100vw, 1080px\"><\/div>\n<p>Le parti UFDG a r\u00e9pondu ce mardi \u00e0 l\u2019appel des cadres du minist\u00e8re de l\u2019administration du territoire. Au sortir de la rencontre, Joachin Baba Millimono, le directeur de communication de L\u2019UFDG qui a exprim\u00e9 son \u00e9tonnement : \u00ab le r\u00e9c\u00e9piss\u00e9 qui avait \u00e9t\u00e9 remis aux partis, apr\u00e8s l\u2019\u00e9valuation, il n\u2019y avait qu\u2019une seule exigence qui n\u2019avait pas \u00e9t\u00e9 satisfaite par l\u2019UFDG. Je suis surpris que ce soit sept exigences qu\u2019on nous reproche aujourd\u2019hui, de n\u2019avoir pas satisfaites. Puisque nous avons trois mois pour corriger toutes les anomalies, il faut se satisfaire de la d\u00e9marche \u00bb, a-t-il laiss\u00e9 entendre tout en apportant des d\u00e9tails sur les raisons de leur statut : \u00ab par exemple, lors de la derni\u00e8re \u00e9valuation, apr\u00e8s la correction de toutes les anomalies qui avaient \u00e9t\u00e9 constat\u00e9es, dues aux erreurs mat\u00e9rielles dans la remont\u00e9e des informations, par la faute des enqu\u00eateurs, il s\u2019av\u00e9rait que certaines informations n\u2019avaient pas \u00e9t\u00e9 correctement collect\u00e9es. Ce qui avait \u00e9t\u00e9 corrig\u00e9. A date, le document que nous avons re\u00e7u \u00e0 travers les r\u00e9seaux sociaux, il se trouve que l\u2019UFDG n\u2019aurait pas satisfait sept exigences. Ce qui fait qu\u2019il se trouve dans la cat\u00e9gorie des partis mis en observation \u00bb.<\/p>\n<p>\u00a0<\/p>\n<p><strong>Abdoul Lory Sylla pour guinee7.com<\/strong><\/p>\n<\/div>\n","protected":false},"excerpt":{"rendered":"<p>Le parti UFDG a r\u00e9pondu ce mardi \u00e0 l\u2019appel des cadres du minist\u00e8re de l\u2019administration du territoire. Au sortir de la rencontre, Joachin Baba Millimono, le directeur de communication de L\u2019UFDG qui a exprim\u00e9 son \u00e9tonnement : \u00ab le r\u00e9c\u00e9piss\u00e9 qui avait \u00e9t\u00e9 remis aux partis, apr\u00e8s l\u2019\u00e9valuation, il n\u2019y avait qu\u2019une seule exigence qui &hellip;<\/p>\n","protected":false},"author":1,"featured_media":0,"comment_status":"closed","ping_status":"closed","sticky":false,"template":"","format":"standard","meta":{"footnotes":""},"categories":[2],"tags":[22],"_links":{"self":[{"href":"https:\/\/de.ambaguinee.org\/index.php?rest_route=\/wp\/v2\/posts\/79087"}],"collection":[{"href":"https:\/\/de.ambaguinee.org\/index.php?rest_route=\/wp\/v2\/posts"}],"about":[{"href":"https:\/\/de.ambaguinee.org\/index.php?rest_route=\/wp\/v2\/types\/post"}],"author":[{"embeddable":true,"href":"https:\/\/de.ambaguinee.org\/index.php?rest_route=\/wp\/v2\/users\/1"}],"replies":[{"embeddable":true,"href":"https:\/\/de.ambaguinee.org\/index.php?rest_route=%2Fwp%2Fv2%2Fcomments&post=79087"}],"version-history":[{"count":0,"href":"https:\/\/de.ambaguinee.org\/index.php?rest_route=\/wp\/v2\/posts\/79087\/revisions"}],"wp:attachment":[{"href":"https:\/\/de.ambaguinee.org\/index.php?rest_route=%2Fwp%2Fv2%2Fmedia&parent=79087"}],"wp:term":[{"taxonomy":"category","embeddable":true,"href":"https:\/\/de.ambaguinee.org\/index.php?rest_route=%2Fwp%2Fv2%2Fcategories&post=79087"},{"taxonomy":"post_tag","embeddable":true,"href":"https:\/\/de.ambaguinee.org\/index.php?rest_route=%2Fwp%2Fv2%2Ftags&post=79087"}],"curies":[{"name":"wp","href":"https:\/\/api.w.org\/{rel}","templated":true}]}}