{"id":79206,"date":"2024-10-30T23:08:52","date_gmt":"2024-10-30T22:08:52","guid":{"rendered":"https:\/\/de.ambaguinee.org\/?p=79206"},"modified":"2024-10-30T23:08:52","modified_gmt":"2024-10-30T22:08:52","slug":"disparition-de-saadou-nimaga-lenquete-nevolue-pas-confie-me-traore","status":"publish","type":"post","link":"https:\/\/de.ambaguinee.org\/?p=79206","title":{"rendered":"Disparition de Saadou Nimaga : \u00ab l\u2019enqu\u00eate n\u2019\u00e9volue pas \u00bb, confie Me Traor\u00e9"},"content":{"rendered":"<div>\n<div style=\"margin-bottom:20px;\"><img width=\"1080\" height=\"486\"src=\"https:\/\/i0.wp.com\/www.guinee7.com\/wp-content\/uploads\/2024\/10\/ME-TRAORE.jpg?w=1080&amp;ssl=1\" class=\"attachment-post-thumbnail size-post-thumbnail wp-post-image\" alt=\"\" decoding=\"async\" srcset=\"https:\/\/i0.wp.com\/www.guinee7.com\/wp-content\/uploads\/2024\/10\/ME-TRAORE.jpg?w=1080&amp;ssl=1 1080w, https:\/\/i0.wp.com\/www.guinee7.com\/wp-content\/uploads\/2024\/10\/ME-TRAORE.jpg?resize=300%2C135&amp;ssl=1 300w, https:\/\/i0.wp.com\/www.guinee7.com\/wp-content\/uploads\/2024\/10\/ME-TRAORE.jpg?resize=1024%2C461&amp;ssl=1 1024w, https:\/\/i0.wp.com\/www.guinee7.com\/wp-content\/uploads\/2024\/10\/ME-TRAORE.jpg?resize=768%2C346&amp;ssl=1 768w\" sizes=\"(max-width: 1080px) 100vw, 1080px\"><\/div>\n<p>Depuis le 13 octobre dernier, Saadou Nimaga, ancien secr\u00e9taire g\u00e9n\u00e9ral du Minist\u00e8re des Mines est port\u00e9 disparu. Plus les jours passent, plus l\u2019inqui\u00e9tude grandit au sein de la famille Nimaga. Ce mercredi 30 octobre 2024, l\u2019avocat de la famille a d\u00e9cid\u00e9 de briser le silence et de faire le point sur ce cas.<\/p>\n<p>Selon Me Mohamed Traor\u00e9, au lendemain de l\u2019enl\u00e8vement de M. Nimaga, \u00ab\u00a0une enqu\u00eate a \u00e9t\u00e9 ouverte au niveau de la direction centrale de la police judiciaire \u00e0 la demande du procureur g\u00e9n\u00e9ral. Dans la foul\u00e9e, le chauffeur de M. Nimaga et son \u00e9pouse ont \u00e9t\u00e9 entendus. Malheureusement, depuis l\u2019audition de ces deux personnes-l\u00e0, l\u2019enqu\u00eate semble ne pas \u00e9voluer\u00a0\u00bb.<\/p>\n<p>\u201cA un moment donn\u00e9, nous avons \u00e9t\u00e9 sollicit\u00e9s par beaucoup d\u2019organes de presse mais on n\u2019a pas voulu r\u00e9pondre parce que sur recommandation du procureur g\u00e9n\u00e9ral, on avait d\u00e9cid\u00e9 de garder le silence pour ne pas g\u00eaner les enqu\u00eateurs dans leurs investigations. Mais malheureusement, comme je l\u2019ai dit \u00e0 l\u2019entame de mon propos, ces investigations-l\u00e0 semblent patiner et \u00e0 ce jour, les enqu\u00eateurs ne disposent apparemment d\u2019aucun indice qui permette d\u2019\u00e9lucider cette affaire-l\u00e0. Alors, la famille est devant un dilemme. Soit, elle se conforme aux recommandations tendant \u00e0 lui demander de ne pas trop communiquer pour ne pas g\u00eaner l\u2019enqu\u00eate et puisque l\u2019enqu\u00eate n\u2019\u00e9volue pas, il y a un risque que l\u2019affaire tombe dans l\u2019oubli et dans l\u2019indiff\u00e9rence g\u00e9n\u00e9rale. Et dans ce genre de situation, ce qu\u2019il faut \u00e9viter justement, c\u2019est que l\u2019affaire tombe dans l\u2019oubli. Alors, c\u2019est pourquoi on a d\u00e9cid\u00e9 de briser le silence dans le seul espoir qu\u2019en communiquant, il y aura sans doute des gens qui pourraient communiquer des informations \u00e0 la police afin de l\u2019aider dans son enqu\u00eate. Il y a le risque de l\u2019oubli qu\u2019il faut \u00e9viter, il y a le risque de l\u2019indiff\u00e9rence, mais il y a aussi le risque de la banalisation\u201d, a expliqu\u00e9 Me Traor\u00e9 tout en pr\u00e9cisant que la famille n\u2019est pas en s\u00e9curit\u00e9.<\/p>\n<p>Et de conclure\u00a0: \u00ab\u00a0le ph\u00e9nom\u00e8ne de l\u2019enl\u00e8vement commence \u00e0 se g\u00e9n\u00e9raliser. Je voulais dire que ce soit vous les journalistes, que ce soit nous les avocats, personne n\u2019est \u00e0 l\u2019abri. Chacun peut \u00eatre enlev\u00e9 \u00e0 tout moment. Donc, il est important que nous, citoyens, nous fassions preuve non seulement de vigilance, mais de solidarit\u00e9 entre nous. Si vous \u00eates dans un quartier, vous voyez des mouvements suspects, vous savez, ce n\u2019est pas de la d\u00e9lation, mais vous pouvez contribuer \u00e0 informer la police\u00a0\u00bb.<\/p>\n<p><strong>Bhoye Barry pour guinee7.com<\/strong><\/p>\n<\/div>\n","protected":false},"excerpt":{"rendered":"<p>Depuis le 13 octobre dernier, Saadou Nimaga, ancien secr\u00e9taire g\u00e9n\u00e9ral du Minist\u00e8re des Mines est port\u00e9 disparu. Plus les jours passent, plus l\u2019inqui\u00e9tude grandit au sein de la famille Nimaga. Ce mercredi 30 octobre 2024, l\u2019avocat de la famille a d\u00e9cid\u00e9 de briser le silence et de faire le point sur ce cas. Selon Me &hellip;<\/p>\n","protected":false},"author":1,"featured_media":0,"comment_status":"closed","ping_status":"closed","sticky":false,"template":"","format":"standard","meta":{"footnotes":""},"categories":[2],"tags":[22],"_links":{"self":[{"href":"https:\/\/de.ambaguinee.org\/index.php?rest_route=\/wp\/v2\/posts\/79206"}],"collection":[{"href":"https:\/\/de.ambaguinee.org\/index.php?rest_route=\/wp\/v2\/posts"}],"about":[{"href":"https:\/\/de.ambaguinee.org\/index.php?rest_route=\/wp\/v2\/types\/post"}],"author":[{"embeddable":true,"href":"https:\/\/de.ambaguinee.org\/index.php?rest_route=\/wp\/v2\/users\/1"}],"replies":[{"embeddable":true,"href":"https:\/\/de.ambaguinee.org\/index.php?rest_route=%2Fwp%2Fv2%2Fcomments&post=79206"}],"version-history":[{"count":0,"href":"https:\/\/de.ambaguinee.org\/index.php?rest_route=\/wp\/v2\/posts\/79206\/revisions"}],"wp:attachment":[{"href":"https:\/\/de.ambaguinee.org\/index.php?rest_route=%2Fwp%2Fv2%2Fmedia&parent=79206"}],"wp:term":[{"taxonomy":"category","embeddable":true,"href":"https:\/\/de.ambaguinee.org\/index.php?rest_route=%2Fwp%2Fv2%2Fcategories&post=79206"},{"taxonomy":"post_tag","embeddable":true,"href":"https:\/\/de.ambaguinee.org\/index.php?rest_route=%2Fwp%2Fv2%2Ftags&post=79206"}],"curies":[{"name":"wp","href":"https:\/\/api.w.org\/{rel}","templated":true}]}}