{"id":79296,"date":"2024-10-31T23:05:37","date_gmt":"2024-10-31T22:05:37","guid":{"rendered":"https:\/\/de.ambaguinee.org\/?p=79296"},"modified":"2024-10-31T23:05:37","modified_gmt":"2024-10-31T22:05:37","slug":"urgent-elhadj-sekouna-nest-plus","status":"publish","type":"post","link":"https:\/\/de.ambaguinee.org\/?p=79296","title":{"rendered":"Urgent. Elhadj Sekouna n\u2019est plus"},"content":{"rendered":"<div>\n<div style=\"margin-bottom:20px;\"><img width=\"1016\" height=\"1008\"src=\"https:\/\/i0.wp.com\/www.guinee7.com\/wp-content\/uploads\/2024\/10\/SEKOUNA.jpg?w=1016&amp;ssl=1\" class=\"attachment-post-thumbnail size-post-thumbnail wp-post-image\" alt=\"\" decoding=\"async\" loading=\"lazy\" srcset=\"https:\/\/i0.wp.com\/www.guinee7.com\/wp-content\/uploads\/2024\/10\/SEKOUNA.jpg?w=1016&amp;ssl=1 1016w, https:\/\/i0.wp.com\/www.guinee7.com\/wp-content\/uploads\/2024\/10\/SEKOUNA.jpg?resize=300%2C298&amp;ssl=1 300w, https:\/\/i0.wp.com\/www.guinee7.com\/wp-content\/uploads\/2024\/10\/SEKOUNA.jpg?resize=150%2C150&amp;ssl=1 150w, https:\/\/i0.wp.com\/www.guinee7.com\/wp-content\/uploads\/2024\/10\/SEKOUNA.jpg?resize=768%2C762&amp;ssl=1 768w\" sizes=\"(max-width: 1016px) 100vw, 1016px\"><\/div>\n<p>La nouvelle est tomb\u00e9e il y a quelques minutes et s\u2019est r\u00e9pandue comme une train\u00e9e de poudre. Le Kountigui de la Basse-cote, Elhaj Sekouna Soumah vient de d\u00e9c\u00e9der dans une clinique de Conakry.<\/p>\n<p>Selon un proche du d\u00e9funt, il \u00e9tait au Maroc pour des soins. C\u2019est \u00e0 son retour que sa maladie a fait une rechute.<\/p>\n<p>Nous y reviendrons.<\/p>\n<p><strong>Abdoul Lory Sylla pour guinee7.com<\/strong><\/p>\n<\/div>\n","protected":false},"excerpt":{"rendered":"<p>La nouvelle est tomb\u00e9e il y a quelques minutes et s\u2019est r\u00e9pandue comme une train\u00e9e de poudre. Le Kountigui de la Basse-cote, Elhaj Sekouna Soumah vient de d\u00e9c\u00e9der dans une clinique de Conakry. Selon un proche du d\u00e9funt, il \u00e9tait au Maroc pour des soins. C\u2019est \u00e0 son retour que sa maladie a fait une &hellip;<\/p>\n","protected":false},"author":1,"featured_media":0,"comment_status":"closed","ping_status":"closed","sticky":false,"template":"","format":"standard","meta":{"footnotes":""},"categories":[2],"tags":[22],"_links":{"self":[{"href":"https:\/\/de.ambaguinee.org\/index.php?rest_route=\/wp\/v2\/posts\/79296"}],"collection":[{"href":"https:\/\/de.ambaguinee.org\/index.php?rest_route=\/wp\/v2\/posts"}],"about":[{"href":"https:\/\/de.ambaguinee.org\/index.php?rest_route=\/wp\/v2\/types\/post"}],"author":[{"embeddable":true,"href":"https:\/\/de.ambaguinee.org\/index.php?rest_route=\/wp\/v2\/users\/1"}],"replies":[{"embeddable":true,"href":"https:\/\/de.ambaguinee.org\/index.php?rest_route=%2Fwp%2Fv2%2Fcomments&post=79296"}],"version-history":[{"count":0,"href":"https:\/\/de.ambaguinee.org\/index.php?rest_route=\/wp\/v2\/posts\/79296\/revisions"}],"wp:attachment":[{"href":"https:\/\/de.ambaguinee.org\/index.php?rest_route=%2Fwp%2Fv2%2Fmedia&parent=79296"}],"wp:term":[{"taxonomy":"category","embeddable":true,"href":"https:\/\/de.ambaguinee.org\/index.php?rest_route=%2Fwp%2Fv2%2Fcategories&post=79296"},{"taxonomy":"post_tag","embeddable":true,"href":"https:\/\/de.ambaguinee.org\/index.php?rest_route=%2Fwp%2Fv2%2Ftags&post=79296"}],"curies":[{"name":"wp","href":"https:\/\/api.w.org\/{rel}","templated":true}]}}