{"id":79380,"date":"2024-11-01T23:03:52","date_gmt":"2024-11-01T22:03:52","guid":{"rendered":"https:\/\/de.ambaguinee.org\/?p=79380"},"modified":"2024-11-01T23:03:52","modified_gmt":"2024-11-01T22:03:52","slug":"justice-huit-detenus-liberes-par-le-procureur-general","status":"publish","type":"post","link":"https:\/\/de.ambaguinee.org\/?p=79380","title":{"rendered":"Justice. Huit d\u00e9tenus lib\u00e9r\u00e9s par le procureur g\u00e9n\u00e9ral"},"content":{"rendered":"<div>\n<div style=\"margin-bottom:20px;\"><img width=\"1080\" height=\"720\"src=\"https:\/\/i0.wp.com\/www.guinee7.com\/wp-content\/uploads\/2024\/11\/IMG-20241101-WA0006.jpg?w=1080&amp;ssl=1\" class=\"attachment-post-thumbnail size-post-thumbnail wp-post-image\" alt=\"\" decoding=\"async\" loading=\"lazy\" srcset=\"https:\/\/i0.wp.com\/www.guinee7.com\/wp-content\/uploads\/2024\/11\/IMG-20241101-WA0006.jpg?w=1080&amp;ssl=1 1080w, https:\/\/i0.wp.com\/www.guinee7.com\/wp-content\/uploads\/2024\/11\/IMG-20241101-WA0006.jpg?resize=300%2C200&amp;ssl=1 300w, https:\/\/i0.wp.com\/www.guinee7.com\/wp-content\/uploads\/2024\/11\/IMG-20241101-WA0006.jpg?resize=1024%2C683&amp;ssl=1 1024w, https:\/\/i0.wp.com\/www.guinee7.com\/wp-content\/uploads\/2024\/11\/IMG-20241101-WA0006.jpg?resize=768%2C512&amp;ssl=1 768w\" sizes=\"(max-width: 1080px) 100vw, 1080px\"><\/div>\n<p><span style=\"font-size: 20px;\">Des d\u00e9tenus en d\u00e9tention prolong\u00e9e et sans jugement ont \u00e9t\u00e9 lib\u00e9r\u00e9s ce 31 octobre 2024 par le procureur g\u00e9n\u00e9ral pr\u00e8s la Cour d\u2019Appel de Conakry. Ils sont en prison depuis 2008 pour certains. C\u2019est le troisi\u00e8me groupe a \u00eatre lib\u00e9r\u00e9\u00a0 depuis l\u2019instruction donn\u00e9e par le garde des sceaux.<\/span><\/p>\n<p><span style=\"font-size: 20px;\"><img data-recalc-dims=\"1\" loading=\"lazy\" decoding=\"async\" class=\"alignnone size-medium wp-image-113352\"src=\"https:\/\/i0.wp.com\/www.guinee7.com\/wp-content\/uploads\/2024\/11\/IMG-20241101-WA0003.jpg?w=1080&amp;ssl=1\" alt=\"\" width=\"300\" height=\"200\" srcset=\"https:\/\/i0.wp.com\/www.guinee7.com\/wp-content\/uploads\/2024\/11\/IMG-20241101-WA0003.jpg?resize=300%2C200&amp;ssl=1 300w, https:\/\/i0.wp.com\/www.guinee7.com\/wp-content\/uploads\/2024\/11\/IMG-20241101-WA0003.jpg?resize=1024%2C683&amp;ssl=1 1024w, https:\/\/i0.wp.com\/www.guinee7.com\/wp-content\/uploads\/2024\/11\/IMG-20241101-WA0003.jpg?resize=768%2C512&amp;ssl=1 768w, https:\/\/i0.wp.com\/www.guinee7.com\/wp-content\/uploads\/2024\/11\/IMG-20241101-WA0003.jpg?w=1080&amp;ssl=1 1080w\" sizes=\"(max-width: 300px) 100vw, 300px\"><\/span><\/p>\n<p><span style=\"font-size: 20px;\">Fallou Doumbouya, Procureur G\u00e9n\u00e9ral pr\u00e8s la Cour d\u2019Appel a expliqu\u00e9 les raisons de cette initiative. \u00ab \u00c0 notre prise de fonction, nous avons constat\u00e9 que certains d\u00e9tenus \u00e9taient maintenus en d\u00e9tention au-del\u00e0 des d\u00e9lais l\u00e9gaux sans \u00eatre pr\u00e9sent\u00e9s devant un juge \u00bb, explique-t-il. Ce qui est contraire au Code de proc\u00e9dure p\u00e9nale qui stipule qu\u2019une \u00ab\u00a0personne ne doit pas \u00eatre d\u00e9tenue plus de six mois sans jugement, renouvelable une fois apr\u00e8s d\u00e9bat contradictoire\u00a0\u00bb.<\/span><\/p>\n<p><span style=\"font-size: 20px;\">\u00ab Nous avons donn\u00e9 des instructions fermes pour que la situation des personnes d\u00e9tenues au-del\u00e0 des d\u00e9lais l\u00e9gaux soit examin\u00e9e de mani\u00e8re rigoureuse \u00bb, a-t-il ajout\u00e9.<\/span><\/p>\n<p><b><span style=\"font-size: 20px;\">Abdoul Lory Sylla pour guinee7.com<\/span><\/b><!--\/data\/user\/0\/com.samsung.android.app.notes\/files\/clipdata\/clipdata_bodytext_241101_140150_416.sdocx--><\/p>\n<\/div>\n","protected":false},"excerpt":{"rendered":"<p>Des d\u00e9tenus en d\u00e9tention prolong\u00e9e et sans jugement ont \u00e9t\u00e9 lib\u00e9r\u00e9s ce 31 octobre 2024 par le procureur g\u00e9n\u00e9ral pr\u00e8s la Cour d\u2019Appel de Conakry. Ils sont en prison depuis 2008 pour certains. C\u2019est le troisi\u00e8me groupe a \u00eatre lib\u00e9r\u00e9\u00a0 depuis l\u2019instruction donn\u00e9e par le garde des sceaux. Fallou Doumbouya, Procureur G\u00e9n\u00e9ral pr\u00e8s la Cour &hellip;<\/p>\n","protected":false},"author":1,"featured_media":0,"comment_status":"closed","ping_status":"closed","sticky":false,"template":"","format":"standard","meta":{"footnotes":""},"categories":[2],"tags":[22],"_links":{"self":[{"href":"https:\/\/de.ambaguinee.org\/index.php?rest_route=\/wp\/v2\/posts\/79380"}],"collection":[{"href":"https:\/\/de.ambaguinee.org\/index.php?rest_route=\/wp\/v2\/posts"}],"about":[{"href":"https:\/\/de.ambaguinee.org\/index.php?rest_route=\/wp\/v2\/types\/post"}],"author":[{"embeddable":true,"href":"https:\/\/de.ambaguinee.org\/index.php?rest_route=\/wp\/v2\/users\/1"}],"replies":[{"embeddable":true,"href":"https:\/\/de.ambaguinee.org\/index.php?rest_route=%2Fwp%2Fv2%2Fcomments&post=79380"}],"version-history":[{"count":0,"href":"https:\/\/de.ambaguinee.org\/index.php?rest_route=\/wp\/v2\/posts\/79380\/revisions"}],"wp:attachment":[{"href":"https:\/\/de.ambaguinee.org\/index.php?rest_route=%2Fwp%2Fv2%2Fmedia&parent=79380"}],"wp:term":[{"taxonomy":"category","embeddable":true,"href":"https:\/\/de.ambaguinee.org\/index.php?rest_route=%2Fwp%2Fv2%2Fcategories&post=79380"},{"taxonomy":"post_tag","embeddable":true,"href":"https:\/\/de.ambaguinee.org\/index.php?rest_route=%2Fwp%2Fv2%2Ftags&post=79380"}],"curies":[{"name":"wp","href":"https:\/\/api.w.org\/{rel}","templated":true}]}}