{"id":79387,"date":"2024-11-01T23:03:58","date_gmt":"2024-11-01T22:03:58","guid":{"rendered":"https:\/\/de.ambaguinee.org\/?p=79387"},"modified":"2024-11-01T23:03:58","modified_gmt":"2024-11-01T22:03:58","slug":"france-bahereba-un-autre-guirassy-signe-pro-avec-nantes","status":"publish","type":"post","link":"https:\/\/de.ambaguinee.org\/?p=79387","title":{"rendered":"France : Bahereba,  un autre Guirassy, signe pro avec Nantes"},"content":{"rendered":"<div>\n<p><strong>NANTES- Le\u00a0FC Nantes pr\u00e9pare l\u2019avenir avec son jeune talent ! Ce vendredi apr\u00e8s-midi, via un communiqu\u00e9 officiel publi\u00e9 sur son site internet, le club des bords de l\u2019Erdre a annonc\u00e9 la signature du tout premier contrat professionnel de Bahereba Guirassy. <\/strong><\/p>\n<p>L\u2019ailier guin\u00e9en de 18 ans, buteur le week-end dernier sur la pelouse du Racing Club de Strasbourg lors de la 9e journ\u00e9e du championnat, a paraph\u00e9 ce vendredi un bail portant sur trois ans, soit jusqu\u2019au 30 juin 2028. N\u00e9 \u00e0 Angers, Bahereba est \u00e9ligible avec la Guin\u00e9e, lui qui semble d\u00e9j\u00e0 marcher sur les traces d\u2019un certain\u2026Serhou Guirassy. Cette saison, le jeune talent a marqu\u00e9 2 buts en 4 matches avec Nantes. Il est temps que la f\u00e9d\u00e9ration Guin\u00e9enne de football prenne d\u00e9j\u00e0 les devants pour tenter de convaincre ce talent \u00e0 d\u00e9fendre les couleurs du Syli.<\/p>\n<figure class=\"wp-block-image size-large\"><img fetchpriority=\"high\" decoding=\"async\" width=\"832\" height=\"1024\"src=\"https:\/\/de.ambaguinee.org\/wp-content\/uploads\/2024\/11\/20241101_172137.jpg\" alt=\"\" class=\"wp-image-53458\" srcset=\"https:\/\/usercontent.one\/wp\/guineefoot.info\/wp-content\/uploads\/2024\/11\/20241101_172137-832x1024.jpg 832w, https:\/\/usercontent.one\/wp\/guineefoot.info\/wp-content\/uploads\/2024\/11\/20241101_172137-244x300.jpg 244w, https:\/\/usercontent.one\/wp\/guineefoot.info\/wp-content\/uploads\/2024\/11\/20241101_172137-768x945.jpg 768w, https:\/\/usercontent.one\/wp\/guineefoot.info\/wp-content\/uploads\/2024\/11\/20241101_172137-600x738.jpg 600w, https:\/\/de.ambaguinee.org\/wp-content\/uploads\/2024\/11\/20241101_172137.jpg 1170w\" sizes=\"(max-width: 832px) 100vw, 832px\"><\/figure>\n<\/div>\n","protected":false},"excerpt":{"rendered":"<p>NANTES- Le\u00a0FC Nantes pr\u00e9pare l\u2019avenir avec son jeune talent ! Ce vendredi apr\u00e8s-midi, via un communiqu\u00e9 officiel publi\u00e9 sur son site internet, le club des bords de l\u2019Erdre a annonc\u00e9 la signature du tout premier contrat professionnel de Bahereba Guirassy. L\u2019ailier guin\u00e9en de 18 ans, buteur le week-end dernier sur la pelouse du Racing Club &hellip;<\/p>\n","protected":false},"author":1,"featured_media":79388,"comment_status":"closed","ping_status":"closed","sticky":false,"template":"","format":"standard","meta":{"footnotes":""},"categories":[4],"tags":[],"_links":{"self":[{"href":"https:\/\/de.ambaguinee.org\/index.php?rest_route=\/wp\/v2\/posts\/79387"}],"collection":[{"href":"https:\/\/de.ambaguinee.org\/index.php?rest_route=\/wp\/v2\/posts"}],"about":[{"href":"https:\/\/de.ambaguinee.org\/index.php?rest_route=\/wp\/v2\/types\/post"}],"author":[{"embeddable":true,"href":"https:\/\/de.ambaguinee.org\/index.php?rest_route=\/wp\/v2\/users\/1"}],"replies":[{"embeddable":true,"href":"https:\/\/de.ambaguinee.org\/index.php?rest_route=%2Fwp%2Fv2%2Fcomments&post=79387"}],"version-history":[{"count":0,"href":"https:\/\/de.ambaguinee.org\/index.php?rest_route=\/wp\/v2\/posts\/79387\/revisions"}],"wp:featuredmedia":[{"embeddable":true,"href":"https:\/\/de.ambaguinee.org\/index.php?rest_route=\/wp\/v2\/media\/79388"}],"wp:attachment":[{"href":"https:\/\/de.ambaguinee.org\/index.php?rest_route=%2Fwp%2Fv2%2Fmedia&parent=79387"}],"wp:term":[{"taxonomy":"category","embeddable":true,"href":"https:\/\/de.ambaguinee.org\/index.php?rest_route=%2Fwp%2Fv2%2Fcategories&post=79387"},{"taxonomy":"post_tag","embeddable":true,"href":"https:\/\/de.ambaguinee.org\/index.php?rest_route=%2Fwp%2Fv2%2Ftags&post=79387"}],"curies":[{"name":"wp","href":"https:\/\/api.w.org\/{rel}","templated":true}]}}