{"id":79472,"date":"2024-11-02T23:00:47","date_gmt":"2024-11-02T22:00:47","guid":{"rendered":"https:\/\/de.ambaguinee.org\/?p=79472"},"modified":"2024-11-02T23:00:47","modified_gmt":"2024-11-02T22:00:47","slug":"alhoussein-makanera-leader-fnd-moi-je-ne-vois-aucun-mal-quil-mamadi-doumbouya-soit-candidat","status":"publish","type":"post","link":"https:\/\/de.ambaguinee.org\/?p=79472","title":{"rendered":"Alhoussein Makan\u00e9ra, leader FND:  \u00abmoi je ne vois aucun mal qu\u2019il (Mamadi Doumbouya) soit candidat \u00bb"},"content":{"rendered":"<div>\n<div style=\"margin-bottom:20px;\"><img width=\"1280\" height=\"960\"src=\"https:\/\/i0.wp.com\/mediaguinee.com\/wp-content\/uploads\/2024\/11\/5ab1a5d1-3d5b-465f-ae8c-df4d20fc7554.jpeg?w=1280&amp;ssl=1\" class=\"attachment-post-thumbnail size-post-thumbnail wp-post-image\" alt=\"\" decoding=\"async\" srcset=\"https:\/\/i0.wp.com\/mediaguinee.com\/wp-content\/uploads\/2024\/11\/5ab1a5d1-3d5b-465f-ae8c-df4d20fc7554.jpeg?w=1280&amp;ssl=1 1280w, https:\/\/i0.wp.com\/mediaguinee.com\/wp-content\/uploads\/2024\/11\/5ab1a5d1-3d5b-465f-ae8c-df4d20fc7554.jpeg?resize=300%2C225&amp;ssl=1 300w, https:\/\/i0.wp.com\/mediaguinee.com\/wp-content\/uploads\/2024\/11\/5ab1a5d1-3d5b-465f-ae8c-df4d20fc7554.jpeg?resize=1024%2C768&amp;ssl=1 1024w, https:\/\/i0.wp.com\/mediaguinee.com\/wp-content\/uploads\/2024\/11\/5ab1a5d1-3d5b-465f-ae8c-df4d20fc7554.jpeg?resize=768%2C576&amp;ssl=1 768w, https:\/\/i0.wp.com\/mediaguinee.com\/wp-content\/uploads\/2024\/11\/5ab1a5d1-3d5b-465f-ae8c-df4d20fc7554.jpeg?resize=86%2C64&amp;ssl=1 86w\" sizes=\"(max-width: 1280px) 100vw, 1280px\" data-attachment-id=\"269448\" data-permalink=\"https:\/\/mediaguinee.com\/2024\/11\/alhoussein-makanera-leader-fnd-moi-je-ne-vois-aucun-mal-quil-mamadi-doumbouya-soit-candidat\/5ab1a5d1-3d5b-465f-ae8c-df4d20fc7554\/\" data-orig-file=\"https:\/\/i0.wp.com\/mediaguinee.com\/wp-content\/uploads\/2024\/11\/5ab1a5d1-3d5b-465f-ae8c-df4d20fc7554.jpeg?fit=1280%2C960&amp;ssl=1\" data-orig-size=\"1280,960\" data-comments-opened=\"1\" data-image-meta='{\"aperture\":\"0\",\"credit\":\"\",\"camera\":\"\",\"caption\":\"\",\"created_timestamp\":\"1730570161\",\"copyright\":\"\",\"focal_length\":\"0\",\"iso\":\"0\",\"shutter_speed\":\"0\",\"title\":\"\",\"orientation\":\"1\"}' data-image-title=\"5ab1a5d1-3d5b-465f-ae8c-df4d20fc7554\" data-image-description=\"\" data-image-caption=\"\" data-medium-file=\"https:\/\/i0.wp.com\/mediaguinee.com\/wp-content\/uploads\/2024\/11\/5ab1a5d1-3d5b-465f-ae8c-df4d20fc7554.jpeg?fit=300%2C225&amp;ssl=1\" data-large-file=\"https:\/\/i0.wp.com\/mediaguinee.com\/wp-content\/uploads\/2024\/11\/5ab1a5d1-3d5b-465f-ae8c-df4d20fc7554.jpeg?fit=1024%2C768&amp;ssl=1\" tabindex=\"0\" role=\"button\"><\/div>\n<p style=\"font-weight: 400;\"><span data-originalfontsize=\"20pt\" data-originalcomputedfontsize=\"26.666666\">Le pr\u00e9sident de l\u2019ONG EPT Solidarit\u00e9 et par ailleurs pr\u00e9sident du parti FND \u2013<\/span><span data-originalfontsize=\"20pt\" data-originalcomputedfontsize=\"26.666666\">mis sous observation par le Minist\u00e8re de l\u2019Administration du Territoire et de la D\u00e9centralisation dans le rapport final d\u2019\u00e9valuation des partis politiques a anim\u00e9 ce samedi 02 novembre une conf\u00e9rence de presse sous le th\u00e8me \u00abPoint sur les candidatures ind\u00e9pendantes aux \u00e9lections\u00bb. <\/span><\/p>\n<p style=\"font-weight: 400;\"><span data-originalfontsize=\"20pt\" data-originalcomputedfontsize=\"26.666666\"><br \/>\nAvec un air d\u00e9tendu, le politique Alhoussein Makan\u00e9ra Kak\u00e9 a r\u00e9pondu \u00e0 une s\u00e9rie de questions relatives \u00e0 l\u2019actualit\u00e9 sociopolitique de la Guin\u00e9e.\u00a0<\/span><\/p>\n<p style=\"font-weight: 400;\"><span data-originalfontsize=\"20pt\" data-originalcomputedfontsize=\"26.666666\">L\u2019acteur politique a laiss\u00e9 entendre qu\u2019il ne voit aucun mal \u00e0 une \u00e9ventuelle candidature du g\u00e9n\u00e9ral Mamadi Doumbouya \u00e0 la prochaine pr\u00e9sidentielle en Guin\u00e9e. \u00a0<\/span><\/p>\n<p style=\"font-weight: 400;\"><span data-originalfontsize=\"20pt\" data-originalcomputedfontsize=\"26.666666\">\u00ab La v\u00e9rit\u00e9, moi je suis quelqu\u2019un de constant, moi je ne vois aucun mal qu\u2019il soit candidat et c\u2019est m\u00eame incoh\u00e9rent pour quelqu\u2019un qui a soutenu Alpha Cond\u00e9 de dire qu\u2019il ne trouve pas l\u00e9gale la possibilit\u00e9 de candidature de Mamadi Doumbouya. Vous savez pourquoi ? Quand Alpha Cond\u00e9 devrait \u00eatre candidat pour le premier mandat de la quatri\u00e8me r\u00e9publique, l\u2019argument que nous avons brandi, le peuple est souverain, c\u2019est \u00e0 lui seul de d\u00e9cider \u00bb, a-t-il d\u00e9clar\u00e9.\u00a0<\/span><\/p>\n<p style=\"font-weight: 400;\"><span data-originalfontsize=\"20pt\" data-originalcomputedfontsize=\"26.666666\">Poursuivant, l\u2019ancien ministre de la Communication a dit ceci\u00a0: \u00ab On peut se poser la question sur la qualit\u00e9 du r\u00e9f\u00e9rendum, dire qu\u2019il faut que le r\u00e9f\u00e9rendum, le r\u00e9sultat, refl\u00e8te la volont\u00e9 du peuple. Mais on ne peut pas dire que ce que le peuple veut, quelqu\u2019un va s\u2019y opposer. On a dit \u00e7a hier. Mamadi vient, on va trouver autre chose, on va lui dire charte. La constitution, bien que la constitution de 2010, ce n\u2019est pas tout le peuple qui a vot\u00e9, mais c\u2019\u00e9tait la loi quand m\u00eame supr\u00eame, que nous on a modifi\u00e9e pour mettre une autre constitution \u00bb.\u00a0<\/span><\/p>\n<p style=\"font-weight: 400;\">\n<p style=\"font-weight: 400;\"><span data-originalfontsize=\"20pt\" data-originalcomputedfontsize=\"26.666666\">Aux yeux de Alhoussein Makan\u00e9ra Kak\u00e9, si le peuple demain d\u00e9cide de modifier la charte, o\u00f9 est le probl\u00e8me ? \u00ab\u00a0Vous savez en Guin\u00e9e, notre probl\u00e8me fondamental, le d\u00e9bat, ce n\u2019est pas le d\u00e9bat d\u2019id\u00e9es, c\u2019est le d\u00e9bat de personnes physiques. Je vous prie de me croire. Vous pouvez enlever Mamadi, vous mettez mille autres personnes, si nous faisons la m\u00eame chose, si nous r\u00e9agissons de la m\u00eame mani\u00e8re, nous aurons toujours le m\u00eame r\u00e9sultat\u2026 \u00bb, dira-t-il. \u00a0<\/span><\/p>\n<p style=\"font-weight: 400;\"><span data-originalfontsize=\"20pt\" data-originalcomputedfontsize=\"26.666666\">Pour finir, l\u2019ancien d\u00e9put\u00e9 \u00e0 l\u2019assembl\u00e9e nationale conseille\u00a0: \u00a0\u00abfaisons en sorte que demain, si je suis candidat, que ma propre femme qui est l\u00e0 maintenant, ministre de l\u2019administration du territoire, organise l\u2019\u00e9lection pr\u00e9sidentielle, si je ne gagne pas, que je ne puisse gagner. Voil\u00e0 le combat que je suis en train de mener. C\u2019est pourquoi je vous ai toujours dit, limitation du mandat, je ne suis pas d\u2019accord. Tel ne peut pas \u00eatre candidat, c\u2019est Tel qui peut \u00eatre candidat, je ne suis pas d\u2019accord. Parce que moi, je ne me bats pas contre la pr\u00e9sence de quelqu\u2019un comme pr\u00e9sident, je me bats contre un syst\u00e8me. Si vous \u00eates avec moi pour changer de syst\u00e8me, je vais vous accompagner. Mais si c\u2019est le d\u00e9bat de personnes physiques, je ne suis pas dedans. <\/span><span data-originalfontsize=\"20pt\" data-originalcomputedfontsize=\"26.666666\">Voil\u00e0 ma position par rapport \u00e0 cette question \u00bb<\/span><\/p>\n<p style=\"font-weight: 400;\">\n<p style=\"font-weight: 400;\"><strong><span data-originalfontsize=\"20pt\" data-originalcomputedfontsize=\"26.666666\">Mamadou Yaya Barry\u00a0<\/span><\/strong><\/p>\n<p>L\u2019article <a href=\"https:\/\/mediaguinee.com\/2024\/11\/alhoussein-makanera-leader-fnd-moi-je-ne-vois-aucun-mal-quil-mamadi-doumbouya-soit-candidat\/\">Alhoussein Makan\u00e9ra, leader FND:  \u00abmoi je ne vois aucun mal qu\u2019il (Mamadi Doumbouya) soit candidat \u00bb<\/a> est apparu en premier sur <a href=\"https:\/\/mediaguinee.com\/\">Mediaguinee.com<\/a>.<\/p>\n<\/div>\n","protected":false},"excerpt":{"rendered":"<p>Le pr\u00e9sident de l\u2019ONG EPT Solidarit\u00e9 et par ailleurs pr\u00e9sident du parti FND \u2013mis sous observation par le Minist\u00e8re de l\u2019Administration du Territoire et de la D\u00e9centralisation dans le rapport final d\u2019\u00e9valuation des partis politiques a anim\u00e9 ce samedi 02 novembre une conf\u00e9rence de presse sous le th\u00e8me \u00abPoint sur les candidatures ind\u00e9pendantes aux \u00e9lections\u00bb. &hellip;<\/p>\n","protected":false},"author":1,"featured_media":0,"comment_status":"closed","ping_status":"closed","sticky":false,"template":"","format":"standard","meta":{"footnotes":""},"categories":[2],"tags":[23],"_links":{"self":[{"href":"https:\/\/de.ambaguinee.org\/index.php?rest_route=\/wp\/v2\/posts\/79472"}],"collection":[{"href":"https:\/\/de.ambaguinee.org\/index.php?rest_route=\/wp\/v2\/posts"}],"about":[{"href":"https:\/\/de.ambaguinee.org\/index.php?rest_route=\/wp\/v2\/types\/post"}],"author":[{"embeddable":true,"href":"https:\/\/de.ambaguinee.org\/index.php?rest_route=\/wp\/v2\/users\/1"}],"replies":[{"embeddable":true,"href":"https:\/\/de.ambaguinee.org\/index.php?rest_route=%2Fwp%2Fv2%2Fcomments&post=79472"}],"version-history":[{"count":0,"href":"https:\/\/de.ambaguinee.org\/index.php?rest_route=\/wp\/v2\/posts\/79472\/revisions"}],"wp:attachment":[{"href":"https:\/\/de.ambaguinee.org\/index.php?rest_route=%2Fwp%2Fv2%2Fmedia&parent=79472"}],"wp:term":[{"taxonomy":"category","embeddable":true,"href":"https:\/\/de.ambaguinee.org\/index.php?rest_route=%2Fwp%2Fv2%2Fcategories&post=79472"},{"taxonomy":"post_tag","embeddable":true,"href":"https:\/\/de.ambaguinee.org\/index.php?rest_route=%2Fwp%2Fv2%2Ftags&post=79472"}],"curies":[{"name":"wp","href":"https:\/\/api.w.org\/{rel}","templated":true}]}}