{"id":79475,"date":"2024-11-02T23:00:49","date_gmt":"2024-11-02T22:00:49","guid":{"rendered":"https:\/\/de.ambaguinee.org\/?p=79475"},"modified":"2024-11-02T23:00:49","modified_gmt":"2024-11-02T22:00:49","slug":"base-militaire-etrangere-en-guinee-le-gal-amara-met-les-points-sur-les-i","status":"publish","type":"post","link":"https:\/\/de.ambaguinee.org\/?p=79475","title":{"rendered":"Base militaire \u00e9trang\u00e8re en Guin\u00e9e : le Gal Amara met les points sur les i"},"content":{"rendered":"<div>\n<div style=\"margin-bottom:20px;\"><img width=\"1280\" height=\"727\"src=\"https:\/\/i0.wp.com\/www.guinee7.com\/wp-content\/uploads\/2024\/11\/IMG-20241102-WA0007.jpg?w=1280&amp;ssl=1\" class=\"attachment-post-thumbnail size-post-thumbnail wp-post-image\" alt=\"\" decoding=\"async\" loading=\"lazy\" srcset=\"https:\/\/i0.wp.com\/www.guinee7.com\/wp-content\/uploads\/2024\/11\/IMG-20241102-WA0007.jpg?w=1280&amp;ssl=1 1280w, https:\/\/i0.wp.com\/www.guinee7.com\/wp-content\/uploads\/2024\/11\/IMG-20241102-WA0007.jpg?resize=300%2C170&amp;ssl=1 300w, https:\/\/i0.wp.com\/www.guinee7.com\/wp-content\/uploads\/2024\/11\/IMG-20241102-WA0007.jpg?resize=1024%2C582&amp;ssl=1 1024w, https:\/\/i0.wp.com\/www.guinee7.com\/wp-content\/uploads\/2024\/11\/IMG-20241102-WA0007.jpg?resize=768%2C436&amp;ssl=1 768w\" sizes=\"(max-width: 1280px) 100vw, 1280px\"><\/div>\n<p><span style=\"font-size: 20px;\">Les officiers de l\u2019arm\u00e9e \u00e9lev\u00e9s aux diff\u00e9rents grade de G\u00e9n\u00e9ral ont re\u00e7u leurs insignes, vendredi 1er novembre 2024 au Palais Mohamed V. Ils ont exprim\u00e9 leurs joies et\u00a0 reconnaissances au pr\u00e9sident de la transition. <\/span><\/p>\n<p><span style=\"font-size: 20px;\">Une vid\u00e9o qui a sanctionn\u00e9e cette rencontre a \u00e9t\u00e9 publi\u00e9e sur la page de la pr\u00e9sidence guin\u00e9enne. Dans la vid\u00e9o, G\u00e9n\u00e9ral de Division Amara Camara d\u00e9clare que : \u201cdes accusations fallacieuses sont mont\u00e9es par-ci et l\u00e0 pour dire qu\u2019il y avait une base militaire \u00e9trang\u00e8re en Guin\u00e9e. Je dis et je r\u00e9it\u00e8re qu\u2019il n\u2019existe nulle part sur le territoire guin\u00e9en depuis 1958 jusqu\u2019en 2024 une seule portion de notre territoire o\u00f9 il y a un soldat \u00e9tranger. La Guin\u00e9e assure par elle-m\u00eame son int\u00e9grit\u00e9 territoriale et ne compte sur aucun pays pour assurer sa s\u00e9curit\u00e9 ou sa d\u00e9fense. Nous sommes formels sur ces all\u00e9gations\u201d.<\/span><\/p>\n<p><span style=\"font-size: 20px;\">Poursuivant, le porte-parole de la pr\u00e9sidence de la R\u00e9publique rassure : \u201cnous ne sommes pas ce pays qui servira de bastion ou de base pour une quelconque force pour d\u00e9stabiliser un pays voisin. On est formel l\u00e0-dessus. Que ces all\u00e9gations soient port\u00e9es l\u00e0 o\u00f9 \u00e7a doit \u00eatre port\u00e9es et comprises comme \u00e7a devrait \u00eatre compris. C\u2019est une insulte pour la nation guin\u00e9enne de dire qu\u2019il y a une base \u00e9trang\u00e8re en Guin\u00e9e. C\u2019est se renier, \u00e7a ne fait pas partie de nos valeurs. Nous sommes un peuple tr\u00e8s tr\u00e8s fier\u201d. <\/span><\/p>\n<p><b><span style=\"font-size: 20px;\">Bhoye Barry pour guinee7.com<\/span><\/b><!--\/data\/user\/0\/com.samsung.android.app.notes\/files\/clipdata\/clipdata_bodytext_241102_152521_394.sdocx--><\/p>\n<\/div>\n","protected":false},"excerpt":{"rendered":"<p>Les officiers de l\u2019arm\u00e9e \u00e9lev\u00e9s aux diff\u00e9rents grade de G\u00e9n\u00e9ral ont re\u00e7u leurs insignes, vendredi 1er novembre 2024 au Palais Mohamed V. Ils ont exprim\u00e9 leurs joies et\u00a0 reconnaissances au pr\u00e9sident de la transition. Une vid\u00e9o qui a sanctionn\u00e9e cette rencontre a \u00e9t\u00e9 publi\u00e9e sur la page de la pr\u00e9sidence guin\u00e9enne. Dans la vid\u00e9o, G\u00e9n\u00e9ral &hellip;<\/p>\n","protected":false},"author":1,"featured_media":0,"comment_status":"closed","ping_status":"closed","sticky":false,"template":"","format":"standard","meta":{"footnotes":""},"categories":[2],"tags":[22],"_links":{"self":[{"href":"https:\/\/de.ambaguinee.org\/index.php?rest_route=\/wp\/v2\/posts\/79475"}],"collection":[{"href":"https:\/\/de.ambaguinee.org\/index.php?rest_route=\/wp\/v2\/posts"}],"about":[{"href":"https:\/\/de.ambaguinee.org\/index.php?rest_route=\/wp\/v2\/types\/post"}],"author":[{"embeddable":true,"href":"https:\/\/de.ambaguinee.org\/index.php?rest_route=\/wp\/v2\/users\/1"}],"replies":[{"embeddable":true,"href":"https:\/\/de.ambaguinee.org\/index.php?rest_route=%2Fwp%2Fv2%2Fcomments&post=79475"}],"version-history":[{"count":0,"href":"https:\/\/de.ambaguinee.org\/index.php?rest_route=\/wp\/v2\/posts\/79475\/revisions"}],"wp:attachment":[{"href":"https:\/\/de.ambaguinee.org\/index.php?rest_route=%2Fwp%2Fv2%2Fmedia&parent=79475"}],"wp:term":[{"taxonomy":"category","embeddable":true,"href":"https:\/\/de.ambaguinee.org\/index.php?rest_route=%2Fwp%2Fv2%2Fcategories&post=79475"},{"taxonomy":"post_tag","embeddable":true,"href":"https:\/\/de.ambaguinee.org\/index.php?rest_route=%2Fwp%2Fv2%2Ftags&post=79475"}],"curies":[{"name":"wp","href":"https:\/\/api.w.org\/{rel}","templated":true}]}}