{"id":79563,"date":"2024-11-03T23:06:00","date_gmt":"2024-11-03T22:06:00","guid":{"rendered":"https:\/\/de.ambaguinee.org\/?p=79563"},"modified":"2024-11-03T23:06:00","modified_gmt":"2024-11-03T22:06:00","slug":"ministere-de-la-defense-plusieurs-generaux-nommes-decret","status":"publish","type":"post","link":"https:\/\/de.ambaguinee.org\/?p=79563","title":{"rendered":"Minist\u00e8re de la D\u00e9fense : Plusieurs g\u00e9n\u00e9raux nomm\u00e9s (d\u00e9cret)\u00a0"},"content":{"rendered":"<div>\n<div style=\"margin-bottom:20px;\"><img width=\"960\" height=\"640\"src=\"https:\/\/i0.wp.com\/www.guinee7.com\/wp-content\/uploads\/2024\/11\/IMG-20241102-WA0033.jpg?w=960&amp;ssl=1\" class=\"attachment-post-thumbnail size-post-thumbnail wp-post-image\" alt=\"\" decoding=\"async\" loading=\"lazy\" srcset=\"https:\/\/i0.wp.com\/www.guinee7.com\/wp-content\/uploads\/2024\/11\/IMG-20241102-WA0033.jpg?w=960&amp;ssl=1 960w, https:\/\/i0.wp.com\/www.guinee7.com\/wp-content\/uploads\/2024\/11\/IMG-20241102-WA0033.jpg?resize=300%2C200&amp;ssl=1 300w, https:\/\/i0.wp.com\/www.guinee7.com\/wp-content\/uploads\/2024\/11\/IMG-20241102-WA0033.jpg?resize=768%2C512&amp;ssl=1 768w\" sizes=\"(max-width: 960px) 100vw, 960px\"><\/div>\n<p><span style=\"font-size: 20px;\">Plusieurs officiers g\u00e9n\u00e9raux de l\u2019Arm\u00e9e Guin\u00e9enne ont \u00e9t\u00e9 nomm\u00e9s au minist\u00e8re de la d\u00e9fense nationale, ce samedi 2 novembre 2024. Le d\u00e9cret de leur nomination a \u00e9t\u00e9 lu \u00e0 la t\u00e9l\u00e9vision nationale par le ministre secr\u00e9taire g\u00e9n\u00e9ral de la pr\u00e9sidence de la R\u00e9publique, le G\u00e9n\u00e9ral de Division Amara Camara. Ce sont : <\/span><\/p>\n<p><span style=\"font-size: 20px;\">1- Inspecteur g\u00e9n\u00e9ral des forces arm\u00e9es, G\u00e9n\u00e9ral de Division a\u00e9rien Ahamed Mohamed Oury Diallo, M: 21871-G pr\u00e9c\u00e9demment chef d\u2019\u00e9tat-major g\u00e9n\u00e9ral des arm\u00e9es adjoint <\/span><\/p>\n<p><span style=\"font-size: 20px;\">2- Chef d\u2019\u00e9tat-major g\u00e9n\u00e9ral adjoint des arm\u00e9es, G\u00e9n\u00e9ral de Brigade Malick Diakit\u00e9 M: 16560-G pr\u00e9c\u00e9demment chef d\u2019\u00e9tat-major adjoint de l\u2019arm\u00e9e de terre <\/span><\/p>\n<p><span style=\"font-size: 20px;\">3- Chef d\u2019\u00e9tat-major de l\u2019arm\u00e9e de terre, G\u00e9n\u00e9ral de Division Abdoulaye Ke\u00efta M: 17664-G pr\u00e9c\u00e9demment Inspecteur g\u00e9n\u00e9ral des forces arm\u00e9es <\/span><\/p>\n<p><b><span style=\"font-size: 20px;\">Bhoye Barry pour guinee7.com<\/span><\/b><!--\/data\/user\/0\/com.samsung.android.app.notes\/files\/clipdata\/clipdata_bodytext_241103_000551_724.sdocx--><\/p>\n<\/div>\n","protected":false},"excerpt":{"rendered":"<p>Plusieurs officiers g\u00e9n\u00e9raux de l\u2019Arm\u00e9e Guin\u00e9enne ont \u00e9t\u00e9 nomm\u00e9s au minist\u00e8re de la d\u00e9fense nationale, ce samedi 2 novembre 2024. Le d\u00e9cret de leur nomination a \u00e9t\u00e9 lu \u00e0 la t\u00e9l\u00e9vision nationale par le ministre secr\u00e9taire g\u00e9n\u00e9ral de la pr\u00e9sidence de la R\u00e9publique, le G\u00e9n\u00e9ral de Division Amara Camara. Ce sont : 1- Inspecteur g\u00e9n\u00e9ral &hellip;<\/p>\n","protected":false},"author":1,"featured_media":0,"comment_status":"closed","ping_status":"closed","sticky":false,"template":"","format":"standard","meta":{"footnotes":""},"categories":[2],"tags":[22],"_links":{"self":[{"href":"https:\/\/de.ambaguinee.org\/index.php?rest_route=\/wp\/v2\/posts\/79563"}],"collection":[{"href":"https:\/\/de.ambaguinee.org\/index.php?rest_route=\/wp\/v2\/posts"}],"about":[{"href":"https:\/\/de.ambaguinee.org\/index.php?rest_route=\/wp\/v2\/types\/post"}],"author":[{"embeddable":true,"href":"https:\/\/de.ambaguinee.org\/index.php?rest_route=\/wp\/v2\/users\/1"}],"replies":[{"embeddable":true,"href":"https:\/\/de.ambaguinee.org\/index.php?rest_route=%2Fwp%2Fv2%2Fcomments&post=79563"}],"version-history":[{"count":0,"href":"https:\/\/de.ambaguinee.org\/index.php?rest_route=\/wp\/v2\/posts\/79563\/revisions"}],"wp:attachment":[{"href":"https:\/\/de.ambaguinee.org\/index.php?rest_route=%2Fwp%2Fv2%2Fmedia&parent=79563"}],"wp:term":[{"taxonomy":"category","embeddable":true,"href":"https:\/\/de.ambaguinee.org\/index.php?rest_route=%2Fwp%2Fv2%2Fcategories&post=79563"},{"taxonomy":"post_tag","embeddable":true,"href":"https:\/\/de.ambaguinee.org\/index.php?rest_route=%2Fwp%2Fv2%2Ftags&post=79563"}],"curies":[{"name":"wp","href":"https:\/\/api.w.org\/{rel}","templated":true}]}}