{"id":79564,"date":"2024-11-03T23:06:01","date_gmt":"2024-11-03T22:06:01","guid":{"rendered":"https:\/\/de.ambaguinee.org\/?p=79564"},"modified":"2024-11-03T23:06:01","modified_gmt":"2024-11-03T22:06:01","slug":"guinee-un-militaire-nomme-a-la-presidence-un-autre-au-haut-commandement-de-la-gendarmerie","status":"publish","type":"post","link":"https:\/\/de.ambaguinee.org\/?p=79564","title":{"rendered":"Guin\u00e9e : un militaire nomm\u00e9 \u00e0 la pr\u00e9sidence, un autre au haut commandement de la gendarmerie"},"content":{"rendered":"<div>\n<div style=\"margin-bottom:20px;\"><img width=\"720\" height=\"682\"src=\"https:\/\/i0.wp.com\/www.guinee7.com\/wp-content\/uploads\/2024\/01\/colonel-Mamadi-Doumbouya.jpg?w=720&amp;ssl=1\" class=\"attachment-post-thumbnail size-post-thumbnail wp-post-image\" alt=\"\" decoding=\"async\" loading=\"lazy\" srcset=\"https:\/\/i0.wp.com\/www.guinee7.com\/wp-content\/uploads\/2024\/01\/colonel-Mamadi-Doumbouya.jpg?w=720&amp;ssl=1 720w, https:\/\/i0.wp.com\/www.guinee7.com\/wp-content\/uploads\/2024\/01\/colonel-Mamadi-Doumbouya.jpg?resize=300%2C284&amp;ssl=1 300w\" sizes=\"(max-width: 720px) 100vw, 720px\"><\/div>\n<p><span style=\"font-size: 20px;\">Dans une s\u00e9rie de d\u00e9crets publi\u00e9e ce samedi 2 novembre 2024, le pr\u00e9sident de la transition G\u00e9n\u00e9ral Mamadi Doumbouya a proc\u00e9d\u00e9 \u00e0 la nomination d\u2019un G\u00e9n\u00e9ral de l\u2019arm\u00e9e \u00e0 la pr\u00e9sidence et un autre au haut commandement de la gendarmerie nationale. <\/span><\/p>\n<p><span style=\"font-size: 20px;\">Le g\u00e9n\u00e9ral de brigade Mohamed Sylla matricule 20131-G pr\u00e9c\u00e9demment Inspecteur g\u00e9n\u00e9ral des forces arm\u00e9es est nomm\u00e9 haut commandant en second de la gendarmerie nationale. <\/span><\/p>\n<p><span style=\"font-size: 20px;\">Quant au g\u00e9n\u00e9ral de division de 2\u00e8me section, Balla Ko\u00efvogui pr\u00e9c\u00e9demment chef d\u2019\u00e9tat-major de l\u2019arm\u00e9e de terre est nomm\u00e9 conseiller charg\u00e9 de mission \u00e0 la pr\u00e9sidence de la R\u00e9publique. <\/span><\/p>\n<p><b><span style=\"font-size: 20px;\">Bhoye Barry pour guinee7.com<\/span><\/b><!--\/data\/user\/0\/com.samsung.android.app.notes\/files\/clipdata\/clipdata_bodytext_241103_000945_602.sdocx--><\/p>\n<\/div>\n","protected":false},"excerpt":{"rendered":"<p>Dans une s\u00e9rie de d\u00e9crets publi\u00e9e ce samedi 2 novembre 2024, le pr\u00e9sident de la transition G\u00e9n\u00e9ral Mamadi Doumbouya a proc\u00e9d\u00e9 \u00e0 la nomination d\u2019un G\u00e9n\u00e9ral de l\u2019arm\u00e9e \u00e0 la pr\u00e9sidence et un autre au haut commandement de la gendarmerie nationale. Le g\u00e9n\u00e9ral de brigade Mohamed Sylla matricule 20131-G pr\u00e9c\u00e9demment Inspecteur g\u00e9n\u00e9ral des forces arm\u00e9es &hellip;<\/p>\n","protected":false},"author":1,"featured_media":0,"comment_status":"closed","ping_status":"closed","sticky":false,"template":"","format":"standard","meta":{"footnotes":""},"categories":[2],"tags":[22],"_links":{"self":[{"href":"https:\/\/de.ambaguinee.org\/index.php?rest_route=\/wp\/v2\/posts\/79564"}],"collection":[{"href":"https:\/\/de.ambaguinee.org\/index.php?rest_route=\/wp\/v2\/posts"}],"about":[{"href":"https:\/\/de.ambaguinee.org\/index.php?rest_route=\/wp\/v2\/types\/post"}],"author":[{"embeddable":true,"href":"https:\/\/de.ambaguinee.org\/index.php?rest_route=\/wp\/v2\/users\/1"}],"replies":[{"embeddable":true,"href":"https:\/\/de.ambaguinee.org\/index.php?rest_route=%2Fwp%2Fv2%2Fcomments&post=79564"}],"version-history":[{"count":0,"href":"https:\/\/de.ambaguinee.org\/index.php?rest_route=\/wp\/v2\/posts\/79564\/revisions"}],"wp:attachment":[{"href":"https:\/\/de.ambaguinee.org\/index.php?rest_route=%2Fwp%2Fv2%2Fmedia&parent=79564"}],"wp:term":[{"taxonomy":"category","embeddable":true,"href":"https:\/\/de.ambaguinee.org\/index.php?rest_route=%2Fwp%2Fv2%2Fcategories&post=79564"},{"taxonomy":"post_tag","embeddable":true,"href":"https:\/\/de.ambaguinee.org\/index.php?rest_route=%2Fwp%2Fv2%2Ftags&post=79564"}],"curies":[{"name":"wp","href":"https:\/\/api.w.org\/{rel}","templated":true}]}}