{"id":79565,"date":"2024-11-03T23:06:01","date_gmt":"2024-11-03T22:06:01","guid":{"rendered":"https:\/\/de.ambaguinee.org\/?p=79565"},"modified":"2024-11-03T23:06:01","modified_gmt":"2024-11-03T22:06:01","slug":"environnement-la-preservation-de-la-mangrove-au-coeur-dune-rencontre","status":"publish","type":"post","link":"https:\/\/de.ambaguinee.org\/?p=79565","title":{"rendered":"Environnement. La pr\u00e9servation de la mangrove au c\u0153ur d\u2019une rencontre"},"content":{"rendered":"<div>\n<div style=\"margin-bottom:20px;\"><img width=\"1008\" height=\"756\"src=\"https:\/\/i0.wp.com\/www.guinee7.com\/wp-content\/uploads\/2024\/11\/IMG-20241102-WA0032.jpg?w=1008&amp;ssl=1\" class=\"attachment-post-thumbnail size-post-thumbnail wp-post-image\" alt=\"\" decoding=\"async\" loading=\"lazy\" srcset=\"https:\/\/i0.wp.com\/www.guinee7.com\/wp-content\/uploads\/2024\/11\/IMG-20241102-WA0032.jpg?w=1008&amp;ssl=1 1008w, https:\/\/i0.wp.com\/www.guinee7.com\/wp-content\/uploads\/2024\/11\/IMG-20241102-WA0032.jpg?resize=300%2C225&amp;ssl=1 300w, https:\/\/i0.wp.com\/www.guinee7.com\/wp-content\/uploads\/2024\/11\/IMG-20241102-WA0032.jpg?resize=768%2C576&amp;ssl=1 768w, https:\/\/i0.wp.com\/www.guinee7.com\/wp-content\/uploads\/2024\/11\/IMG-20241102-WA0032.jpg?resize=86%2C64&amp;ssl=1 86w\" sizes=\"(max-width: 1008px) 100vw, 1008px\"><\/div>\n<p><span style=\"font-size: 20px;\">La plage de Benares a accueillie samedi 2 novembre 2024, un s\u00e9minaire de sensibilisation autour de la sauvegarde de la mangrove. <\/span><\/p>\n<p><span style=\"font-size: 20px;\">A l\u2019initiative de l\u2019ONG \u00ab\u00a0AGUIDER\u00a0\u00bb, la rencontre a r\u00e9uni plusieurs acteurs impliqu\u00e9s dans l\u2019utilisation de la mangrove, notamment des p\u00eacheurs, des saliculteurs, des\u00a0 marailleuses ainsi que des fumeuses de poissons.<\/span><\/p>\n<p><span style=\"font-size: 20px;\">\u00c9douard OSTERNAUD, charg\u00e9 de projets \u00e0 INADER, explique que l\u2019objectif de cette d\u00e9marche est : \u00ab de pouvoir, mobiliser l\u2019ensemble des parties prenantes qui sont concern\u00e9es par la mangrove. On a pu le voir au fil des \u00e9changes que la plupart des personnes, qui vivent autour de cet \u00e9cosyst\u00e8me en d\u00e9pendent. Ils en d\u00e9pendent au minimum pour la question de la ventilation de l\u2019air, parce qu\u2019on sait que la mangrove joue un r\u00f4le tr\u00e8s important sur le climat, mais \u00e7a joue aussi un r\u00f4le sur la biodiversit\u00e9. Les p\u00eacheurs d\u00e9pendent de cette mangrove, les femmes marailleuses d\u00e9pendent aussi de cette mangrove. La grande majorit\u00e9 des personnes qui sont dans ce quartier, et dans tout Conakry d\u00e9pendent de la mangrove. Mais m\u00eame bien plus loin, l\u2019ensemble de l\u2019humanit\u00e9 a un int\u00e9r\u00eat et a une obligation de prot\u00e9ger cet \u00e9cosyst\u00e8me, puisqu\u2019il est vital pour la plan\u00e8te \u00bb. <\/span><\/p>\n<p><span style=\"font-size: 20px;\">Cette initiative est fortement appr\u00e9ci\u00e9e par les autorit\u00e9s qui \u00e9voluent dans la pr\u00e9servation de l\u2019environnement. C\u2019est dans ce cadre que Batrou Kaba, assistante \u00e0 la Direction communale de l\u2019environnement et du d\u00e9veloppement durable a adh\u00e9r\u00e9 parfaitement au projet. \u00ab Les recommandations faites par les participants ont principalement concern\u00e9 la protection de la mangrove \u00e0 tous les niveaux. \u00c0 tous les niveaux, les acteurs concern\u00e9s tels que les saliculteurs, les exploitants de bois, les p\u00eacheurs ont tous conclu que nous devons prot\u00e9ger la mangrove, car elle nous fournit des services \u00e9cosyst\u00e9miques les plus importants au monde. La mangrove occupe une place importante dans le cadre de la protection de l\u2019environnement \u00bb, a-t-elle expliqu\u00e9.<\/span><\/p>\n<p><span style=\"font-size: 20px;\">Le pr\u00e9sident de la jeunesse du littoral de Benar\u00e8s et environs, Aboubacar Sylla a promis d\u2019accompagner le projet : \u00ab Nous nous engageons \u00e0 les sensibiliser de penser \u00e0 la protection de l\u2019environnement. Je pense que ce genre de sensibilisation devrait \u00eatre \u00e9largi \u00e0 tout le littoral. On doit sensibiliser les populations de tout le littoral \u00bb, soutient-il.<\/span><\/p>\n<p><span style=\"font-size: 20px;\">Pour joindre l\u2019utile \u00e0 l\u2019agr\u00e9able, un tournoi de football denomm\u00e9 \u00abMangrove Cup\u00bb a \u00e9t\u00e9 jou\u00e9. <\/span><\/p>\n<p><b><span style=\"font-size: 20px;\">Abdoul Lory Sylla pour guinee7.com<\/span><\/b><!--\/data\/user\/0\/com.samsung.android.app.notes\/files\/clipdata\/clipdata_bodytext_241103_001308_158.sdocx--><\/p>\n<\/div>\n","protected":false},"excerpt":{"rendered":"<p>La plage de Benares a accueillie samedi 2 novembre 2024, un s\u00e9minaire de sensibilisation autour de la sauvegarde de la mangrove. A l\u2019initiative de l\u2019ONG \u00ab\u00a0AGUIDER\u00a0\u00bb, la rencontre a r\u00e9uni plusieurs acteurs impliqu\u00e9s dans l\u2019utilisation de la mangrove, notamment des p\u00eacheurs, des saliculteurs, des\u00a0 marailleuses ainsi que des fumeuses de poissons. \u00c9douard OSTERNAUD, charg\u00e9 de &hellip;<\/p>\n","protected":false},"author":1,"featured_media":0,"comment_status":"closed","ping_status":"closed","sticky":false,"template":"","format":"standard","meta":{"footnotes":""},"categories":[2],"tags":[22],"_links":{"self":[{"href":"https:\/\/de.ambaguinee.org\/index.php?rest_route=\/wp\/v2\/posts\/79565"}],"collection":[{"href":"https:\/\/de.ambaguinee.org\/index.php?rest_route=\/wp\/v2\/posts"}],"about":[{"href":"https:\/\/de.ambaguinee.org\/index.php?rest_route=\/wp\/v2\/types\/post"}],"author":[{"embeddable":true,"href":"https:\/\/de.ambaguinee.org\/index.php?rest_route=\/wp\/v2\/users\/1"}],"replies":[{"embeddable":true,"href":"https:\/\/de.ambaguinee.org\/index.php?rest_route=%2Fwp%2Fv2%2Fcomments&post=79565"}],"version-history":[{"count":0,"href":"https:\/\/de.ambaguinee.org\/index.php?rest_route=\/wp\/v2\/posts\/79565\/revisions"}],"wp:attachment":[{"href":"https:\/\/de.ambaguinee.org\/index.php?rest_route=%2Fwp%2Fv2%2Fmedia&parent=79565"}],"wp:term":[{"taxonomy":"category","embeddable":true,"href":"https:\/\/de.ambaguinee.org\/index.php?rest_route=%2Fwp%2Fv2%2Fcategories&post=79565"},{"taxonomy":"post_tag","embeddable":true,"href":"https:\/\/de.ambaguinee.org\/index.php?rest_route=%2Fwp%2Fv2%2Ftags&post=79565"}],"curies":[{"name":"wp","href":"https:\/\/api.w.org\/{rel}","templated":true}]}}