{"id":79661,"date":"2024-11-04T23:00:58","date_gmt":"2024-11-04T22:00:58","guid":{"rendered":"https:\/\/de.ambaguinee.org\/?p=79661"},"modified":"2024-11-04T23:00:58","modified_gmt":"2024-11-04T22:00:58","slug":"mamadou-oury-diallo-president-du-mpl-au-matd-cest-pour-informer-que-nous-existons-en-tant-que-mouvement-politique","status":"publish","type":"post","link":"https:\/\/de.ambaguinee.org\/?p=79661","title":{"rendered":"Mamadou Oury Diallo, pr\u00e9sident du MPL au MATD : \u00ab\u00a0c\u2019est pour informer que nous existons en tant que mouvement politique\u00a0\u00bb"},"content":{"rendered":"<div>\n<div style=\"margin-bottom:20px;\"><img width=\"2048\" height=\"945\"src=\"https:\/\/i0.wp.com\/mediaguinee.com\/wp-content\/uploads\/2024\/11\/Messenger_creation_4226FD7A-E92A-462C-A67E-F8B6708F9F36.jpeg?w=2048&amp;ssl=1\" class=\"attachment-post-thumbnail size-post-thumbnail wp-post-image\" alt=\"\" decoding=\"async\" srcset=\"https:\/\/i0.wp.com\/mediaguinee.com\/wp-content\/uploads\/2024\/11\/Messenger_creation_4226FD7A-E92A-462C-A67E-F8B6708F9F36.jpeg?w=2048&amp;ssl=1 2048w, https:\/\/i0.wp.com\/mediaguinee.com\/wp-content\/uploads\/2024\/11\/Messenger_creation_4226FD7A-E92A-462C-A67E-F8B6708F9F36.jpeg?resize=300%2C138&amp;ssl=1 300w, https:\/\/i0.wp.com\/mediaguinee.com\/wp-content\/uploads\/2024\/11\/Messenger_creation_4226FD7A-E92A-462C-A67E-F8B6708F9F36.jpeg?resize=1024%2C473&amp;ssl=1 1024w, https:\/\/i0.wp.com\/mediaguinee.com\/wp-content\/uploads\/2024\/11\/Messenger_creation_4226FD7A-E92A-462C-A67E-F8B6708F9F36.jpeg?resize=768%2C354&amp;ssl=1 768w, https:\/\/i0.wp.com\/mediaguinee.com\/wp-content\/uploads\/2024\/11\/Messenger_creation_4226FD7A-E92A-462C-A67E-F8B6708F9F36.jpeg?resize=1536%2C709&amp;ssl=1 1536w\" sizes=\"(max-width: 2048px) 100vw, 2048px\" data-attachment-id=\"269506\" data-permalink=\"https:\/\/mediaguinee.com\/2024\/11\/mamadou-oury-diallo-president-du-mpl-au-matd-cest-pour-informer-que-nous-existons-en-tant-que-mouvement-politique\/messenger_creation_4226fd7a-e92a-462c-a67e-f8b6708f9f36\/\" data-orig-file=\"https:\/\/i0.wp.com\/mediaguinee.com\/wp-content\/uploads\/2024\/11\/Messenger_creation_4226FD7A-E92A-462C-A67E-F8B6708F9F36.jpeg?fit=2048%2C945&amp;ssl=1\" data-orig-size=\"2048,945\" data-comments-opened=\"1\" data-image-meta='{\"aperture\":\"0\",\"credit\":\"\",\"camera\":\"\",\"caption\":\"\",\"created_timestamp\":\"0\",\"copyright\":\"\",\"focal_length\":\"0\",\"iso\":\"0\",\"shutter_speed\":\"0\",\"title\":\"\",\"orientation\":\"0\"}' data-image-title=\"Messenger_creation_4226FD7A-E92A-462C-A67E-F8B6708F9F36\" data-image-description=\"\" data-image-caption=\"\" data-medium-file=\"https:\/\/i0.wp.com\/mediaguinee.com\/wp-content\/uploads\/2024\/11\/Messenger_creation_4226FD7A-E92A-462C-A67E-F8B6708F9F36.jpeg?fit=300%2C138&amp;ssl=1\" data-large-file=\"https:\/\/i0.wp.com\/mediaguinee.com\/wp-content\/uploads\/2024\/11\/Messenger_creation_4226FD7A-E92A-462C-A67E-F8B6708F9F36.jpeg?fit=1024%2C473&amp;ssl=1\" tabindex=\"0\" role=\"button\"><\/div>\n<p>En compagnie de certains de ses proches collaborateurs, Mamadou Oury Diallo, pr\u00e9sident du Mouvement des Patriotes Lib\u00e9raux (M.P.L) \u00e9tait ce lundi, 4 novembre au minist\u00e8re de l\u2019Administration du territoire et de la d\u00e9centralisation pour officiellement informer de leur existence.<\/p>\n<p><img decoding=\"async\" data-attachment-id=\"269507\" data-permalink=\"https:\/\/mediaguinee.com\/2024\/11\/mamadou-oury-diallo-president-du-mpl-au-matd-cest-pour-informer-que-nous-existons-en-tant-que-mouvement-politique\/messenger_creation_560c6abb-05a9-40b2-86da-05bacf313bb2\/\" data-orig-file=\"https:\/\/i0.wp.com\/mediaguinee.com\/wp-content\/uploads\/2024\/11\/Messenger_creation_560C6ABB-05A9-40B2-86DA-05BACF313BB2.jpeg?fit=2048%2C945&amp;ssl=1\" data-orig-size=\"2048,945\" data-comments-opened=\"1\" data-image-meta='{\"aperture\":\"0\",\"credit\":\"\",\"camera\":\"\",\"caption\":\"\",\"created_timestamp\":\"0\",\"copyright\":\"\",\"focal_length\":\"0\",\"iso\":\"0\",\"shutter_speed\":\"0\",\"title\":\"\",\"orientation\":\"0\"}' data-image-title=\"Messenger_creation_560C6ABB-05A9-40B2-86DA-05BACF313BB2\" data-image-description=\"\" data-image-caption=\"\" data-medium-file=\"https:\/\/i0.wp.com\/mediaguinee.com\/wp-content\/uploads\/2024\/11\/Messenger_creation_560C6ABB-05A9-40B2-86DA-05BACF313BB2.jpeg?fit=300%2C138&amp;ssl=1\" data-large-file=\"https:\/\/i0.wp.com\/mediaguinee.com\/wp-content\/uploads\/2024\/11\/Messenger_creation_560C6ABB-05A9-40B2-86DA-05BACF313BB2.jpeg?fit=1024%2C473&amp;ssl=1\" tabindex=\"0\" role=\"button\" class=\"alignnone wp-image-269507 size-full\"src=\"https:\/\/i0.wp.com\/mediaguinee.com\/wp-content\/uploads\/2024\/11\/Messenger_creation_560C6ABB-05A9-40B2-86DA-05BACF313BB2.jpeg?w=2048&amp;ssl=1\" alt=\"\" width=\"1170\" height=\"540\" srcset=\"https:\/\/i0.wp.com\/mediaguinee.com\/wp-content\/uploads\/2024\/11\/Messenger_creation_560C6ABB-05A9-40B2-86DA-05BACF313BB2.jpeg?w=2048&amp;ssl=1 2048w, https:\/\/i0.wp.com\/mediaguinee.com\/wp-content\/uploads\/2024\/11\/Messenger_creation_560C6ABB-05A9-40B2-86DA-05BACF313BB2.jpeg?resize=300%2C138&amp;ssl=1 300w, https:\/\/i0.wp.com\/mediaguinee.com\/wp-content\/uploads\/2024\/11\/Messenger_creation_560C6ABB-05A9-40B2-86DA-05BACF313BB2.jpeg?resize=1024%2C473&amp;ssl=1 1024w, https:\/\/i0.wp.com\/mediaguinee.com\/wp-content\/uploads\/2024\/11\/Messenger_creation_560C6ABB-05A9-40B2-86DA-05BACF313BB2.jpeg?resize=768%2C354&amp;ssl=1 768w, https:\/\/i0.wp.com\/mediaguinee.com\/wp-content\/uploads\/2024\/11\/Messenger_creation_560C6ABB-05A9-40B2-86DA-05BACF313BB2.jpeg?resize=1536%2C709&amp;ssl=1 1536w\" sizes=\"(max-width: 1170px) 100vw, 1170px\" data-recalc-dims=\"1\"><\/p>\n<p>A cet effet, une enveloppe contenant une lettre d\u2019information, des demandes d\u2019autorisation, les statuts du mouvement, le proc\u00e8s verbal de la r\u00e9union pass\u00e9e, la liste des membres fondateurs, la liste des pr\u00e9sents \u00e0 la r\u00e9union du 1er novembre dernier et les pi\u00e8ces d\u2019identit\u00e9 de ces membres fondateurs a \u00e9t\u00e9 d\u00e9pos\u00e9e au secr\u00e9tariat central de ce minist\u00e8re qui est la tutelle des partis politiques et des mouvements.<\/p>\n<p><img decoding=\"async\" data-attachment-id=\"269508\" data-permalink=\"https:\/\/mediaguinee.com\/2024\/11\/mamadou-oury-diallo-president-du-mpl-au-matd-cest-pour-informer-que-nous-existons-en-tant-que-mouvement-politique\/messenger_creation_9f52ebc3-966b-40da-97a7-b7c98141ec35\/\" data-orig-file=\"https:\/\/i0.wp.com\/mediaguinee.com\/wp-content\/uploads\/2024\/11\/Messenger_creation_9F52EBC3-966B-40DA-97A7-B7C98141EC35.jpeg?fit=2048%2C945&amp;ssl=1\" data-orig-size=\"2048,945\" data-comments-opened=\"1\" data-image-meta='{\"aperture\":\"0\",\"credit\":\"\",\"camera\":\"\",\"caption\":\"\",\"created_timestamp\":\"0\",\"copyright\":\"\",\"focal_length\":\"0\",\"iso\":\"0\",\"shutter_speed\":\"0\",\"title\":\"\",\"orientation\":\"0\"}' data-image-title=\"Messenger_creation_9F52EBC3-966B-40DA-97A7-B7C98141EC35\" data-image-description=\"\" data-image-caption=\"\" data-medium-file=\"https:\/\/i0.wp.com\/mediaguinee.com\/wp-content\/uploads\/2024\/11\/Messenger_creation_9F52EBC3-966B-40DA-97A7-B7C98141EC35.jpeg?fit=300%2C138&amp;ssl=1\" data-large-file=\"https:\/\/i0.wp.com\/mediaguinee.com\/wp-content\/uploads\/2024\/11\/Messenger_creation_9F52EBC3-966B-40DA-97A7-B7C98141EC35.jpeg?fit=1024%2C473&amp;ssl=1\" tabindex=\"0\" role=\"button\" class=\"alignnone wp-image-269508 size-full\"src=\"https:\/\/i0.wp.com\/mediaguinee.com\/wp-content\/uploads\/2024\/11\/Messenger_creation_9F52EBC3-966B-40DA-97A7-B7C98141EC35.jpeg?w=2048&amp;ssl=1\" alt=\"\" width=\"1170\" height=\"540\" srcset=\"https:\/\/i0.wp.com\/mediaguinee.com\/wp-content\/uploads\/2024\/11\/Messenger_creation_9F52EBC3-966B-40DA-97A7-B7C98141EC35.jpeg?w=2048&amp;ssl=1 2048w, https:\/\/i0.wp.com\/mediaguinee.com\/wp-content\/uploads\/2024\/11\/Messenger_creation_9F52EBC3-966B-40DA-97A7-B7C98141EC35.jpeg?resize=300%2C138&amp;ssl=1 300w, https:\/\/i0.wp.com\/mediaguinee.com\/wp-content\/uploads\/2024\/11\/Messenger_creation_9F52EBC3-966B-40DA-97A7-B7C98141EC35.jpeg?resize=1024%2C473&amp;ssl=1 1024w, https:\/\/i0.wp.com\/mediaguinee.com\/wp-content\/uploads\/2024\/11\/Messenger_creation_9F52EBC3-966B-40DA-97A7-B7C98141EC35.jpeg?resize=768%2C354&amp;ssl=1 768w, https:\/\/i0.wp.com\/mediaguinee.com\/wp-content\/uploads\/2024\/11\/Messenger_creation_9F52EBC3-966B-40DA-97A7-B7C98141EC35.jpeg?resize=1536%2C709&amp;ssl=1 1536w\" sizes=\"(max-width: 1170px) 100vw, 1170px\" data-recalc-dims=\"1\"><\/p>\n<p>Avec l\u2019accus\u00e9 de r\u00e9ception de sa demande en main, Mamadou Oury s\u2019est r\u00e9joui de l\u2019accueil qui lui a \u00e9t\u00e9 r\u00e9serv\u00e9, avant de d\u00e9clarer : \u00ab\u00a0Ce lundi, 4 novembre 2024 est la suite logique de notre r\u00e9union restreinte et technique du vendredi, 1er novembre dernier qui a act\u00e9 le choix et la confirmation du pr\u00e9sident de notre mouvement que je suis. R\u00e9union qui instruisait aussi que d\u00e8s notre sortie de l\u00e0, que nous prenions attache avec le minist\u00e8re de l\u2019Administration du territoire et de la d\u00e9centralisation afin de se signaler ou d\u2019informer ce d\u00e9partement minist\u00e9riel de notre existence\u00a0\u00bb.<\/p>\n<p><img decoding=\"async\" data-attachment-id=\"269511\" data-permalink=\"https:\/\/mediaguinee.com\/2024\/11\/mamadou-oury-diallo-president-du-mpl-au-matd-cest-pour-informer-que-nous-existons-en-tant-que-mouvement-politique\/messenger_creation_1726bc20-0c05-49bc-8f6b-f0caef5f1c11\/\" data-orig-file=\"https:\/\/i0.wp.com\/mediaguinee.com\/wp-content\/uploads\/2024\/11\/Messenger_creation_1726BC20-0C05-49BC-8F6B-F0CAEF5F1C11.jpeg?fit=944%2C1607&amp;ssl=1\" data-orig-size=\"944,1607\" data-comments-opened=\"1\" data-image-meta='{\"aperture\":\"0\",\"credit\":\"\",\"camera\":\"\",\"caption\":\"\",\"created_timestamp\":\"0\",\"copyright\":\"\",\"focal_length\":\"0\",\"iso\":\"0\",\"shutter_speed\":\"0\",\"title\":\"\",\"orientation\":\"1\"}' data-image-title=\"Messenger_creation_1726BC20-0C05-49BC-8F6B-F0CAEF5F1C11\" data-image-description=\"\" data-image-caption=\"\" data-medium-file=\"https:\/\/i0.wp.com\/mediaguinee.com\/wp-content\/uploads\/2024\/11\/Messenger_creation_1726BC20-0C05-49BC-8F6B-F0CAEF5F1C11.jpeg?fit=176%2C300&amp;ssl=1\" data-large-file=\"https:\/\/i0.wp.com\/mediaguinee.com\/wp-content\/uploads\/2024\/11\/Messenger_creation_1726BC20-0C05-49BC-8F6B-F0CAEF5F1C11.jpeg?fit=602%2C1024&amp;ssl=1\" tabindex=\"0\" role=\"button\" class=\"alignnone wp-image-269511 size-full\"src=\"https:\/\/i0.wp.com\/mediaguinee.com\/wp-content\/uploads\/2024\/11\/Messenger_creation_1726BC20-0C05-49BC-8F6B-F0CAEF5F1C11.jpeg?w=944&amp;ssl=1\" alt=\"\" width=\"944\" height=\"1607\" srcset=\"https:\/\/i0.wp.com\/mediaguinee.com\/wp-content\/uploads\/2024\/11\/Messenger_creation_1726BC20-0C05-49BC-8F6B-F0CAEF5F1C11.jpeg?w=944&amp;ssl=1 944w, https:\/\/i0.wp.com\/mediaguinee.com\/wp-content\/uploads\/2024\/11\/Messenger_creation_1726BC20-0C05-49BC-8F6B-F0CAEF5F1C11.jpeg?resize=176%2C300&amp;ssl=1 176w, https:\/\/i0.wp.com\/mediaguinee.com\/wp-content\/uploads\/2024\/11\/Messenger_creation_1726BC20-0C05-49BC-8F6B-F0CAEF5F1C11.jpeg?resize=602%2C1024&amp;ssl=1 602w, https:\/\/i0.wp.com\/mediaguinee.com\/wp-content\/uploads\/2024\/11\/Messenger_creation_1726BC20-0C05-49BC-8F6B-F0CAEF5F1C11.jpeg?resize=768%2C1307&amp;ssl=1 768w, https:\/\/i0.wp.com\/mediaguinee.com\/wp-content\/uploads\/2024\/11\/Messenger_creation_1726BC20-0C05-49BC-8F6B-F0CAEF5F1C11.jpeg?resize=902%2C1536&amp;ssl=1 902w\" sizes=\"(max-width: 944px) 100vw, 944px\" data-recalc-dims=\"1\"><\/p>\n<p>Poursuivant, il fera savoir que \u00ab\u00a0le but, c\u2019est de se distinguer de toutes les formes de mouvement politique qui existent d\u00e9j\u00e0 sur le terrain, pour \u00e9chapper \u00e0 toute forme d\u2019ill\u00e9galit\u00e9. Donc le premier objectif, c\u2019est d\u2019informer le minist\u00e8re que nous existons en tant que mouvement politique qui a pour objectif de participer \u00e0 l\u2019animation de la vie publique, au d\u00e9bat national et \u00e0 l\u2019arriv\u00e9e des \u00e9lections, veille y prendre part, mais s\u2019engouffrant dans la br\u00e8che des candidatures ind\u00e9pendantes. De ce point de vue, notre mouvement affiche une sorte de sp\u00e9cificit\u00e9, puis qu\u2019il n\u2019est pas en tant que tel, un parti politique formellement organis\u00e9. Et pour qu\u2019on nous traite avec cette sp\u00e9cificit\u00e9, qu\u2019on nous reconnaissance avec cette sp\u00e9cificit\u00e9, qu\u2019on nous autorise avec cette sp\u00e9cificit\u00e9 pour ne pas que l\u2019administration soit surprise de nous travailler sur le terrain et nous voir aller \u00e0 la rencontre de nos compatriotes. Et qu\u2019il (MATD) dise qu\u2019il n\u2019est pas au courant de notre existence. C\u2019est le but essentiel de notre pr\u00e9sence au MATD ce matin\u00a0\u00bb.<\/p>\n<p>Youssouf Keita<\/p>\n<p>\u00a0<\/p>\n<p>L\u2019article <a href=\"https:\/\/mediaguinee.com\/2024\/11\/mamadou-oury-diallo-president-du-mpl-au-matd-cest-pour-informer-que-nous-existons-en-tant-que-mouvement-politique\/\">Mamadou Oury Diallo, pr\u00e9sident du MPL au MATD : \u00ab\u00a0c\u2019est pour informer que nous existons en tant que mouvement politique\u00a0\u00bb<\/a> est apparu en premier sur <a href=\"https:\/\/mediaguinee.com\/\">Mediaguinee.com<\/a>.<\/p>\n<\/div>\n","protected":false},"excerpt":{"rendered":"<p>En compagnie de certains de ses proches collaborateurs, Mamadou Oury Diallo, pr\u00e9sident du Mouvement des Patriotes Lib\u00e9raux (M.P.L) \u00e9tait ce lundi, 4 novembre au minist\u00e8re de l\u2019Administration du territoire et de la d\u00e9centralisation pour officiellement informer de leur existence. A cet effet, une enveloppe contenant une lettre d\u2019information, des demandes d\u2019autorisation, les statuts du mouvement, &hellip;<\/p>\n","protected":false},"author":1,"featured_media":0,"comment_status":"closed","ping_status":"closed","sticky":false,"template":"","format":"standard","meta":{"footnotes":""},"categories":[2],"tags":[23],"_links":{"self":[{"href":"https:\/\/de.ambaguinee.org\/index.php?rest_route=\/wp\/v2\/posts\/79661"}],"collection":[{"href":"https:\/\/de.ambaguinee.org\/index.php?rest_route=\/wp\/v2\/posts"}],"about":[{"href":"https:\/\/de.ambaguinee.org\/index.php?rest_route=\/wp\/v2\/types\/post"}],"author":[{"embeddable":true,"href":"https:\/\/de.ambaguinee.org\/index.php?rest_route=\/wp\/v2\/users\/1"}],"replies":[{"embeddable":true,"href":"https:\/\/de.ambaguinee.org\/index.php?rest_route=%2Fwp%2Fv2%2Fcomments&post=79661"}],"version-history":[{"count":0,"href":"https:\/\/de.ambaguinee.org\/index.php?rest_route=\/wp\/v2\/posts\/79661\/revisions"}],"wp:attachment":[{"href":"https:\/\/de.ambaguinee.org\/index.php?rest_route=%2Fwp%2Fv2%2Fmedia&parent=79661"}],"wp:term":[{"taxonomy":"category","embeddable":true,"href":"https:\/\/de.ambaguinee.org\/index.php?rest_route=%2Fwp%2Fv2%2Fcategories&post=79661"},{"taxonomy":"post_tag","embeddable":true,"href":"https:\/\/de.ambaguinee.org\/index.php?rest_route=%2Fwp%2Fv2%2Ftags&post=79661"}],"curies":[{"name":"wp","href":"https:\/\/api.w.org\/{rel}","templated":true}]}}