{"id":79666,"date":"2024-11-04T23:01:00","date_gmt":"2024-11-04T22:01:00","guid":{"rendered":"https:\/\/de.ambaguinee.org\/?p=79666"},"modified":"2024-11-04T23:01:00","modified_gmt":"2024-11-04T22:01:00","slug":"deces-delhadj-sekhouna-les-souhaits-des-differentes-coordinations","status":"publish","type":"post","link":"https:\/\/de.ambaguinee.org\/?p=79666","title":{"rendered":"D\u00e9c\u00e8s d\u2019Elhadj Sekhouna. Les souhaits des diff\u00e9rentes coordinations"},"content":{"rendered":"<div>\n<div style=\"margin-bottom:20px;\"><img width=\"1008\" height=\"567\"src=\"https:\/\/i0.wp.com\/www.guinee7.com\/wp-content\/uploads\/2024\/11\/1.jpg?w=1008&amp;ssl=1\" class=\"attachment-post-thumbnail size-post-thumbnail wp-post-image\" alt=\"\" decoding=\"async\" loading=\"lazy\" srcset=\"https:\/\/i0.wp.com\/www.guinee7.com\/wp-content\/uploads\/2024\/11\/1.jpg?w=1008&amp;ssl=1 1008w, https:\/\/i0.wp.com\/www.guinee7.com\/wp-content\/uploads\/2024\/11\/1.jpg?resize=300%2C169&amp;ssl=1 300w, https:\/\/i0.wp.com\/www.guinee7.com\/wp-content\/uploads\/2024\/11\/1.jpg?resize=768%2C432&amp;ssl=1 768w\" sizes=\"(max-width: 1008px) 100vw, 1008px\"><\/div>\n<p>D\u00e9c\u00e9d\u00e9 le 31 octobre dernier, le Kountiguigb\u00e9 de la Basse-c\u00f4te, Elhaj Sekhouna Soumah doit rejoindre sa derni\u00e8re demeure ce lundi 4 novembre 2024. Mais avant son ultime voyage, un symposium a \u00e9t\u00e9 organis\u00e9 \u00e0 son honneur dans la salle des congr\u00e8s du palais du peuple.<\/p>\n<p>Le Premier ministre, des membres du gouvernement et du CNRD ainsi que des leaders religieux ont pris part \u00e0 la c\u00e9r\u00e9monie.<\/p>\n<p><img data-recalc-dims=\"1\" loading=\"lazy\" decoding=\"async\" class=\"alignnone size-medium wp-image-113426\"src=\"https:\/\/i0.wp.com\/www.guinee7.com\/wp-content\/uploads\/2024\/11\/2.jpg?w=1008&amp;ssl=1\" alt=\"\" width=\"300\" height=\"169\" srcset=\"https:\/\/i0.wp.com\/www.guinee7.com\/wp-content\/uploads\/2024\/11\/2.jpg?resize=300%2C169&amp;ssl=1 300w, https:\/\/i0.wp.com\/www.guinee7.com\/wp-content\/uploads\/2024\/11\/2.jpg?resize=768%2C432&amp;ssl=1 768w, https:\/\/i0.wp.com\/www.guinee7.com\/wp-content\/uploads\/2024\/11\/2.jpg?w=1008&amp;ssl=1 1008w\" sizes=\"(max-width: 300px) 100vw, 300px\"><\/p>\n<p>La parole a \u00e9t\u00e9 donn\u00e9e aux diff\u00e9rentes coordinations r\u00e9gionales pour leurs t\u00e9moignages.<\/p>\n<p>Jean Dimini Tolno, repr\u00e9sentant de la coordination de la Guin\u00e9e Foresti\u00e8re a retenu du d\u00e9funt : \u00ab un homme int\u00e8gre qui a toujours cherch\u00e9 \u00e0 regrouper la population. Il y a pr\u00e8s de 15 ans que je suis \u00e0 ses c\u00f4t\u00e9s. Nous travaillons la main dans la main et c\u2019est ce qui aujourd\u2019hui unit la Basse-C\u00f4te et la Guin\u00e9e Foresti\u00e8re.\u00bb<\/p>\n<p>Apr\u00e8s avoir pr\u00e9sent\u00e9 toutes ses condol\u00e9ances au peuple de Guin\u00e9e et remerci\u00e9 le pr\u00e9sident pour ce qu\u2019il a fait pour le Kountiguigb\u00e9, il a fait une demande. \u00abJe n\u2019oublierai pas le grand chantier que le doyen a laiss\u00e9, qui est la construction des si\u00e8ges des quatre coordinations de la nation guin\u00e9enne \u00e0 Kountiya. Nous prions notre pr\u00e9sident et le gouvernement de s\u2019impliquer \u00e0 ce que ces travaux soient achev\u00e9s et nous proposons, nous sages de la Guin\u00e9e Foresti\u00e8re, que le jour de l\u2019inauguration de ce b\u00e2timent, que le nom de Elhadj Sakhouna soit donn\u00e9 au b\u00e2timent qui sera pour toute la Guin\u00e9e \u00bb, a souhait\u00e9 Jean Dimini Tolno.<\/p>\n<p>\u00c0 son tour, Elhadj Sa\u00efba Doumbouya, repr\u00e9sentant de la coordination de la Haute Guin\u00e9e, s\u2019est exprim\u00e9. \u00ab Elhadj Sekhouna aura \u00e9t\u00e9 l\u2019incarnation de la vertu sociale, de la coh\u00e9sion nationale et le renforcement des liens entre les coordinations r\u00e9gionales de Guin\u00e9e. La perte de ce grand homme est ressentie par l\u2019ensemble de la population guin\u00e9enne et particuli\u00e8rement \u00e0 la communaut\u00e9 mandingue, eu \u00e9gard aux rapports particuliers qu\u2019il entretenait avec le mandingue \u00bb a-t-il d\u00e9clar\u00e9.<\/p>\n<p>S\u2019en est suivie la prise de parole de la Coordination de la Moyenne Guin\u00e9e. Leur repr\u00e9sentant, Elhaj Thierno Dad\u00e9 Bah, a magnifi\u00e9 les qualit\u00e9s humaines de l\u2019illustre disparu, pr\u00e9sent\u00e9 les condol\u00e9ances et termin\u00e9 par d\u2019abondantes b\u00e9n\u00e9dictions en sa faveur.<\/p>\n<p>\u00c0 la suite des \u00e9loges \u00e9nonc\u00e9s en faveur du d\u00e9c\u00e9d\u00e9, Elhadj Nana Sylla, au nom de la coordination de la Basse-c\u00f4te, a proc\u00e9d\u00e9 \u00e0 la s\u00e9ance de reconnaissance : \u00ab la Basse Guin\u00e9e n\u2019a pas grand-chose \u00e0 dire ici. Tellement que la satisfaction morale a atteint son apog\u00e9e. Rien que la mobilisation constat\u00e9e depuis le d\u00e9c\u00e8s de notre doyen et de l\u2019effort fourni par le gouvernement. Depuis le d\u00e9c\u00e8s, ce que nous avons enregistr\u00e9 au si\u00e8ge du feu Lansana Cont\u00e9, c\u2019est la mobilisation et la participation de toutes les entit\u00e9s en Guin\u00e9e. Elhadj Sekhouna Soumah, nous allons le regretter pendant longtemps et toujours. Sa raison d\u2019\u00eatre, c\u2019\u00e9tait de r\u00e9concilier les hommes. Quatre jours avant sa mort, il a confi\u00e9 ses intentions que s\u2019il se relevait de cette maladie, tout le pardon qu\u2019il voulait demander \u00e0 ces fils du CNRD pour que la paix r\u00e8gne \u00bb, a-t-il confi\u00e9.<\/p>\n<p>La c\u00e9r\u00e9monie s\u2019est sold\u00e9e par des pri\u00e8res d\u2019usage faites par Elhadj Mansour Fadiga. Apr\u00e8s cette c\u00e9r\u00e9monie, la d\u00e9l\u00e9gation charg\u00e9e d\u2019accompagner le corps a boug\u00e9 de Conakry pour Tan\u00e8n\u00e8 Bouramayah, o\u00f9 le Kountiguigb\u00e9 rejoindra sa derni\u00e8re demeure.<\/p>\n<p>\u00a0<\/p>\n<p><strong>Abdoul Lory Sylla pour guinee7.com<\/strong><\/p>\n<\/div>\n","protected":false},"excerpt":{"rendered":"<p>D\u00e9c\u00e9d\u00e9 le 31 octobre dernier, le Kountiguigb\u00e9 de la Basse-c\u00f4te, Elhaj Sekhouna Soumah doit rejoindre sa derni\u00e8re demeure ce lundi 4 novembre 2024. Mais avant son ultime voyage, un symposium a \u00e9t\u00e9 organis\u00e9 \u00e0 son honneur dans la salle des congr\u00e8s du palais du peuple. Le Premier ministre, des membres du gouvernement et du CNRD &hellip;<\/p>\n","protected":false},"author":1,"featured_media":0,"comment_status":"closed","ping_status":"closed","sticky":false,"template":"","format":"standard","meta":{"footnotes":""},"categories":[2],"tags":[22],"_links":{"self":[{"href":"https:\/\/de.ambaguinee.org\/index.php?rest_route=\/wp\/v2\/posts\/79666"}],"collection":[{"href":"https:\/\/de.ambaguinee.org\/index.php?rest_route=\/wp\/v2\/posts"}],"about":[{"href":"https:\/\/de.ambaguinee.org\/index.php?rest_route=\/wp\/v2\/types\/post"}],"author":[{"embeddable":true,"href":"https:\/\/de.ambaguinee.org\/index.php?rest_route=\/wp\/v2\/users\/1"}],"replies":[{"embeddable":true,"href":"https:\/\/de.ambaguinee.org\/index.php?rest_route=%2Fwp%2Fv2%2Fcomments&post=79666"}],"version-history":[{"count":0,"href":"https:\/\/de.ambaguinee.org\/index.php?rest_route=\/wp\/v2\/posts\/79666\/revisions"}],"wp:attachment":[{"href":"https:\/\/de.ambaguinee.org\/index.php?rest_route=%2Fwp%2Fv2%2Fmedia&parent=79666"}],"wp:term":[{"taxonomy":"category","embeddable":true,"href":"https:\/\/de.ambaguinee.org\/index.php?rest_route=%2Fwp%2Fv2%2Fcategories&post=79666"},{"taxonomy":"post_tag","embeddable":true,"href":"https:\/\/de.ambaguinee.org\/index.php?rest_route=%2Fwp%2Fv2%2Ftags&post=79666"}],"curies":[{"name":"wp","href":"https:\/\/api.w.org\/{rel}","templated":true}]}}