{"id":79667,"date":"2024-11-04T23:01:00","date_gmt":"2024-11-04T22:01:00","guid":{"rendered":"https:\/\/de.ambaguinee.org\/?p=79667"},"modified":"2024-11-04T23:01:00","modified_gmt":"2024-11-04T22:01:00","slug":"conakry-des-membres-du-rafpro-renforcent-leurs-capacites-sur-le-top-management-des-dirigeants","status":"publish","type":"post","link":"https:\/\/de.ambaguinee.org\/?p=79667","title":{"rendered":"Conakry. Des membres du RAFPRO renforcent leurs capacit\u00e9s sur le top management des dirigeants"},"content":{"rendered":"<div>\n<div style=\"margin-bottom:20px;\"><img width=\"1080\" height=\"608\"src=\"https:\/\/i0.wp.com\/www.guinee7.com\/wp-content\/uploads\/2024\/11\/IMG-20241104-WA0030.jpg?w=1080&amp;ssl=1\" class=\"attachment-post-thumbnail size-post-thumbnail wp-post-image\" alt=\"\" decoding=\"async\" loading=\"lazy\" srcset=\"https:\/\/i0.wp.com\/www.guinee7.com\/wp-content\/uploads\/2024\/11\/IMG-20241104-WA0030.jpg?w=1080&amp;ssl=1 1080w, https:\/\/i0.wp.com\/www.guinee7.com\/wp-content\/uploads\/2024\/11\/IMG-20241104-WA0030.jpg?resize=300%2C169&amp;ssl=1 300w, https:\/\/i0.wp.com\/www.guinee7.com\/wp-content\/uploads\/2024\/11\/IMG-20241104-WA0030.jpg?resize=1024%2C576&amp;ssl=1 1024w, https:\/\/i0.wp.com\/www.guinee7.com\/wp-content\/uploads\/2024\/11\/IMG-20241104-WA0030.jpg?resize=768%2C432&amp;ssl=1 768w\" sizes=\"(max-width: 1080px) 100vw, 1080px\"><\/div>\n<p><span style=\"font-size: 20px;\">A partir de ce lundi 4 novembre, Conakry abrite une formation des membres du R\u00e9seau Africain des Institutions et Fonds de Formation Professionnelle (RAFPRO). La formation va durer cinq (5) jours et\u00a0 concerne les 12 pays membres du RAFPRO. La Guin\u00e9e est repr\u00e9sent\u00e9e par l\u2019office national de formation et de perfectionnement professionnels (ONFPP).<\/span><\/p>\n<p><span style=\"font-size: 20px;\">\u201cCette formation est une orientation des institutions et formations professionnelles dont la Guin\u00e9e est membre fondateur. Cette formation a \u00e9t\u00e9 initi\u00e9e pour les dirigeants, le th\u00e8me porte sur le top management des dirigeants. La question de la formation professionnelle se pose avec beaucoup d\u2019acuit\u00e9 et il est important que les dirigeants des institutions de formation professionnelle soient bien outill\u00e9s en mati\u00e8re de management et de leadership. Un cadre bien instruit sans formation contribue moins au d\u00e9veloppement de son pays\u201d, a d\u00e9clar\u00e9 Joseph Pierre Tour\u00e9, directeur g\u00e9n\u00e9ral adjoint de l\u2019ONFPP.<\/span><\/p>\n<p><span style=\"font-size: 20px;\">Dans son intervention, Dr Philipe Kokou N\u2019Dri, au nom pr\u00e9sident du RAFPRO a estim\u00e9 que la th\u00e9matique de cette formation am\u00e8ne \u00e0 r\u00e9fl\u00e9chir sur le r\u00f4le strat\u00e9gique du top management dans leurs institutions. <\/span><\/p>\n<p><span style=\"font-size: 20px;\">\u201cle top management incarne le plus haut niveau de d\u00e9cision et de responsabilit\u00e9, porteur d\u2019une vision \u00e0 long terme pour cr\u00e9er de la valeur durable. Ce niveau de direction exige une ma\u00eetrise des enjeux strat\u00e9giques, ainsi qu\u2019une capacit\u00e9 \u00e0 d\u00e9l\u00e9guer des d\u00e9cisions op\u00e9rationnelles \u00e0 des collaborateurs de confiance, permettant ainsi d\u2019atteindre une excellence organisationnelle. Le dirigeant, tel un capitaine \u00e0 la barre de son navire, trace le cap et d\u00e9finit les strat\u00e9gies qui permettront \u00e0 notre institution de naviguer dans des eaux parfois agit\u00e9es. Ces \u00e9quipes, comparables aux matelots exp\u00e9riment\u00e9s, mettent en \u0153uvre les directives en ayant la latitude d\u2019agir de mani\u00e8re autonome sur les aspects op\u00e9rationnels et techniques. Ainsi, la confiance mutuelle devient le socle d\u2019une efficacit\u00e9 organisationnelle qui permet de s\u2019adapter aux d\u00e9fis et d\u2019\u00e9viter les \u00e9cueils\u201d, a-t-il expliqu\u00e9. <\/span><\/p>\n<p><span style=\"font-size: 20px;\">La c\u00e9r\u00e9monie d\u2019ouverture a \u00e9t\u00e9 pr\u00e9sid\u00e9e par le secr\u00e9taire g\u00e9n\u00e9ral du minist\u00e8re de l\u2019enseignement technique, de la formation professionnelle et de l\u2019emploi, Julien Bongono. Aux participants, il d\u00e9clare : \u201cil ne fait aucun doute qu\u2019avec les comp\u00e9tences que vous allez acqu\u00e9rir, vous serez mieux arm\u00e9s pour faire face aux d\u00e9fis de la formation professionnelle et pour jouer un r\u00f4le cl\u00e9 dans l\u2019essor \u00e9conomique de nos pays. Je vous souhaite une formation fructueuse et inspirante et que cet apprentissage contribue \u00e0 renforcer vos capacit\u00e9s de leadership et \u00e0 consolider des fonds de formation professionnelle comme vecteur incontournable du d\u00e9veloppement\u201d. <\/span><\/p>\n<p><strong><span style=\"font-size: 20px;\">Bhoye Barry pour guinee7.com<\/span><\/strong><!--\/data\/user\/0\/com.samsung.android.app.notes\/files\/clipdata\/clipdata_bodytext_241104_175822_163.sdocx--><\/p>\n<\/div>\n","protected":false},"excerpt":{"rendered":"<p>A partir de ce lundi 4 novembre, Conakry abrite une formation des membres du R\u00e9seau Africain des Institutions et Fonds de Formation Professionnelle (RAFPRO). La formation va durer cinq (5) jours et\u00a0 concerne les 12 pays membres du RAFPRO. La Guin\u00e9e est repr\u00e9sent\u00e9e par l\u2019office national de formation et de perfectionnement professionnels (ONFPP). \u201cCette formation &hellip;<\/p>\n","protected":false},"author":1,"featured_media":0,"comment_status":"closed","ping_status":"closed","sticky":false,"template":"","format":"standard","meta":{"footnotes":""},"categories":[2],"tags":[22],"_links":{"self":[{"href":"https:\/\/de.ambaguinee.org\/index.php?rest_route=\/wp\/v2\/posts\/79667"}],"collection":[{"href":"https:\/\/de.ambaguinee.org\/index.php?rest_route=\/wp\/v2\/posts"}],"about":[{"href":"https:\/\/de.ambaguinee.org\/index.php?rest_route=\/wp\/v2\/types\/post"}],"author":[{"embeddable":true,"href":"https:\/\/de.ambaguinee.org\/index.php?rest_route=\/wp\/v2\/users\/1"}],"replies":[{"embeddable":true,"href":"https:\/\/de.ambaguinee.org\/index.php?rest_route=%2Fwp%2Fv2%2Fcomments&post=79667"}],"version-history":[{"count":0,"href":"https:\/\/de.ambaguinee.org\/index.php?rest_route=\/wp\/v2\/posts\/79667\/revisions"}],"wp:attachment":[{"href":"https:\/\/de.ambaguinee.org\/index.php?rest_route=%2Fwp%2Fv2%2Fmedia&parent=79667"}],"wp:term":[{"taxonomy":"category","embeddable":true,"href":"https:\/\/de.ambaguinee.org\/index.php?rest_route=%2Fwp%2Fv2%2Fcategories&post=79667"},{"taxonomy":"post_tag","embeddable":true,"href":"https:\/\/de.ambaguinee.org\/index.php?rest_route=%2Fwp%2Fv2%2Ftags&post=79667"}],"curies":[{"name":"wp","href":"https:\/\/api.w.org\/{rel}","templated":true}]}}