{"id":80503,"date":"2024-11-13T20:41:15","date_gmt":"2024-11-13T19:41:15","guid":{"rendered":"https:\/\/de.ambaguinee.org\/?p=80503"},"modified":"2024-11-13T20:41:15","modified_gmt":"2024-11-13T19:41:15","slug":"la-diplomatie-economique-au-service-du-renforcement-des-relations-bilaterales-entre-letat-de-la-baviere-et-la-republique-de-guinee","status":"publish","type":"post","link":"https:\/\/de.ambaguinee.org\/?p=80503","title":{"rendered":"La Diplomatie \u00e9conomique au service du renforcement des relations bilat\u00e9rales entre l&#8217;Etat de la Bavi\u00e8re et la R\u00e9publique de Guin\u00e9e."},"content":{"rendered":"\n<p>Les 11, 12 et 13 novembre 2024, une mission \u00e0 vocation \u00e9conomique, conduite par SEM Aliou BARRY, Ambassadeur Extraordinaire et Pl\u00e9nipotentiaire de la R\u00e9publique de Guin\u00e9e pr\u00e8s la R\u00e9publique F\u00e9d\u00e9rale d\u2019Allemagne a s\u00e9journ\u00e9 en Bavi\u00e8re.<\/p>\n\n\n\n<p>Cette mission s\u2019inscrivait dans le cadre de la mise en \u0153uvre de la diplomatie \u00e9conomique, initi\u00e9e par SEM. Dr <a><\/a>Morissanda Kouyat\u00e9, Ministre des Affaires Etrang\u00e8res, de l\u2019Int\u00e9gration Africaine et des Guin\u00e9ens \u00e9tablis \u00e0 l\u2019Etranger, sous le Leadership \u00e9clair\u00e9 de SEM. le G\u00e9n\u00e9ral de Coprs d&#8217;arm\u00e9e Mamadi DOUMBOUYA, Pr\u00e9sident de la R\u00e9publique.<\/p>\n\n\n\n<p>L\u2019objectif de la mission \u00e9tait de promouvoir le potentiel de notre pays, de pr\u00e9senter les opportunit\u00e9s d\u2019investissements et les secteurs prioritaires du gouvernement de la R\u00e9publique de Guin\u00e9e.<\/p>\n\n\n\n<p>Dans ce cadre, SEM. l\u2019Ambassadeur et sa suite ont \u00e9t\u00e9 re\u00e7us au si\u00e8ge du Programme Alimentaire Mondial (UN-WCP Innovation Accelerator). Le personnel de cette institution a fait une projection sur les activit\u00e9s de la dite institution \u00e0 travers le monde. M. l&#8217;Ambassadeur a exprim\u00e9 son souhait pour leur implication dans le d\u00e9veloppement de start up dans le domaine du d\u00e9veloppement de la technologie agricole en Guin\u00e9e. Il a sollicit\u00e9 le partenariat entre l\u2019institut de formation en technologie agricole de la Bavi\u00e8re et la Guin\u00e9e.<\/p>\n\n\n\n<p>Ensuite, la d\u00e9l\u00e9gation a rencontr\u00e9 la repr\u00e9sentante de l\u2019entreprise PAL-V, sp\u00e9cialis\u00e9e dans la fabrication de voitures-volantes. Impressionn\u00e9 par le HI-TECH de haut niveau, M. l\u2019Ambassadeur a invit\u00e9 la soci\u00e9t\u00e9 \u00e0 se rendre en Guin\u00e9e pour faire l\u2019exhibition de leurs produits.<\/p>\n\n\n\n<p>Par la suite, la d\u00e9l\u00e9gation de M. l&#8217;Ambassadeur a \u00e9t\u00e9 re\u00e7ue par le Directeur du d\u00e9partement internationalisation et politique \u00e9conomique du Minist\u00e8re r\u00e9gional de l\u2019\u00e9conomie, M. Georg Schmidt. Les \u00e9changes ont \u00e9t\u00e9 ax\u00e9s sur la possibilit\u00e9 de coop\u00e9ration entre la Bavi\u00e8re et la R\u00e9publique de Guin\u00e9e dans les domaines de l\u2019agriculture, l\u2019\u00e9ducation, l\u2019\u00e9nergie et de la culture. M. l\u2019Ambassadeur a mis en exergue l\u2019immense richesse naturelle de notre pays, ainsi que la nouvelle dynamique de d\u00e9veloppement impuls\u00e9e par les hautes autorit\u00e9s actuelles. Il a sollicit\u00e9 le jumelage entre la Bavi\u00e8re et une ville de la Guin\u00e9e. Aussi, il a sugg\u00e9r\u00e9 la tenue d\u2019un forum \u00e9conomique entre les op\u00e9rateurs \u00e9conomiques guin\u00e9ens et bavarois.<\/p>\n\n\n\n<p>M. le Directeur a \u00e9t\u00e9 r\u00e9ceptif \u00e0 toutes les propositions de M. l\u2019ambassadeur. Il a mentionn\u00e9 la diversification en cours de l\u2019\u00e9conomie et le partenariat de la Baviere avec le reste du monde.<\/p>\n\n\n\n<p>Il est \u00e0 souligner que la d\u00e9l\u00e9gation s\u2019est rendue au si\u00e8ge de l\u2019entreprise DLT GERMANY, sp\u00e9cialis\u00e9e dans la production de l\u2019\u00e9nergie renouvelable. Apr\u00e8s un brillant expos\u00e9 des responsables de l\u2019entreprise, M. l\u2019Ambassadeur a soulign\u00e9 le besoin de la Guin\u00e9e en \u00e9nergie, qu\u2019elle soit domestique ou industrielle. Il a invit\u00e9 la soci\u00e9t\u00e9 \u00e0 s\u2019int\u00e9resser \u00e0 la Guin\u00e9e et \u00e0 tisser un partenariat d\u2019investissement dans notre pays.<\/p>\n\n\n\n<p>La d\u00e9l\u00e9gation s\u2019est rendue au vernissage de Johannesburg Ritter, pour une exposition photographique. Ce rendez-vous culturel a \u00e9t\u00e9 l\u2019occasion pour son Excellence de remercier Mme Fatimatou pour avoir organis\u00e9 et planifi\u00e9 ces diff\u00e9rentes rencontres.<\/p>\n\n\n\n<p>A cette occasion SEM l&#8217;Ambassadeur \u00e9tait accompagn\u00e9 par le pilier \u00e9conomique de l&#8217;Ambassade \u00e0 savoir M. Alhassane Ciss\u00e9, Ministre Conseiller, Mme Sal\u00e9matou Tounkara, premi\u00e8re conseill\u00e8re \u00e9conomique et industrielle et M. Aboubacar Ibrahima Bangoura ,premier secr\u00e9taire charg\u00e9 des affaires financi\u00e8res.<\/p>\n\n\n\n<figure class=\"wp-block-image size-large\"><img loading=\"lazy\" decoding=\"async\" width=\"1024\" height=\"768\" src=\"https:\/\/de.ambaguinee.org\/wp-content\/uploads\/2024\/11\/01-2-1024x768.jpg\" alt=\"\" class=\"wp-image-80504\" srcset=\"https:\/\/de.ambaguinee.org\/wp-content\/uploads\/2024\/11\/01-2-1024x768.jpg 1024w, https:\/\/de.ambaguinee.org\/wp-content\/uploads\/2024\/11\/01-2-300x225.jpg 300w, https:\/\/de.ambaguinee.org\/wp-content\/uploads\/2024\/11\/01-2-768x576.jpg 768w, https:\/\/de.ambaguinee.org\/wp-content\/uploads\/2024\/11\/01-2-1536x1152.jpg 1536w, https:\/\/de.ambaguinee.org\/wp-content\/uploads\/2024\/11\/01-2.jpg 1600w\" sizes=\"(max-width: 1024px) 100vw, 1024px\" \/><\/figure>\n\n\n\n<figure class=\"wp-block-image size-large\"><img loading=\"lazy\" decoding=\"async\" width=\"1024\" height=\"768\" src=\"https:\/\/de.ambaguinee.org\/wp-content\/uploads\/2024\/11\/02-2-1024x768.jpg\" alt=\"\" class=\"wp-image-80505\" srcset=\"https:\/\/de.ambaguinee.org\/wp-content\/uploads\/2024\/11\/02-2-1024x768.jpg 1024w, https:\/\/de.ambaguinee.org\/wp-content\/uploads\/2024\/11\/02-2-300x225.jpg 300w, https:\/\/de.ambaguinee.org\/wp-content\/uploads\/2024\/11\/02-2-768x576.jpg 768w, https:\/\/de.ambaguinee.org\/wp-content\/uploads\/2024\/11\/02-2-1536x1152.jpg 1536w, https:\/\/de.ambaguinee.org\/wp-content\/uploads\/2024\/11\/02-2.jpg 1600w\" sizes=\"(max-width: 1024px) 100vw, 1024px\" \/><\/figure>\n\n\n\n<figure class=\"wp-block-image size-large\"><img loading=\"lazy\" decoding=\"async\" width=\"1024\" height=\"676\" src=\"https:\/\/de.ambaguinee.org\/wp-content\/uploads\/2024\/11\/03-1024x676.jpg\" alt=\"\" class=\"wp-image-80506\" srcset=\"https:\/\/de.ambaguinee.org\/wp-content\/uploads\/2024\/11\/03-1024x676.jpg 1024w, https:\/\/de.ambaguinee.org\/wp-content\/uploads\/2024\/11\/03-300x198.jpg 300w, https:\/\/de.ambaguinee.org\/wp-content\/uploads\/2024\/11\/03-768x507.jpg 768w, https:\/\/de.ambaguinee.org\/wp-content\/uploads\/2024\/11\/03-1536x1015.jpg 1536w, https:\/\/de.ambaguinee.org\/wp-content\/uploads\/2024\/11\/03.jpg 1600w\" sizes=\"(max-width: 1024px) 100vw, 1024px\" \/><\/figure>\n\n\n\n<figure class=\"wp-block-image size-large\"><img loading=\"lazy\" decoding=\"async\" width=\"1024\" height=\"768\" src=\"https:\/\/de.ambaguinee.org\/wp-content\/uploads\/2024\/11\/04-1024x768.jpg\" alt=\"\" class=\"wp-image-80510\" srcset=\"https:\/\/de.ambaguinee.org\/wp-content\/uploads\/2024\/11\/04-1024x768.jpg 1024w, https:\/\/de.ambaguinee.org\/wp-content\/uploads\/2024\/11\/04-300x225.jpg 300w, https:\/\/de.ambaguinee.org\/wp-content\/uploads\/2024\/11\/04-768x576.jpg 768w, https:\/\/de.ambaguinee.org\/wp-content\/uploads\/2024\/11\/04-1536x1152.jpg 1536w, https:\/\/de.ambaguinee.org\/wp-content\/uploads\/2024\/11\/04.jpg 1600w\" sizes=\"(max-width: 1024px) 100vw, 1024px\" \/><\/figure>\n\n\n\n<figure class=\"wp-block-image size-large\"><img loading=\"lazy\" decoding=\"async\" width=\"1024\" height=\"768\" src=\"https:\/\/de.ambaguinee.org\/wp-content\/uploads\/2024\/11\/05-1024x768.jpg\" alt=\"\" class=\"wp-image-80511\" srcset=\"https:\/\/de.ambaguinee.org\/wp-content\/uploads\/2024\/11\/05-1024x768.jpg 1024w, https:\/\/de.ambaguinee.org\/wp-content\/uploads\/2024\/11\/05-300x225.jpg 300w, https:\/\/de.ambaguinee.org\/wp-content\/uploads\/2024\/11\/05-768x576.jpg 768w, https:\/\/de.ambaguinee.org\/wp-content\/uploads\/2024\/11\/05-1536x1152.jpg 1536w, https:\/\/de.ambaguinee.org\/wp-content\/uploads\/2024\/11\/05.jpg 1600w\" sizes=\"(max-width: 1024px) 100vw, 1024px\" \/><\/figure>\n\n\n\n<figure class=\"wp-block-image size-large\"><img loading=\"lazy\" decoding=\"async\" width=\"1024\" height=\"768\" src=\"https:\/\/de.ambaguinee.org\/wp-content\/uploads\/2024\/11\/06-1024x768.jpg\" alt=\"\" class=\"wp-image-80512\" srcset=\"https:\/\/de.ambaguinee.org\/wp-content\/uploads\/2024\/11\/06-1024x768.jpg 1024w, https:\/\/de.ambaguinee.org\/wp-content\/uploads\/2024\/11\/06-300x225.jpg 300w, https:\/\/de.ambaguinee.org\/wp-content\/uploads\/2024\/11\/06-768x576.jpg 768w, https:\/\/de.ambaguinee.org\/wp-content\/uploads\/2024\/11\/06-1536x1152.jpg 1536w, https:\/\/de.ambaguinee.org\/wp-content\/uploads\/2024\/11\/06.jpg 1600w\" sizes=\"(max-width: 1024px) 100vw, 1024px\" \/><\/figure>\n\n\n\n<figure class=\"wp-block-image size-large\"><img loading=\"lazy\" decoding=\"async\" width=\"768\" height=\"1024\" src=\"https:\/\/de.ambaguinee.org\/wp-content\/uploads\/2024\/11\/07-768x1024.jpg\" alt=\"\" class=\"wp-image-80513\" srcset=\"https:\/\/de.ambaguinee.org\/wp-content\/uploads\/2024\/11\/07-768x1024.jpg 768w, https:\/\/de.ambaguinee.org\/wp-content\/uploads\/2024\/11\/07-225x300.jpg 225w, https:\/\/de.ambaguinee.org\/wp-content\/uploads\/2024\/11\/07-576x768.jpg 576w, https:\/\/de.ambaguinee.org\/wp-content\/uploads\/2024\/11\/07-1152x1536.jpg 1152w, https:\/\/de.ambaguinee.org\/wp-content\/uploads\/2024\/11\/07.jpg 1200w\" sizes=\"(max-width: 768px) 100vw, 768px\" \/><\/figure>\n","protected":false},"excerpt":{"rendered":"<p>Les 11, 12 et 13 novembre 2024, une mission \u00e0 vocation \u00e9conomique, conduite par SEM Aliou BARRY, Ambassadeur Extraordinaire et Pl\u00e9nipotentiaire de la R\u00e9publique de Guin\u00e9e pr\u00e8s la R\u00e9publique F\u00e9d\u00e9rale d\u2019Allemagne a s\u00e9journ\u00e9 en Bavi\u00e8re. Cette mission s\u2019inscrivait dans le cadre de la mise en \u0153uvre de la diplomatie \u00e9conomique, initi\u00e9e par SEM. Dr Morissanda &hellip;<\/p>\n","protected":false},"author":6,"featured_media":0,"comment_status":"closed","ping_status":"closed","sticky":false,"template":"","format":"standard","meta":{"footnotes":""},"categories":[2,51,19,17],"tags":[],"_links":{"self":[{"href":"https:\/\/de.ambaguinee.org\/index.php?rest_route=\/wp\/v2\/posts\/80503"}],"collection":[{"href":"https:\/\/de.ambaguinee.org\/index.php?rest_route=\/wp\/v2\/posts"}],"about":[{"href":"https:\/\/de.ambaguinee.org\/index.php?rest_route=\/wp\/v2\/types\/post"}],"author":[{"embeddable":true,"href":"https:\/\/de.ambaguinee.org\/index.php?rest_route=\/wp\/v2\/users\/6"}],"replies":[{"embeddable":true,"href":"https:\/\/de.ambaguinee.org\/index.php?rest_route=%2Fwp%2Fv2%2Fcomments&post=80503"}],"version-history":[{"count":1,"href":"https:\/\/de.ambaguinee.org\/index.php?rest_route=\/wp\/v2\/posts\/80503\/revisions"}],"predecessor-version":[{"id":80514,"href":"https:\/\/de.ambaguinee.org\/index.php?rest_route=\/wp\/v2\/posts\/80503\/revisions\/80514"}],"wp:attachment":[{"href":"https:\/\/de.ambaguinee.org\/index.php?rest_route=%2Fwp%2Fv2%2Fmedia&parent=80503"}],"wp:term":[{"taxonomy":"category","embeddable":true,"href":"https:\/\/de.ambaguinee.org\/index.php?rest_route=%2Fwp%2Fv2%2Fcategories&post=80503"},{"taxonomy":"post_tag","embeddable":true,"href":"https:\/\/de.ambaguinee.org\/index.php?rest_route=%2Fwp%2Fv2%2Ftags&post=80503"}],"curies":[{"name":"wp","href":"https:\/\/api.w.org\/{rel}","templated":true}]}}