{"id":80540,"date":"2024-11-13T23:01:35","date_gmt":"2024-11-13T22:01:35","guid":{"rendered":"https:\/\/de.ambaguinee.org\/?p=80540"},"modified":"2024-11-13T23:01:35","modified_gmt":"2024-11-13T22:01:35","slug":"au-mali-un-opposant-arrete-apres-avoir-critique-le-pouvoir-burkinabe","status":"publish","type":"post","link":"https:\/\/de.ambaguinee.org\/?p=80540","title":{"rendered":"Au Mali, un opposant arr\u00eat\u00e9 apr\u00e8s avoir critiqu\u00e9 le pouvoir burkinab\u00e8"},"content":{"rendered":"<div>\n<div style=\"margin-bottom:20px;\"><img width=\"1023\" height=\"575\"src=\"https:\/\/i0.wp.com\/mediaguinee.com\/wp-content\/uploads\/2024\/11\/01000000-0a00-0242-e6f6-08dc9f6899b3_w1023_r1_s.jpg?w=1023&amp;ssl=1\" class=\"attachment-post-thumbnail size-post-thumbnail wp-post-image\" alt=\"\" decoding=\"async\" srcset=\"https:\/\/i0.wp.com\/mediaguinee.com\/wp-content\/uploads\/2024\/11\/01000000-0a00-0242-e6f6-08dc9f6899b3_w1023_r1_s.jpg?w=1023&amp;ssl=1 1023w, https:\/\/i0.wp.com\/mediaguinee.com\/wp-content\/uploads\/2024\/11\/01000000-0a00-0242-e6f6-08dc9f6899b3_w1023_r1_s.jpg?resize=300%2C169&amp;ssl=1 300w, https:\/\/i0.wp.com\/mediaguinee.com\/wp-content\/uploads\/2024\/11\/01000000-0a00-0242-e6f6-08dc9f6899b3_w1023_r1_s.jpg?resize=768%2C432&amp;ssl=1 768w\" sizes=\"(max-width: 1023px) 100vw, 1023px\" data-attachment-id=\"270210\" data-permalink=\"https:\/\/mediaguinee.com\/2024\/11\/au-mali-un-opposant-arrete-apres-avoir-critique-le-pouvoir-burkinabe\/01000000-0a00-0242-e6f6-08dc9f6899b3_w1023_r1_s\/\" data-orig-file=\"https:\/\/i0.wp.com\/mediaguinee.com\/wp-content\/uploads\/2024\/11\/01000000-0a00-0242-e6f6-08dc9f6899b3_w1023_r1_s.jpg?fit=1023%2C575&amp;ssl=1\" data-orig-size=\"1023,575\" data-comments-opened=\"1\" data-image-meta='{\"aperture\":\"0\",\"credit\":\"\",\"camera\":\"\",\"caption\":\"\",\"created_timestamp\":\"0\",\"copyright\":\"\",\"focal_length\":\"0\",\"iso\":\"0\",\"shutter_speed\":\"0\",\"title\":\"\",\"orientation\":\"0\"}' data-image-title=\"01000000-0a00-0242-e6f6-08dc9f6899b3_w1023_r1_s\" data-image-description=\"\" data-image-caption=\"\" data-medium-file=\"https:\/\/i0.wp.com\/mediaguinee.com\/wp-content\/uploads\/2024\/11\/01000000-0a00-0242-e6f6-08dc9f6899b3_w1023_r1_s.jpg?fit=300%2C169&amp;ssl=1\" data-large-file=\"https:\/\/i0.wp.com\/mediaguinee.com\/wp-content\/uploads\/2024\/11\/01000000-0a00-0242-e6f6-08dc9f6899b3_w1023_r1_s.jpg?fit=1023%2C575&amp;ssl=1\"><\/div>\n<p>L\u2019opposant malien Issa Kaou N\u2019Djim a \u00e9t\u00e9 arr\u00eat\u00e9 mercredi \u00e0 Bamako apr\u00e8s avoir critiqu\u00e9 les autorit\u00e9s du Burkina Faso, qui l\u2019accusent d\u2019avoir tenu \u00ab\u00a0des propos jug\u00e9s gravissimes\u00a0\u00bb contre les militaires au pouvoir dans ce pays voisin au cours d\u2019une \u00e9mission t\u00e9l\u00e9vis\u00e9e.<\/p>\n<p>Le Mali et le Burkina Faso, tous deux dirig\u00e9s par des r\u00e9gimes militaires \u00e0 la suite de putschs entre 2020 et 2022, ont fond\u00e9 avec le Niger une conf\u00e9d\u00e9ration, l\u2019Alliance des \u00c9tats du Sahel (AES).<\/p>\n<p>Issa Kaou N\u2019Djim, figure politique malienne connue pour avoir soutenu le colonel Assimi Go\u00efta avant de prendre ses distances, a tenu dimanche lors d\u2019une \u00e9mission sur la t\u00e9l\u00e9vision locale Joliba TV News des propos tendant \u00ab\u00a0\u00e0 jeter un discr\u00e9dit sur nos autorit\u00e9s, pr\u00e9textant sans aucune preuve que l\u2019affaire de la \u00e9ni\u00e8me tentative de d\u00e9stabilisation du Burkina Faso n\u2019est qu\u2019un montage\u00a0\u00bb, selon l\u2019autorit\u00e9 de r\u00e9gulation des m\u00e9dias du Burkina Faso. Cette derni\u00e8re a pri\u00e9 la Haute autorit\u00e9 de la communication (HAC) malienne \u00ab\u00a0de r\u00e9server toute suite qu\u2019elle jugera appropri\u00e9e \u00e0 la diffusion de cette \u00e9mission\u00a0\u00bb.<\/p>\n<p>Mercredi, M. N\u2019Djim a \u00e9t\u00e9 arr\u00eat\u00e9 et est \u00ab\u00a0actuellement dans une unit\u00e9 d\u2019enqu\u00eates pour une affaire le concernant\u00a0\u00bb, a indiqu\u00e9 \u00e0 l\u2019AFP une source judiciaire. \u00ab\u00a0Issa Kaou N\u2019Djim a \u00e9t\u00e9 interpell\u00e9 ce matin [mercredi] \u00e0 09h45 [locale et GMT] \u00e0 son domicile \u00e0 Bamako par des agents en civils qui ont dit qu\u2019ils avaient besoin de lui pour une affaire. Kaou N\u2019Djim les a suivis pour r\u00e9pondre\u00a0\u00bb, a confirm\u00e9 un membre de sa famille.<\/p>\n<p>Issa Kaou N\u2019Djim a \u00e9t\u00e9 l\u2019un des vice-pr\u00e9sidents du Conseil national de transition (CNT), l\u2019organe l\u00e9gislatif des militaires au pouvoir au Mali, avant de se prononcer en faveur d\u2019une fin rapide de la p\u00e9riode dite de transition cens\u00e9e r\u00e9tablir un r\u00e9gime dirig\u00e9 par des civils. En d\u00e9cembre 2021, il a \u00e9t\u00e9 condamn\u00e9 \u00e0 six mois de prison avec sursis pour \u00ab\u00a0atteinte au cr\u00e9dit de l\u2019\u00c9tat\u00a0\u00bb, apr\u00e8s des propos jug\u00e9s subversifs sur les r\u00e9seaux sociaux. Il a \u00e9t\u00e9 r\u00e9voqu\u00e9 du CNT et emp\u00each\u00e9 \u00e0 plusieurs reprises de quitter le territoire.<\/p>\n<p>AFP<\/p>\n<p>L\u2019article <a href=\"https:\/\/mediaguinee.com\/2024\/11\/au-mali-un-opposant-arrete-apres-avoir-critique-le-pouvoir-burkinabe\/\">Au Mali, un opposant arr\u00eat\u00e9 apr\u00e8s avoir critiqu\u00e9 le pouvoir burkinab\u00e8<\/a> est apparu en premier sur <a href=\"https:\/\/mediaguinee.com\/\">Mediaguinee.com<\/a>.<\/p>\n<\/div>\n","protected":false},"excerpt":{"rendered":"<p>L\u2019opposant malien Issa Kaou N\u2019Djim a \u00e9t\u00e9 arr\u00eat\u00e9 mercredi \u00e0 Bamako apr\u00e8s avoir critiqu\u00e9 les autorit\u00e9s du Burkina Faso, qui l\u2019accusent d\u2019avoir tenu \u00ab\u00a0des propos jug\u00e9s gravissimes\u00a0\u00bb contre les militaires au pouvoir dans ce pays voisin au cours d\u2019une \u00e9mission t\u00e9l\u00e9vis\u00e9e. Le Mali et le Burkina Faso, tous deux dirig\u00e9s par des r\u00e9gimes militaires \u00e0 &hellip;<\/p>\n","protected":false},"author":1,"featured_media":0,"comment_status":"closed","ping_status":"closed","sticky":false,"template":"","format":"standard","meta":{"footnotes":""},"categories":[2],"tags":[23],"_links":{"self":[{"href":"https:\/\/de.ambaguinee.org\/index.php?rest_route=\/wp\/v2\/posts\/80540"}],"collection":[{"href":"https:\/\/de.ambaguinee.org\/index.php?rest_route=\/wp\/v2\/posts"}],"about":[{"href":"https:\/\/de.ambaguinee.org\/index.php?rest_route=\/wp\/v2\/types\/post"}],"author":[{"embeddable":true,"href":"https:\/\/de.ambaguinee.org\/index.php?rest_route=\/wp\/v2\/users\/1"}],"replies":[{"embeddable":true,"href":"https:\/\/de.ambaguinee.org\/index.php?rest_route=%2Fwp%2Fv2%2Fcomments&post=80540"}],"version-history":[{"count":0,"href":"https:\/\/de.ambaguinee.org\/index.php?rest_route=\/wp\/v2\/posts\/80540\/revisions"}],"wp:attachment":[{"href":"https:\/\/de.ambaguinee.org\/index.php?rest_route=%2Fwp%2Fv2%2Fmedia&parent=80540"}],"wp:term":[{"taxonomy":"category","embeddable":true,"href":"https:\/\/de.ambaguinee.org\/index.php?rest_route=%2Fwp%2Fv2%2Fcategories&post=80540"},{"taxonomy":"post_tag","embeddable":true,"href":"https:\/\/de.ambaguinee.org\/index.php?rest_route=%2Fwp%2Fv2%2Ftags&post=80540"}],"curies":[{"name":"wp","href":"https:\/\/api.w.org\/{rel}","templated":true}]}}