{"id":80543,"date":"2024-11-13T23:01:35","date_gmt":"2024-11-13T22:01:35","guid":{"rendered":"https:\/\/de.ambaguinee.org\/?p=80543"},"modified":"2024-11-13T23:01:35","modified_gmt":"2024-11-13T22:01:35","slug":"conakry-le-barreau-de-guinee-tient-sa-premiere-rentree-solennelle","status":"publish","type":"post","link":"https:\/\/de.ambaguinee.org\/?p=80543","title":{"rendered":"Conakry: le Barreau de Guin\u00e9e tient sa premi\u00e8re rentr\u00e9e solennelle"},"content":{"rendered":"<div>\n<div style=\"margin-bottom:20px;\"><img width=\"1920\" height=\"1170\"src=\"https:\/\/i0.wp.com\/mediaguinee.com\/wp-content\/uploads\/2024\/11\/IMG_7357-1.jpeg?w=1920&amp;ssl=1\" class=\"attachment-post-thumbnail size-post-thumbnail wp-post-image\" alt=\"\" decoding=\"async\" srcset=\"https:\/\/i0.wp.com\/mediaguinee.com\/wp-content\/uploads\/2024\/11\/IMG_7357-1.jpeg?w=1920&amp;ssl=1 1920w, https:\/\/i0.wp.com\/mediaguinee.com\/wp-content\/uploads\/2024\/11\/IMG_7357-1.jpeg?resize=300%2C183&amp;ssl=1 300w, https:\/\/i0.wp.com\/mediaguinee.com\/wp-content\/uploads\/2024\/11\/IMG_7357-1.jpeg?resize=1024%2C624&amp;ssl=1 1024w, https:\/\/i0.wp.com\/mediaguinee.com\/wp-content\/uploads\/2024\/11\/IMG_7357-1.jpeg?resize=768%2C468&amp;ssl=1 768w, https:\/\/i0.wp.com\/mediaguinee.com\/wp-content\/uploads\/2024\/11\/IMG_7357-1.jpeg?resize=1536%2C936&amp;ssl=1 1536w\" sizes=\"(max-width: 1920px) 100vw, 1920px\" data-attachment-id=\"270230\" data-permalink=\"https:\/\/mediaguinee.com\/2024\/11\/conakry-le-barreau-de-guinee-tient-sa-premiere-rentree-solennelle\/img_7357-2\/\" data-orig-file=\"https:\/\/i0.wp.com\/mediaguinee.com\/wp-content\/uploads\/2024\/11\/IMG_7357-1.jpeg?fit=1920%2C1170&amp;ssl=1\" data-orig-size=\"1920,1170\" data-comments-opened=\"1\" data-image-meta='{\"aperture\":\"0\",\"credit\":\"\",\"camera\":\"\",\"caption\":\"\",\"created_timestamp\":\"0\",\"copyright\":\"\",\"focal_length\":\"0\",\"iso\":\"0\",\"shutter_speed\":\"0\",\"title\":\"\",\"orientation\":\"1\"}' data-image-title=\"IMG_7357\" data-image-description=\"\" data-image-caption=\"\" data-medium-file=\"https:\/\/i0.wp.com\/mediaguinee.com\/wp-content\/uploads\/2024\/11\/IMG_7357-1.jpeg?fit=300%2C183&amp;ssl=1\" data-large-file=\"https:\/\/i0.wp.com\/mediaguinee.com\/wp-content\/uploads\/2024\/11\/IMG_7357-1.jpeg?fit=1024%2C624&amp;ssl=1\"><\/div>\n<p style=\"font-weight: 400;\">C\u2019est une premi\u00e8re en R\u00e9publique de Guin\u00e9e, les avocats guin\u00e9ens tiennent leur premi\u00e8re rentr\u00e9e solennelle du Barreau de Guin\u00e9e du mercredi 13 novembre au samedi 16 novembre 2024.<br \/><img data-recalc-dims=\"1\" decoding=\"async\" data-attachment-id=\"270222\" data-permalink=\"https:\/\/mediaguinee.com\/2024\/11\/conakry-le-barreau-de-guinee-tient-sa-premiere-rentree-solennelle\/img_7359\/\" data-orig-file=\"https:\/\/i0.wp.com\/mediaguinee.com\/wp-content\/uploads\/2024\/11\/IMG_7359.jpeg?fit=1920%2C1440&amp;ssl=1\" data-orig-size=\"1920,1440\" data-comments-opened=\"1\" data-image-meta='{\"aperture\":\"0\",\"credit\":\"\",\"camera\":\"\",\"caption\":\"\",\"created_timestamp\":\"0\",\"copyright\":\"\",\"focal_length\":\"0\",\"iso\":\"0\",\"shutter_speed\":\"0\",\"title\":\"\",\"orientation\":\"1\"}' data-image-title=\"IMG_7359\" data-image-description=\"\" data-image-caption=\"\" data-medium-file=\"https:\/\/i0.wp.com\/mediaguinee.com\/wp-content\/uploads\/2024\/11\/IMG_7359.jpeg?fit=300%2C225&amp;ssl=1\" data-large-file=\"https:\/\/i0.wp.com\/mediaguinee.com\/wp-content\/uploads\/2024\/11\/IMG_7359.jpeg?fit=1024%2C768&amp;ssl=1\" class=\"alignnone wp-image-270222 size-full\"src=\"https:\/\/i0.wp.com\/mediaguinee.com\/wp-content\/uploads\/2024\/11\/IMG_7359.jpeg?w=1920&amp;ssl=1\" alt=\"\" width=\"1170\" height=\"878\" srcset=\"https:\/\/i0.wp.com\/mediaguinee.com\/wp-content\/uploads\/2024\/11\/IMG_7359.jpeg?w=1920&amp;ssl=1 1920w, https:\/\/i0.wp.com\/mediaguinee.com\/wp-content\/uploads\/2024\/11\/IMG_7359.jpeg?resize=300%2C225&amp;ssl=1 300w, https:\/\/i0.wp.com\/mediaguinee.com\/wp-content\/uploads\/2024\/11\/IMG_7359.jpeg?resize=1024%2C768&amp;ssl=1 1024w, https:\/\/i0.wp.com\/mediaguinee.com\/wp-content\/uploads\/2024\/11\/IMG_7359.jpeg?resize=768%2C576&amp;ssl=1 768w, https:\/\/i0.wp.com\/mediaguinee.com\/wp-content\/uploads\/2024\/11\/IMG_7359.jpeg?resize=1536%2C1152&amp;ssl=1 1536w, https:\/\/i0.wp.com\/mediaguinee.com\/wp-content\/uploads\/2024\/11\/IMG_7359.jpeg?resize=86%2C64&amp;ssl=1 86w\" sizes=\"(max-width: 1170px) 100vw, 1170px\"><img data-recalc-dims=\"1\" decoding=\"async\" data-attachment-id=\"270223\" data-permalink=\"https:\/\/mediaguinee.com\/2024\/11\/conakry-le-barreau-de-guinee-tient-sa-premiere-rentree-solennelle\/img_7364\/\" data-orig-file=\"https:\/\/i0.wp.com\/mediaguinee.com\/wp-content\/uploads\/2024\/11\/IMG_7364.jpeg?fit=1920%2C1440&amp;ssl=1\" data-orig-size=\"1920,1440\" data-comments-opened=\"1\" data-image-meta='{\"aperture\":\"0\",\"credit\":\"\",\"camera\":\"\",\"caption\":\"\",\"created_timestamp\":\"0\",\"copyright\":\"\",\"focal_length\":\"0\",\"iso\":\"0\",\"shutter_speed\":\"0\",\"title\":\"\",\"orientation\":\"1\"}' data-image-title=\"IMG_7364\" data-image-description=\"\" data-image-caption=\"\" data-medium-file=\"https:\/\/i0.wp.com\/mediaguinee.com\/wp-content\/uploads\/2024\/11\/IMG_7364.jpeg?fit=300%2C225&amp;ssl=1\" data-large-file=\"https:\/\/i0.wp.com\/mediaguinee.com\/wp-content\/uploads\/2024\/11\/IMG_7364.jpeg?fit=1024%2C768&amp;ssl=1\" class=\"alignnone wp-image-270223 size-full\"src=\"https:\/\/i0.wp.com\/mediaguinee.com\/wp-content\/uploads\/2024\/11\/IMG_7364.jpeg?w=1920&amp;ssl=1\" alt=\"\" width=\"1170\" height=\"878\" srcset=\"https:\/\/i0.wp.com\/mediaguinee.com\/wp-content\/uploads\/2024\/11\/IMG_7364.jpeg?w=1920&amp;ssl=1 1920w, https:\/\/i0.wp.com\/mediaguinee.com\/wp-content\/uploads\/2024\/11\/IMG_7364.jpeg?resize=300%2C225&amp;ssl=1 300w, https:\/\/i0.wp.com\/mediaguinee.com\/wp-content\/uploads\/2024\/11\/IMG_7364.jpeg?resize=1024%2C768&amp;ssl=1 1024w, https:\/\/i0.wp.com\/mediaguinee.com\/wp-content\/uploads\/2024\/11\/IMG_7364.jpeg?resize=768%2C576&amp;ssl=1 768w, https:\/\/i0.wp.com\/mediaguinee.com\/wp-content\/uploads\/2024\/11\/IMG_7364.jpeg?resize=1536%2C1152&amp;ssl=1 1536w, https:\/\/i0.wp.com\/mediaguinee.com\/wp-content\/uploads\/2024\/11\/IMG_7364.jpeg?resize=86%2C64&amp;ssl=1 86w\" sizes=\"(max-width: 1170px) 100vw, 1170px\"><br \/>\nLe th\u00e8me principal retenu est: \u00abLe droit comme instrument de s\u00e9curit\u00e9 des personnes et des entreprises\u00bb<strong data-removefontsize=\"true\" data-originalcomputedfontsize=\"26.666666\">.\u00a0 <\/strong>Cette cession a connu la pr\u00e9sence de ces anciens B\u00e2tonniers en exercice, d\u2019\u00e9minents avocats de la R\u00e9publique de Guin\u00e9e, de la C\u00f4te d\u2019Ivoire, du Niger, du S\u00e9n\u00e9gal, du Congo, du Gabon, de la France, du Mali, du Burkina Fasso et du Tchad. <strong>Vid\u00e9o<\/strong><imgsrc=\"\" alt=\"\ud83d\udd3b\" class=\"wp-smiley\" style=\"height: 1em; max-height: 1em;\"><\/p>\n<p>\u00a0<\/p>\n<p><iframe loading=\"lazy\" title=\"Le Barreau de Guin\u00e9e tient sa premi\u00e8re rentr\u00e9e solennelle\" frameborder=\"0\" width=\"1170\" height=\"662\" src=\"https:\/\/geo.dailymotion.com\/player.html?video=x993k26&amp;\" allowfullscreen allow=\"autoplay; fullscreen; picture-in-picture; web-share\"><\/iframe><\/p>\n<p style=\"font-weight: 400;\"><span data-originalfontsize=\"20pt\" data-originalcomputedfontsize=\"26.666666\">Durant de longues heures et des jours, ces hommes en robe noire vont \u00e9changer sur plusieurs modules notamment: les \u00e9volutions d\u00e9ontologiques de la profession d\u2019avocat (publicit\u00e9 et atteinte au secret professionnel); les conflits d\u2019int\u00e9r\u00eat\u00a0; la probl\u00e9matique de la fiscalit\u00e9 mini\u00e8re\u00a0; la mise en \u0153uvre des s\u00fbret\u00e9s bancaires\u00a0; l\u2019innovation de l\u2019AURSEVE (OHADA)\u00a0; pr\u00e9sentations et d\u00e9bats\u00a0; innovation de l\u2019AUVE (OHADA)\u00a0; les recours contre les d\u00e9cisions de la Cour Supr\u00eame\u00a0; les enjeux dans la formation des contrats miniers\u00a0; les instruments de protection des droits de l\u2019homme.\u00a0<\/span><\/p>\n<p style=\"font-weight: 400;\">Dans son discours de circonstance, le pr\u00e9sident du comit\u00e9 d\u2019organisation, Me Abdoul Kab\u00e9l\u00e9 Camara a laiss\u00e9 entendre que ce moment rev\u00eat une importance particuli\u00e8re. \u00abIl constitue \u00e9galement une pr\u00e9cieuse opportunit\u00e9 de rappeler les raisons qui nous ont conduits \u00e0 embrasser cette voie exigeante mais exaltante: celle de d\u00e9fendre les droits fondamentaux, de garantir l\u2019\u00e9quit\u00e9 et de\u00a0 porter la voix de ceux que l\u2019injustice r\u00e9duit au silence. Notre profession est bien plus qu\u2019un simple m\u00e9tier. C\u2019est une vocation, un appel \u00e0 mettre nos connaissances, notre \u00e9nergie et notre int\u00e9grit\u00e9 au service de la v\u00e9rit\u00e9 et de la justice. Chaque fois que nous endossons notre robe, nous devenons le reflet de l\u2019espoir de ceux qui, souvent, n\u2019ont plus que nous pour les d\u00e9fendre. Nous incarnons l\u2019espoir d\u2019une soci\u00e9t\u00e9 o\u00f9 la justice n\u2019est pas un privil\u00e8ge, mais un droit fondamental, accessible \u00e0 tous, sans distinction\u00bb.<\/p>\n<p><img data-recalc-dims=\"1\" decoding=\"async\" data-attachment-id=\"270224\" data-permalink=\"https:\/\/mediaguinee.com\/2024\/11\/conakry-le-barreau-de-guinee-tient-sa-premiere-rentree-solennelle\/img_7366\/\" data-orig-file=\"https:\/\/i0.wp.com\/mediaguinee.com\/wp-content\/uploads\/2024\/11\/IMG_7366.jpeg?fit=1920%2C1440&amp;ssl=1\" data-orig-size=\"1920,1440\" data-comments-opened=\"1\" data-image-meta='{\"aperture\":\"0\",\"credit\":\"\",\"camera\":\"\",\"caption\":\"\",\"created_timestamp\":\"0\",\"copyright\":\"\",\"focal_length\":\"0\",\"iso\":\"0\",\"shutter_speed\":\"0\",\"title\":\"\",\"orientation\":\"1\"}' data-image-title=\"IMG_7366\" data-image-description=\"\" data-image-caption=\"\" data-medium-file=\"https:\/\/i0.wp.com\/mediaguinee.com\/wp-content\/uploads\/2024\/11\/IMG_7366.jpeg?fit=300%2C225&amp;ssl=1\" data-large-file=\"https:\/\/i0.wp.com\/mediaguinee.com\/wp-content\/uploads\/2024\/11\/IMG_7366.jpeg?fit=1024%2C768&amp;ssl=1\" class=\"alignnone wp-image-270224 size-full\"src=\"https:\/\/i0.wp.com\/mediaguinee.com\/wp-content\/uploads\/2024\/11\/IMG_7366.jpeg?w=1920&amp;ssl=1\" alt=\"\" width=\"1170\" height=\"878\" srcset=\"https:\/\/i0.wp.com\/mediaguinee.com\/wp-content\/uploads\/2024\/11\/IMG_7366.jpeg?w=1920&amp;ssl=1 1920w, https:\/\/i0.wp.com\/mediaguinee.com\/wp-content\/uploads\/2024\/11\/IMG_7366.jpeg?resize=300%2C225&amp;ssl=1 300w, https:\/\/i0.wp.com\/mediaguinee.com\/wp-content\/uploads\/2024\/11\/IMG_7366.jpeg?resize=1024%2C768&amp;ssl=1 1024w, https:\/\/i0.wp.com\/mediaguinee.com\/wp-content\/uploads\/2024\/11\/IMG_7366.jpeg?resize=768%2C576&amp;ssl=1 768w, https:\/\/i0.wp.com\/mediaguinee.com\/wp-content\/uploads\/2024\/11\/IMG_7366.jpeg?resize=1536%2C1152&amp;ssl=1 1536w, https:\/\/i0.wp.com\/mediaguinee.com\/wp-content\/uploads\/2024\/11\/IMG_7366.jpeg?resize=86%2C64&amp;ssl=1 86w\" sizes=\"(max-width: 1170px) 100vw, 1170px\"><\/p>\n<p style=\"font-weight: 400;\"><span data-originalfontsize=\"20pt\" data-originalcomputedfontsize=\"26.666666\"><br \/>\nFace \u00e0 ses confr\u00e8res qui sont massivement mobilis\u00e9s, Me Abdoul Kab\u00e9l\u00e9 Camara les a invit\u00e9s \u00e0 reconna\u00eetre les d\u00e9fis auxquels ils font face, allant de la complexit\u00e9 croissante des lois, l\u2019\u00e9volution rapide des technologies et les dynamiques sociales changeantes qui leur impose de rester en constante. Pour r\u00e9ussir ce pari, cet homme en robe fonde sa foi sur l\u2019importance de la formation. \u00abEn cette rentr\u00e9e solennelle, je souhaite r\u00e9it\u00e9rer l\u2019importance de la formation continue qui est un aspect fondamental de notre profession et consacr\u00e9e par la loi 014 r\u00e9gissant la profession d\u2019avocat en Guin\u00e9e. Ce dispositif loin d\u2019\u00eatre une simple exigence administrative, incarne l\u2019engagement de chaque avocat \u00e0 <\/span>maintenir un haut niveau de comp\u00e9tence et \u00e0 s\u2019adapter aux \u00e9volutions constantes du droit et de la soci\u00e9t\u00e9. La formation continue est une garantie essentielle de la qualit\u00e9 des services que nous offrons \u00e0 nos clients. Elle nous permet non seulement d\u2019approfondir nos connaissances dans nos domaines de sp\u00e9cialisation, mais aussi d\u2019acqu\u00e9rir de nouvelles comp\u00e9tences\u00bb.<\/p>\n<p style=\"font-weight: 400;\"><span data-originalfontsize=\"20pt\" data-originalcomputedfontsize=\"26.666666\">Poursuivant, l\u2019ancien ministre de la S\u00e9curit\u00e9 et de la protection civile d\u2019insister sur l\u2019\u00e9volution du droit\u00a0 \u00e0 travers\u00a0 le temps et\u00a0\u0301l\u2019importance de retransmettre leur connaissance. \u00abCette obligation joue \u00e9galement un r\u00f4le cl\u00e9 dans la pr\u00e9servation de la cr\u00e9dibilit\u00e9 et de l\u2019autorit\u00e9 de notre Barreau, en veillant \u00e0 ce que chaque avocat puisse r\u00e9pondre avec efficacit\u00e9 et pertinence aux besoins toujours plus complexes de ses clients. Ainsi, la formation continue ne se limite pas \u00e0 une obligation l\u00e9gale; elle est un levier puissant pour l\u2019excellence professionnelle, l\u2019innovation et la p\u00e9rennit\u00e9 de notre m\u00e9tier. Le droit \u00e9volue, et avec lui, notre devoir d\u2019actualiser nos connaissances. Partageons nos savoirs, organisons des conf\u00e9rences, \u00e9changeons sur nos pratiques. La transmission de la connaissance est un pilier de notre profession, et c\u2019est par elle que nous assurons la p\u00e9rennit\u00e9 de l\u2019excellence au sein du Barreau\u00bb, a-t-il rappel\u00e9.<br \/><img data-recalc-dims=\"1\" decoding=\"async\" data-attachment-id=\"270225\" data-permalink=\"https:\/\/mediaguinee.com\/2024\/11\/conakry-le-barreau-de-guinee-tient-sa-premiere-rentree-solennelle\/img_7367\/\" data-orig-file=\"https:\/\/i0.wp.com\/mediaguinee.com\/wp-content\/uploads\/2024\/11\/IMG_7367.jpeg?fit=1920%2C1440&amp;ssl=1\" data-orig-size=\"1920,1440\" data-comments-opened=\"1\" data-image-meta='{\"aperture\":\"0\",\"credit\":\"\",\"camera\":\"\",\"caption\":\"\",\"created_timestamp\":\"0\",\"copyright\":\"\",\"focal_length\":\"0\",\"iso\":\"0\",\"shutter_speed\":\"0\",\"title\":\"\",\"orientation\":\"1\"}' data-image-title=\"IMG_7367\" data-image-description=\"\" data-image-caption=\"\" data-medium-file=\"https:\/\/i0.wp.com\/mediaguinee.com\/wp-content\/uploads\/2024\/11\/IMG_7367.jpeg?fit=300%2C225&amp;ssl=1\" data-large-file=\"https:\/\/i0.wp.com\/mediaguinee.com\/wp-content\/uploads\/2024\/11\/IMG_7367.jpeg?fit=1024%2C768&amp;ssl=1\" class=\"alignnone wp-image-270225 size-full\"src=\"https:\/\/i0.wp.com\/mediaguinee.com\/wp-content\/uploads\/2024\/11\/IMG_7367.jpeg?w=1920&amp;ssl=1\" alt=\"\" width=\"1170\" height=\"878\" srcset=\"https:\/\/i0.wp.com\/mediaguinee.com\/wp-content\/uploads\/2024\/11\/IMG_7367.jpeg?w=1920&amp;ssl=1 1920w, https:\/\/i0.wp.com\/mediaguinee.com\/wp-content\/uploads\/2024\/11\/IMG_7367.jpeg?resize=300%2C225&amp;ssl=1 300w, https:\/\/i0.wp.com\/mediaguinee.com\/wp-content\/uploads\/2024\/11\/IMG_7367.jpeg?resize=1024%2C768&amp;ssl=1 1024w, https:\/\/i0.wp.com\/mediaguinee.com\/wp-content\/uploads\/2024\/11\/IMG_7367.jpeg?resize=768%2C576&amp;ssl=1 768w, https:\/\/i0.wp.com\/mediaguinee.com\/wp-content\/uploads\/2024\/11\/IMG_7367.jpeg?resize=1536%2C1152&amp;ssl=1 1536w, https:\/\/i0.wp.com\/mediaguinee.com\/wp-content\/uploads\/2024\/11\/IMG_7367.jpeg?resize=86%2C64&amp;ssl=1 86w\" sizes=\"(max-width: 1170px) 100vw, 1170px\"><br \/><\/span><\/p>\n<p style=\"font-weight: 400;\"><span data-originalfontsize=\"20pt\" data-originalcomputedfontsize=\"26.666666\">\u00c0 sa prise de parole, le B\u00e2tonnier de l\u2019Ordre des Avocats de Guin\u00e9e, Me Mamadou Diop Souar\u00e9 d\u2019insister sur l\u2019obligation de comp\u00e9tence qui figure parmi les principes essentiels de cette noble profession. \u00abEn effet, cette session de formation qui se veut un creuset d\u2019\u00e9change entre confr\u00e8res sur des th\u00e9matiques portant entre autres sur les \u00e9volutions d\u00e9ontologiques de la profession d\u2019avocat, la probl\u00e9matique de la fiscalit\u00e9 mini\u00e8re, la mise en \u0153uvre de s\u00fbret\u00e9 bancaire, les innovations de l\u2019acte uniforme portant voie d\u2019ex\u00e9cution, les instruments de protection des droits de l\u2019homme et autres nous mobilisent ce matin. Au regard de la qualit\u00e9 des participants et de l\u2019engagement de tous, je suis persuad\u00e9 chers confr\u00e8res mesdames et messieurs les invit\u00e9s que les enseignements pertinents qui sortiront de cette session nous permettront \u00e0 chacun de nous de jouer sa partition pour le rayonnement du droit dans notre pays\u00bb, a laiss\u00e9 entendre le B\u00e2tonnier de l\u2019Ordre des Avocats de Guin\u00e9e.\u00a0<\/span><\/p>\n<p style=\"font-weight: 400;\"><span data-originalfontsize=\"20pt\" data-originalcomputedfontsize=\"26.666666\">Venue repr\u00e9senter le ministre Yaya Ka\u00efraba Kaba en d\u00e9placement \u00e0 Kindia pour la retraite gouvernementale, la secr\u00e9taire g\u00e9n\u00e9rale du Minist\u00e8re de la Justice, Garde des Sceaux, Mme Ir\u00e8ne Hadjimaliss, a au nom de son ministre transmis ses salutations chaleureuses et ses f\u00e9licitations pour l\u2019organisation d\u2019un \u00e9v\u00e9nement aussi important et particuli\u00e8rement significatif que cette c\u00e9r\u00e9monie de rentr\u00e9e solennelle du Barreau de Guin\u00e9e. <\/span><\/p>\n<p style=\"font-weight: 400;\"><span data-originalfontsize=\"20pt\" data-originalcomputedfontsize=\"26.666666\"><img data-recalc-dims=\"1\" decoding=\"async\" data-attachment-id=\"270226\" data-permalink=\"https:\/\/mediaguinee.com\/2024\/11\/conakry-le-barreau-de-guinee-tient-sa-premiere-rentree-solennelle\/img_7368-2\/\" data-orig-file=\"https:\/\/i0.wp.com\/mediaguinee.com\/wp-content\/uploads\/2024\/11\/IMG_7368.jpeg?fit=1920%2C1440&amp;ssl=1\" data-orig-size=\"1920,1440\" data-comments-opened=\"1\" data-image-meta='{\"aperture\":\"0\",\"credit\":\"\",\"camera\":\"\",\"caption\":\"\",\"created_timestamp\":\"0\",\"copyright\":\"\",\"focal_length\":\"0\",\"iso\":\"0\",\"shutter_speed\":\"0\",\"title\":\"\",\"orientation\":\"1\"}' data-image-title=\"IMG_7368\" data-image-description=\"\" data-image-caption=\"\" data-medium-file=\"https:\/\/i0.wp.com\/mediaguinee.com\/wp-content\/uploads\/2024\/11\/IMG_7368.jpeg?fit=300%2C225&amp;ssl=1\" data-large-file=\"https:\/\/i0.wp.com\/mediaguinee.com\/wp-content\/uploads\/2024\/11\/IMG_7368.jpeg?fit=1024%2C768&amp;ssl=1\" class=\"alignnone wp-image-270226 size-full\"src=\"https:\/\/i0.wp.com\/mediaguinee.com\/wp-content\/uploads\/2024\/11\/IMG_7368.jpeg?w=1920&amp;ssl=1\" alt=\"\" width=\"1170\" height=\"878\" srcset=\"https:\/\/i0.wp.com\/mediaguinee.com\/wp-content\/uploads\/2024\/11\/IMG_7368.jpeg?w=1920&amp;ssl=1 1920w, https:\/\/i0.wp.com\/mediaguinee.com\/wp-content\/uploads\/2024\/11\/IMG_7368.jpeg?resize=300%2C225&amp;ssl=1 300w, https:\/\/i0.wp.com\/mediaguinee.com\/wp-content\/uploads\/2024\/11\/IMG_7368.jpeg?resize=1024%2C768&amp;ssl=1 1024w, https:\/\/i0.wp.com\/mediaguinee.com\/wp-content\/uploads\/2024\/11\/IMG_7368.jpeg?resize=768%2C576&amp;ssl=1 768w, https:\/\/i0.wp.com\/mediaguinee.com\/wp-content\/uploads\/2024\/11\/IMG_7368.jpeg?resize=1536%2C1152&amp;ssl=1 1536w, https:\/\/i0.wp.com\/mediaguinee.com\/wp-content\/uploads\/2024\/11\/IMG_7368.jpeg?resize=86%2C64&amp;ssl=1 86w\" sizes=\"(max-width: 1170px) 100vw, 1170px\"><br \/>\n\u00abVous avez choisi comme th\u00e8me: \u2018\u2019Le droit comme instrument de s\u00e9curit\u00e9 des personnes et de d\u00e9veloppement des entreprises\u2019\u2019. Nul doute que le choix de ce th\u00e8me exprime le souci constant du Barreau et de chacun de ses membres que le droit occupe et continue d\u2019occuper une place centrale dans nos soci\u00e9t\u00e9s en d\u00e9veloppement, Dans ce sens, le droit, syst\u00e8me de r\u00e8gles visant \u00e0 organiser une soci\u00e9t\u00e9, prend en compte les diff\u00e9rents segments de la soci\u00e9t\u00e9 qui le g\u00e9n\u00e8re, en vue de faciliter son fonctionnement et de lutter contre les pratiques ind\u00e9sirables qui en troubleraient l\u2019harmonie et la stabilit\u00e9 sociale. Le choix de ce th\u00e8me est l\u2019indication de la conviction commune de toutes les professions juridiques que le droit dans toutes les soci\u00e9t\u00e9s joue un r\u00f4le essentiel, aussi bien, dans la production et la r\u00e9partition des biens, dans les prestations des divers services que dans le d\u00e9veloppement \u00e9conomique et social, en r\u00e9gissant la cr\u00e9ation, la gestion, et la dissolution des entreprises\u00bb, explique-t-elle.\u00a0<\/span><\/p>\n<p style=\"font-weight: 400;\"><span data-originalfontsize=\"20pt\" data-originalcomputedfontsize=\"26.666666\">Poursuivant, la secr\u00e9taire g\u00e9n\u00e9rale enseigne que l\u2019\u2019histoire de l\u2019humanit\u00e9 nous enseigne qu\u2019il appartient au droit d\u2019\u00e9tablir des r\u00e8gles qui permettent la vie en soci\u00e9t\u00e9, en organisant les relations entre les personnes, par exemple entre cr\u00e9ancier et d\u00e9biteur, ou entre \u00e9poux, ou encore entre salari\u00e9 et employeur\u2026 Il ne s\u2019arr\u00eate pas l\u00e0, dit-elle \u00abIl r\u00e9gule les relations avec et entre les institutions, \u00e0 travers le droit de vote, le paiement de l\u2019imp\u00f4t, le droit de circulation et d\u2019\u00e9tablissement des personnes et des entreprises. Le droit est donc instrument de s\u00e9curit\u00e9 et de d\u00e9veloppement, parce qu\u2019il intervient dans la r\u00e9glementation des principaux domaines de l\u2019activit\u00e9 \u00e9conomique, dans la fixation des principes d\u2019action et dans la cr\u00e9ation et la d\u00e9termination du champ d\u2019activit\u00e9 et de la proc\u00e9dure des organes de r\u00e9gulation et de contr\u00f4le. C\u2019est cette intervention qui offre des garanties de paix, de qui\u00e9tude et d\u2019\u00e9changes \u00e9quitables, qui se manifestent par des interdictions d\u2019activit\u00e9s illicites ou de violences, des obligations d\u2019agir ou de s\u2019abstenir d\u2019agir, en vue d\u2019un int\u00e9r\u00eat commun ou g\u00e9n\u00e9ral\u00bb, a-t-elle martel\u00e9 avant de donner le coup d\u2019envoi de cette session dans un r\u00e9ceptif h\u00f4telier de Kaloum (Conakry).\u00a0<\/span><\/p>\n<p style=\"font-weight: 400;\"><span data-originalfontsize=\"20pt\" data-originalcomputedfontsize=\"26.666666\">Apr\u00e8s cette session de formation suivra la c\u00e9r\u00e9monie de la rentr\u00e9e solennelle dans la salle de congr\u00e8s du Palais du Peuple, le vendredi prochain et une soir\u00e9e gala dont le lieu sera d\u00e9fini ult\u00e9rieurement. Une excursion sur l\u2019\u00cele de Room le samedi 17 novembre mettra fin \u00e0 cette premi\u00e8re rentr\u00e9e solennelle du Barreau de Guin\u00e9e.\u00a0<\/span><\/p>\n<p style=\"font-weight: 400;\"><strong><span data-originalfontsize=\"20pt\" data-originalcomputedfontsize=\"26.666666\">Mamadou Yaya Barry\u00a0<\/span><\/strong><\/p>\n<p>L\u2019article <a href=\"https:\/\/mediaguinee.com\/2024\/11\/conakry-le-barreau-de-guinee-tient-sa-premiere-rentree-solennelle\/\">Conakry: le Barreau de Guin\u00e9e tient sa premi\u00e8re rentr\u00e9e solennelle<\/a> est apparu en premier sur <a href=\"https:\/\/mediaguinee.com\/\">Mediaguinee.com<\/a>.<\/p>\n<\/div>\n","protected":false},"excerpt":{"rendered":"<p>C\u2019est une premi\u00e8re en R\u00e9publique de Guin\u00e9e, les avocats guin\u00e9ens tiennent leur premi\u00e8re rentr\u00e9e solennelle du Barreau de Guin\u00e9e du mercredi 13 novembre au samedi 16 novembre 2024. Le th\u00e8me principal retenu est: \u00abLe droit comme instrument de s\u00e9curit\u00e9 des personnes et des entreprises\u00bb.\u00a0 Cette cession a connu la pr\u00e9sence de ces anciens B\u00e2tonniers en &hellip;<\/p>\n","protected":false},"author":1,"featured_media":0,"comment_status":"closed","ping_status":"closed","sticky":false,"template":"","format":"standard","meta":{"footnotes":""},"categories":[2],"tags":[23],"_links":{"self":[{"href":"https:\/\/de.ambaguinee.org\/index.php?rest_route=\/wp\/v2\/posts\/80543"}],"collection":[{"href":"https:\/\/de.ambaguinee.org\/index.php?rest_route=\/wp\/v2\/posts"}],"about":[{"href":"https:\/\/de.ambaguinee.org\/index.php?rest_route=\/wp\/v2\/types\/post"}],"author":[{"embeddable":true,"href":"https:\/\/de.ambaguinee.org\/index.php?rest_route=\/wp\/v2\/users\/1"}],"replies":[{"embeddable":true,"href":"https:\/\/de.ambaguinee.org\/index.php?rest_route=%2Fwp%2Fv2%2Fcomments&post=80543"}],"version-history":[{"count":0,"href":"https:\/\/de.ambaguinee.org\/index.php?rest_route=\/wp\/v2\/posts\/80543\/revisions"}],"wp:attachment":[{"href":"https:\/\/de.ambaguinee.org\/index.php?rest_route=%2Fwp%2Fv2%2Fmedia&parent=80543"}],"wp:term":[{"taxonomy":"category","embeddable":true,"href":"https:\/\/de.ambaguinee.org\/index.php?rest_route=%2Fwp%2Fv2%2Fcategories&post=80543"},{"taxonomy":"post_tag","embeddable":true,"href":"https:\/\/de.ambaguinee.org\/index.php?rest_route=%2Fwp%2Fv2%2Ftags&post=80543"}],"curies":[{"name":"wp","href":"https:\/\/api.w.org\/{rel}","templated":true}]}}