{"id":80548,"date":"2024-11-13T23:01:37","date_gmt":"2024-11-13T22:01:37","guid":{"rendered":"https:\/\/de.ambaguinee.org\/?p=80548"},"modified":"2024-11-13T23:01:37","modified_gmt":"2024-11-13T22:01:37","slug":"des-medias-a-la-politique-oury-diallo-donne-les-raisons-pour-lesquelles-il-faut-croire-au-mpl","status":"publish","type":"post","link":"https:\/\/de.ambaguinee.org\/?p=80548","title":{"rendered":"Des m\u00e9dias \u00e0 la politique. Oury Diallo donne les raisons pour lesquelles, il faut croire au MPL"},"content":{"rendered":"<div>\n<div style=\"margin-bottom:20px;\"><img width=\"962\" height=\"540\"src=\"https:\/\/i0.wp.com\/www.guinee7.com\/wp-content\/uploads\/2024\/11\/IMG-20241113-WA0030.jpg?w=962&amp;ssl=1\" class=\"attachment-post-thumbnail size-post-thumbnail wp-post-image\" alt=\"\" decoding=\"async\" loading=\"lazy\" srcset=\"https:\/\/i0.wp.com\/www.guinee7.com\/wp-content\/uploads\/2024\/11\/IMG-20241113-WA0030.jpg?w=962&amp;ssl=1 962w, https:\/\/i0.wp.com\/www.guinee7.com\/wp-content\/uploads\/2024\/11\/IMG-20241113-WA0030.jpg?resize=300%2C168&amp;ssl=1 300w, https:\/\/i0.wp.com\/www.guinee7.com\/wp-content\/uploads\/2024\/11\/IMG-20241113-WA0030.jpg?resize=768%2C431&amp;ssl=1 768w\" sizes=\"auto, (max-width: 962px) 100vw, 962px\"><\/div>\n<p><span style=\"font-size: 20px;\">Mamadou Oury Diallo pr\u00e9sident du Mouvement des Patriotes lib\u00e9raux (MPL) \u00e9tait l\u2019invit\u00e9 de l\u2019\u00e9mission \u201cLes Nondi\u201d de guinee7.com, lundi 11 novembre 2024. Dans cet entretien, ce journaliste reconverti en homme politique a dit les raisons pour lesquelles, il faut croire en ce mouvement politique.\u00a0 <\/span><\/p>\n<p><span style=\"font-size: 20px;\">\u201cOn doit nous croire parce que nous sommes d\u00e9j\u00e0 de bonne foi, parce que nous sommes anim\u00e9s de convictions qui nous am\u00e8nent \u00e0 d\u00e9fendre des valeurs pour lesquelles notre pays a souscrit dans le concert des nations. Ce sont ces valeurs l\u00e0, qu\u2019on a toujours vant\u00e9 dans les \u00e9missions politiques. Bien avant les m\u00e9dias, j\u2019ai toujours \u00e9t\u00e9 dans le b\u00e9n\u00e9volat pour ces m\u00eames valeurs. Et nous venons pour d\u00e9fendre ses valeurs. C\u2019est pour cela qu\u2019il faut nous croire. \u00c9videmment, parce toutes ces ann\u00e9es ces r\u00e9alit\u00e9s n\u2019ont pas chang\u00e9 fondamentalement. Donc, est-ce qu\u2019il faut rester toujours comme \u00e7a, nous avons dit non il faut que nous venions l\u00e0 o\u00f9 les d\u00e9cisions se prennent pour ne pas que nous continuions \u00e0 \u00eatre victime des d\u00e9cisions injustes\u201d, a-t-il expliqu\u00e9. Ci-dessous, lire l\u2019int\u00e9gralit\u00e9 de l\u2019\u00e9mission. <\/span><\/p>\n<p><span style=\"font-size: 20px;\">https:\/\/www.youtube.com\/live\/p2wqRwSv5vU?si=ri2A7HlXWhZjSmLY<\/span><\/p>\n<p><span style=\"font-size: 20px;\">Au lendemain de cet entretien avec Guinee7, Mamadou Oury Diallo a proc\u00e9d\u00e9 \u00e0 la nomination d\u2019une femme au sein du MPL. Il s\u2019agit de Madame Hawa Tour\u00e9 qui est nomm\u00e9e responsable de la communication, des relations institutionnelles et porte-parole dudit mouvement.<\/span><\/p>\n<p><span style=\"font-size: 20px;\">\u201cJe suis vraiment honor\u00e9e et enthousiaste \u00e0 l\u2019id\u00e9e de r\u00e9pondre OUI \u00e0 un appel citoyen pour servir l\u2019int\u00e9r\u00eat g\u00e9n\u00e9ral avec ma fonction au sein du Mouvement. C\u2019est une responsabilit\u00e9 stimulante qui me permettra de mettre en avant les valeurs et les aspirations de notre mouvement de mani\u00e8re encore plus forte, (\u2026). Ensemble, nous allons pouvoir amplifier notre voix et notre impact sur les enjeux qui nous tiennent \u00e0 c\u0153ur pour notre pays la R\u00e9publique de Guin\u00e9e. C\u2019est une opportunit\u00e9 unique de contribuer \u00e0 fa\u00e7onner l\u2019avenir de notre pays et l\u2019espoir de toute une Nation. Je m\u2019engage \u00e0 relever ce d\u00e9fi avec passion, d\u00e9termination et transparence. Nos militants peuvent compter sur moi pour \u00eatre leur porte-parole fid\u00e8le et leur alli\u00e9e dans cette nouvelle \u00e9tape passionnante. Je suis persuad\u00e9 que mon expertise et mon dynamisme seront des atouts pr\u00e9cieux pour faire rayonner le Mouvement des patriotes lib\u00e9raux. Je rassure \u00e9galement les concitoyens qu\u2019ils auront \u00e0 travers moi un acc\u00e8s \u00e9quitable \u00e0 l\u2019information relative au Mouvement et \u00e0 ses activit\u00e9s\u201d, a \u00e9crit la nouvelle porte-parole du mouvement. <\/span><\/p>\n<p><b><span style=\"font-size: 20px;\">Bhoye Barry pour guinee7.com<\/span><\/b><!--\/data\/user\/0\/com.samsung.android.app.notes\/files\/clipdata\/clipdata_bodytext_241113_190756_712.sdocx--><\/p>\n<\/div>\n","protected":false},"excerpt":{"rendered":"<p>Mamadou Oury Diallo pr\u00e9sident du Mouvement des Patriotes lib\u00e9raux (MPL) \u00e9tait l\u2019invit\u00e9 de l\u2019\u00e9mission \u201cLes Nondi\u201d de guinee7.com, lundi 11 novembre 2024. Dans cet entretien, ce journaliste reconverti en homme politique a dit les raisons pour lesquelles, il faut croire en ce mouvement politique.\u00a0 \u201cOn doit nous croire parce que nous sommes d\u00e9j\u00e0 de bonne &hellip;<\/p>\n","protected":false},"author":1,"featured_media":0,"comment_status":"closed","ping_status":"closed","sticky":false,"template":"","format":"standard","meta":{"footnotes":""},"categories":[2],"tags":[22],"_links":{"self":[{"href":"https:\/\/de.ambaguinee.org\/index.php?rest_route=\/wp\/v2\/posts\/80548"}],"collection":[{"href":"https:\/\/de.ambaguinee.org\/index.php?rest_route=\/wp\/v2\/posts"}],"about":[{"href":"https:\/\/de.ambaguinee.org\/index.php?rest_route=\/wp\/v2\/types\/post"}],"author":[{"embeddable":true,"href":"https:\/\/de.ambaguinee.org\/index.php?rest_route=\/wp\/v2\/users\/1"}],"replies":[{"embeddable":true,"href":"https:\/\/de.ambaguinee.org\/index.php?rest_route=%2Fwp%2Fv2%2Fcomments&post=80548"}],"version-history":[{"count":0,"href":"https:\/\/de.ambaguinee.org\/index.php?rest_route=\/wp\/v2\/posts\/80548\/revisions"}],"wp:attachment":[{"href":"https:\/\/de.ambaguinee.org\/index.php?rest_route=%2Fwp%2Fv2%2Fmedia&parent=80548"}],"wp:term":[{"taxonomy":"category","embeddable":true,"href":"https:\/\/de.ambaguinee.org\/index.php?rest_route=%2Fwp%2Fv2%2Fcategories&post=80548"},{"taxonomy":"post_tag","embeddable":true,"href":"https:\/\/de.ambaguinee.org\/index.php?rest_route=%2Fwp%2Fv2%2Ftags&post=80548"}],"curies":[{"name":"wp","href":"https:\/\/api.w.org\/{rel}","templated":true}]}}