{"id":80638,"date":"2024-11-14T23:02:32","date_gmt":"2024-11-14T22:02:32","guid":{"rendered":"https:\/\/de.ambaguinee.org\/?p=80638"},"modified":"2024-11-14T23:02:32","modified_gmt":"2024-11-14T22:02:32","slug":"syli-un-nouveau-renfort-encore-appele","status":"publish","type":"post","link":"https:\/\/de.ambaguinee.org\/?p=80638","title":{"rendered":"Syli : un nouveau renfort (encore) appel\u00e9"},"content":{"rendered":"<div>\n<p><strong>ABIDJAN- C\u2019est le troisi\u00e8me joueur appel\u00e9 \u00e0 la rescousse par le s\u00e9lectionneur Michel Dussuyer. Apr\u00e8s Mohamed Soumah et Mohamed Saliou Bangoura, c\u2019est autour d\u2019un autre joueur de rejoindre le Syli en tant que renfort. Ibrahima Br\u00e9ze Fofana vient d\u2019\u00eatre convoqu\u00e9 par Dussuyer.<\/strong> <\/p>\n<p>Si officiellement le joueur \u00e9voluant en Su\u00e8de vient pour compl\u00e9ter le groupe 24 joueurs, il demeure une pi\u00e8ce de rechange pour \u00e9ventuellement remplacer Saidou Sow dont la participation aux deux prochains matchs reste incertaine. Le jeune d\u00e9fenseur serait bless\u00e9 et est d\u00e9j\u00e0 forfait, apprend-on. <\/p>\n<p>Ibrahima Br\u00e9ze Fofana, ancien capitaine du Syli U-23 qui s\u2019est d\u00e9marqu\u00e9 \u00e0 la CAN U-23 au Maroc, arrive \u00e0 Abidjan dans les prochaines heures. Antoine Cont\u00e9 et Ibrahima Sory Cont\u00e9 devraient donc composer la charni\u00e8re centrale du Syli.<\/p>\n<p><strong>Mohamed LAMINE TOUR\u00c9, envoy\u00e9 sp\u00e9cial \u00e0 Abidjan <\/strong><\/p>\n<\/div>\n","protected":false},"excerpt":{"rendered":"<p>ABIDJAN- C\u2019est le troisi\u00e8me joueur appel\u00e9 \u00e0 la rescousse par le s\u00e9lectionneur Michel Dussuyer. Apr\u00e8s Mohamed Soumah et Mohamed Saliou Bangoura, c\u2019est autour d\u2019un autre joueur de rejoindre le Syli en tant que renfort. Ibrahima Br\u00e9ze Fofana vient d\u2019\u00eatre convoqu\u00e9 par Dussuyer. Si officiellement le joueur \u00e9voluant en Su\u00e8de vient pour compl\u00e9ter le groupe 24 &hellip;<\/p>\n","protected":false},"author":1,"featured_media":0,"comment_status":"closed","ping_status":"closed","sticky":false,"template":"","format":"standard","meta":{"footnotes":""},"categories":[4],"tags":[],"_links":{"self":[{"href":"https:\/\/de.ambaguinee.org\/index.php?rest_route=\/wp\/v2\/posts\/80638"}],"collection":[{"href":"https:\/\/de.ambaguinee.org\/index.php?rest_route=\/wp\/v2\/posts"}],"about":[{"href":"https:\/\/de.ambaguinee.org\/index.php?rest_route=\/wp\/v2\/types\/post"}],"author":[{"embeddable":true,"href":"https:\/\/de.ambaguinee.org\/index.php?rest_route=\/wp\/v2\/users\/1"}],"replies":[{"embeddable":true,"href":"https:\/\/de.ambaguinee.org\/index.php?rest_route=%2Fwp%2Fv2%2Fcomments&post=80638"}],"version-history":[{"count":0,"href":"https:\/\/de.ambaguinee.org\/index.php?rest_route=\/wp\/v2\/posts\/80638\/revisions"}],"wp:attachment":[{"href":"https:\/\/de.ambaguinee.org\/index.php?rest_route=%2Fwp%2Fv2%2Fmedia&parent=80638"}],"wp:term":[{"taxonomy":"category","embeddable":true,"href":"https:\/\/de.ambaguinee.org\/index.php?rest_route=%2Fwp%2Fv2%2Fcategories&post=80638"},{"taxonomy":"post_tag","embeddable":true,"href":"https:\/\/de.ambaguinee.org\/index.php?rest_route=%2Fwp%2Fv2%2Ftags&post=80638"}],"curies":[{"name":"wp","href":"https:\/\/api.w.org\/{rel}","templated":true}]}}