{"id":81190,"date":"2024-11-21T20:18:14","date_gmt":"2024-11-21T19:18:14","guid":{"rendered":"https:\/\/de.ambaguinee.org\/?p=81190"},"modified":"2024-11-21T20:18:15","modified_gmt":"2024-11-21T19:18:15","slug":"une-importante-delegation-economique-des-chefs-dentreprises-allemandes-a-conakry","status":"publish","type":"post","link":"https:\/\/de.ambaguinee.org\/?p=81190","title":{"rendered":"une importante d\u00e9l\u00e9gation \u00e9conomique des chefs d\u2019entreprises allemandes \u00e0 Conakry"},"content":{"rendered":"\n<p>Dans le cadre du renforcement des relations \u00e9conomiques et commerciales entre la R\u00e9publique de Guin\u00e9e et la R\u00e9publique f\u00e9d\u00e9rale d\u00b4Allemagne, une importante mission constitu\u00e9e de chefs d\u2019entreprises allemandes, conduite par M. Andreas Jahn, Directeur politique ext\u00e9rieur des petites et moyennes entreprises allemandes, s\u00e9journe \u00e0 Conakry depuis le 20 novembre 2024.<\/p>\n\n\n\n<p>A l\u2019ouverture des travaux, la <a><\/a>d\u00e9l\u00e9gation allemande a \u00e9t\u00e9 introduite par SEM. Aliou BARRY, Ambassadeur Extraordinaire et Pl\u00e9nipotentiaire de la R\u00e9publique de Guin\u00e9e pr\u00e8s la R\u00e9publique F\u00e9d\u00e9rale d\u2019Allemagne, aupr\u00e8s de SEM. le Ministre des Affaires \u00e9trang\u00e8res, de l\u2019int\u00e9gration africaine et des guin\u00e9ens \u00e9tablis \u00e0 l\u2019\u00e9tranger, en pr\u00e9sence de Mme l\u2019ambassadrice de la R\u00e9publique f\u00e9d\u00e9rale d\u2019Allemagne \u00e0 Conakry.<\/p>\n\n\n\n<p>A cette occasion solennelle, SE Dr. Morissanda KOUYATE a au nom de SE. le G\u00e9n\u00e9ral Mamadi DOUMBOUYA, Pr\u00e9sident de la R\u00e9publique, Chef de l\u2019\u00c9tat, souhait\u00e9 la bienvenue \u00e0 la d\u00e9l\u00e9gation. Il a soulign\u00e9 la grande ambition du Pr\u00e9sident pour d\u00e9velopper la Guin\u00e9e \u00e0 partir de son sous-sol tr\u00e8s riche, d\u2019o\u00f9 la naissance du m\u00e9gaprojet SIMANDOU avec la vision 2040.<\/p>\n\n\n\n<p>Dans cette perspective, le Chef de la diplomatie a invit\u00e9 les entrepreneurs allemands \u00e0 s\u2019int\u00e9resser \u00e0 ce projet, tout en soulignant qu\u2019il y a de la place pour tous. Il a indiqu\u00e9 que le gouvernement offrirait toutes facilit\u00e9s aux entreprises qui souhaiteraient s\u2019investir dans ce grand projet multidimensionnel. Il a ajout\u00e9 que si le golf Arabe s\u2019est d\u00e9velopp\u00e9 gr\u00e2ce \u00e0 son sous-sol notamment le p\u00e9trole, la Guin\u00e9e aussi ambitionne de se d\u00e9velopper gr\u00e2ce \u00e0 immenses potentialit\u00e9s. M. le Ministre a enfin soulign\u00e9 que le temps de signature \u00e9tant pass\u00e9, il est opportun de concr\u00e9tiser l\u2019Accord de partenariat conclu \u00e0 l\u2019issue du forum \u00e9conomique guin\u00e9o-allemand, qui s\u2019est tenu en d\u00e9cembre 2023 \u00e0 Berlin.<\/p>\n\n\n\n<p>Tr\u00e8s satisfait de l\u2019accueil chaleureux r\u00e9serv\u00e9 aux membres de sa d\u00e9l\u00e9gation, M. Andreas Jahn, a exprim\u00e9 son enthousiasme et sa satisfaction quant \u00e0 l\u2019intervention du Ministre. Il a vent\u00e9 la qualit\u00e9 et la comp\u00e9tence in\u00e9gal\u00e9e des entreprises allemandes qu\u2019il accompagne, tout en exprimant leur volont\u00e9 \u00e0 accompagner la Guin\u00e9e dans la r\u00e9alisation de la vision 2040.<\/p>\n\n\n\n<figure class=\"wp-block-image size-large\"><img loading=\"lazy\" decoding=\"async\" width=\"1024\" height=\"683\" src=\"https:\/\/de.ambaguinee.org\/wp-content\/uploads\/2024\/11\/467733080_1019300830224689_249848584771836237_n-1024x683.jpg\" alt=\"\" class=\"wp-image-81191\" srcset=\"https:\/\/de.ambaguinee.org\/wp-content\/uploads\/2024\/11\/467733080_1019300830224689_249848584771836237_n-1024x683.jpg 1024w, https:\/\/de.ambaguinee.org\/wp-content\/uploads\/2024\/11\/467733080_1019300830224689_249848584771836237_n-300x200.jpg 300w, https:\/\/de.ambaguinee.org\/wp-content\/uploads\/2024\/11\/467733080_1019300830224689_249848584771836237_n-768x512.jpg 768w, https:\/\/de.ambaguinee.org\/wp-content\/uploads\/2024\/11\/467733080_1019300830224689_249848584771836237_n.jpg 1080w\" sizes=\"(max-width: 1024px) 100vw, 1024px\" \/><\/figure>\n\n\n\n<figure class=\"wp-block-image size-large\"><img loading=\"lazy\" decoding=\"async\" width=\"768\" height=\"1024\" src=\"https:\/\/de.ambaguinee.org\/wp-content\/uploads\/2024\/11\/IMG-20241121-WA0009-768x1024.jpg\" alt=\"\" class=\"wp-image-81192\" srcset=\"https:\/\/de.ambaguinee.org\/wp-content\/uploads\/2024\/11\/IMG-20241121-WA0009-768x1024.jpg 768w, https:\/\/de.ambaguinee.org\/wp-content\/uploads\/2024\/11\/IMG-20241121-WA0009-225x300.jpg 225w, https:\/\/de.ambaguinee.org\/wp-content\/uploads\/2024\/11\/IMG-20241121-WA0009-576x768.jpg 576w, https:\/\/de.ambaguinee.org\/wp-content\/uploads\/2024\/11\/IMG-20241121-WA0009.jpg 810w\" sizes=\"(max-width: 768px) 100vw, 768px\" \/><\/figure>\n\n\n\n<figure class=\"wp-block-image size-large\"><img loading=\"lazy\" decoding=\"async\" width=\"1024\" height=\"683\" src=\"https:\/\/de.ambaguinee.org\/wp-content\/uploads\/2024\/11\/468027129_1019300960224676_1101071624526532227_n-1024x683.jpg\" alt=\"\" class=\"wp-image-81193\" srcset=\"https:\/\/de.ambaguinee.org\/wp-content\/uploads\/2024\/11\/468027129_1019300960224676_1101071624526532227_n-1024x683.jpg 1024w, https:\/\/de.ambaguinee.org\/wp-content\/uploads\/2024\/11\/468027129_1019300960224676_1101071624526532227_n-300x200.jpg 300w, https:\/\/de.ambaguinee.org\/wp-content\/uploads\/2024\/11\/468027129_1019300960224676_1101071624526532227_n-768x512.jpg 768w, https:\/\/de.ambaguinee.org\/wp-content\/uploads\/2024\/11\/468027129_1019300960224676_1101071624526532227_n.jpg 1080w\" sizes=\"(max-width: 1024px) 100vw, 1024px\" \/><\/figure>\n\n\n\n<figure class=\"wp-block-image size-large\"><img loading=\"lazy\" decoding=\"async\" width=\"1024\" height=\"683\" src=\"https:\/\/de.ambaguinee.org\/wp-content\/uploads\/2024\/11\/467836918_1019300833558022_7153784900426976095_n-1024x683.jpg\" alt=\"\" class=\"wp-image-81194\" srcset=\"https:\/\/de.ambaguinee.org\/wp-content\/uploads\/2024\/11\/467836918_1019300833558022_7153784900426976095_n-1024x683.jpg 1024w, https:\/\/de.ambaguinee.org\/wp-content\/uploads\/2024\/11\/467836918_1019300833558022_7153784900426976095_n-300x200.jpg 300w, https:\/\/de.ambaguinee.org\/wp-content\/uploads\/2024\/11\/467836918_1019300833558022_7153784900426976095_n-768x512.jpg 768w, https:\/\/de.ambaguinee.org\/wp-content\/uploads\/2024\/11\/467836918_1019300833558022_7153784900426976095_n.jpg 1080w\" sizes=\"(max-width: 1024px) 100vw, 1024px\" \/><\/figure>\n\n\n\n<figure class=\"wp-block-image size-large\"><img loading=\"lazy\" decoding=\"async\" width=\"1024\" height=\"683\" src=\"https:\/\/de.ambaguinee.org\/wp-content\/uploads\/2024\/11\/467835501_1019300903558015_6053802363939843514_n-1024x683.jpg\" alt=\"\" class=\"wp-image-81195\" srcset=\"https:\/\/de.ambaguinee.org\/wp-content\/uploads\/2024\/11\/467835501_1019300903558015_6053802363939843514_n-1024x683.jpg 1024w, https:\/\/de.ambaguinee.org\/wp-content\/uploads\/2024\/11\/467835501_1019300903558015_6053802363939843514_n-300x200.jpg 300w, https:\/\/de.ambaguinee.org\/wp-content\/uploads\/2024\/11\/467835501_1019300903558015_6053802363939843514_n-768x512.jpg 768w, https:\/\/de.ambaguinee.org\/wp-content\/uploads\/2024\/11\/467835501_1019300903558015_6053802363939843514_n.jpg 1080w\" sizes=\"(max-width: 1024px) 100vw, 1024px\" \/><\/figure>\n\n\n\n<figure class=\"wp-block-image size-large\"><img loading=\"lazy\" decoding=\"async\" width=\"768\" height=\"1024\" src=\"https:\/\/de.ambaguinee.org\/wp-content\/uploads\/2024\/11\/IMG-20241121-WA0013-768x1024.jpg\" alt=\"\" class=\"wp-image-81196\" srcset=\"https:\/\/de.ambaguinee.org\/wp-content\/uploads\/2024\/11\/IMG-20241121-WA0013-768x1024.jpg 768w, https:\/\/de.ambaguinee.org\/wp-content\/uploads\/2024\/11\/IMG-20241121-WA0013-225x300.jpg 225w, https:\/\/de.ambaguinee.org\/wp-content\/uploads\/2024\/11\/IMG-20241121-WA0013-576x768.jpg 576w, https:\/\/de.ambaguinee.org\/wp-content\/uploads\/2024\/11\/IMG-20241121-WA0013.jpg 810w\" sizes=\"(max-width: 768px) 100vw, 768px\" \/><\/figure>\n\n\n\n<figure class=\"wp-block-image size-large\"><img loading=\"lazy\" decoding=\"async\" width=\"1024\" height=\"768\" src=\"https:\/\/de.ambaguinee.org\/wp-content\/uploads\/2024\/11\/IMG-20241121-WA0014-1024x768.jpg\" alt=\"\" class=\"wp-image-81197\" srcset=\"https:\/\/de.ambaguinee.org\/wp-content\/uploads\/2024\/11\/IMG-20241121-WA0014-1024x768.jpg 1024w, https:\/\/de.ambaguinee.org\/wp-content\/uploads\/2024\/11\/IMG-20241121-WA0014-300x225.jpg 300w, https:\/\/de.ambaguinee.org\/wp-content\/uploads\/2024\/11\/IMG-20241121-WA0014-768x576.jpg 768w, https:\/\/de.ambaguinee.org\/wp-content\/uploads\/2024\/11\/IMG-20241121-WA0014.jpg 1080w\" sizes=\"(max-width: 1024px) 100vw, 1024px\" \/><\/figure>\n\n\n\n<figure class=\"wp-block-image size-large\"><img loading=\"lazy\" decoding=\"async\" width=\"1024\" height=\"576\" src=\"https:\/\/de.ambaguinee.org\/wp-content\/uploads\/2024\/11\/IMG-20241121-WA0004-1024x576.jpg\" alt=\"\" class=\"wp-image-81198\" srcset=\"https:\/\/de.ambaguinee.org\/wp-content\/uploads\/2024\/11\/IMG-20241121-WA0004-1024x576.jpg 1024w, https:\/\/de.ambaguinee.org\/wp-content\/uploads\/2024\/11\/IMG-20241121-WA0004-300x169.jpg 300w, https:\/\/de.ambaguinee.org\/wp-content\/uploads\/2024\/11\/IMG-20241121-WA0004-768x432.jpg 768w, https:\/\/de.ambaguinee.org\/wp-content\/uploads\/2024\/11\/IMG-20241121-WA0004.jpg 1080w\" sizes=\"(max-width: 1024px) 100vw, 1024px\" \/><\/figure>\n\n\n\n<figure class=\"wp-block-image size-large\"><img loading=\"lazy\" decoding=\"async\" width=\"1024\" height=\"576\" src=\"https:\/\/de.ambaguinee.org\/wp-content\/uploads\/2024\/11\/IMG-20241121-WA0005-1024x576.jpg\" alt=\"\" class=\"wp-image-81199\" srcset=\"https:\/\/de.ambaguinee.org\/wp-content\/uploads\/2024\/11\/IMG-20241121-WA0005-1024x576.jpg 1024w, https:\/\/de.ambaguinee.org\/wp-content\/uploads\/2024\/11\/IMG-20241121-WA0005-300x169.jpg 300w, https:\/\/de.ambaguinee.org\/wp-content\/uploads\/2024\/11\/IMG-20241121-WA0005-768x432.jpg 768w, https:\/\/de.ambaguinee.org\/wp-content\/uploads\/2024\/11\/IMG-20241121-WA0005.jpg 1080w\" sizes=\"(max-width: 1024px) 100vw, 1024px\" \/><\/figure>\n","protected":false},"excerpt":{"rendered":"<p>Dans le cadre du renforcement des relations \u00e9conomiques et commerciales entre la R\u00e9publique de Guin\u00e9e et la R\u00e9publique f\u00e9d\u00e9rale d\u00b4Allemagne, une importante mission constitu\u00e9e de chefs d\u2019entreprises allemandes, conduite par M. Andreas Jahn, Directeur politique ext\u00e9rieur des petites et moyennes entreprises allemandes, s\u00e9journe \u00e0 Conakry depuis le 20 novembre 2024. A l\u2019ouverture des travaux, la &hellip;<\/p>\n","protected":false},"author":6,"featured_media":0,"comment_status":"closed","ping_status":"closed","sticky":false,"template":"","format":"standard","meta":{"footnotes":""},"categories":[2,51,19,17],"tags":[],"_links":{"self":[{"href":"https:\/\/de.ambaguinee.org\/index.php?rest_route=\/wp\/v2\/posts\/81190"}],"collection":[{"href":"https:\/\/de.ambaguinee.org\/index.php?rest_route=\/wp\/v2\/posts"}],"about":[{"href":"https:\/\/de.ambaguinee.org\/index.php?rest_route=\/wp\/v2\/types\/post"}],"author":[{"embeddable":true,"href":"https:\/\/de.ambaguinee.org\/index.php?rest_route=\/wp\/v2\/users\/6"}],"replies":[{"embeddable":true,"href":"https:\/\/de.ambaguinee.org\/index.php?rest_route=%2Fwp%2Fv2%2Fcomments&post=81190"}],"version-history":[{"count":1,"href":"https:\/\/de.ambaguinee.org\/index.php?rest_route=\/wp\/v2\/posts\/81190\/revisions"}],"predecessor-version":[{"id":81200,"href":"https:\/\/de.ambaguinee.org\/index.php?rest_route=\/wp\/v2\/posts\/81190\/revisions\/81200"}],"wp:attachment":[{"href":"https:\/\/de.ambaguinee.org\/index.php?rest_route=%2Fwp%2Fv2%2Fmedia&parent=81190"}],"wp:term":[{"taxonomy":"category","embeddable":true,"href":"https:\/\/de.ambaguinee.org\/index.php?rest_route=%2Fwp%2Fv2%2Fcategories&post=81190"},{"taxonomy":"post_tag","embeddable":true,"href":"https:\/\/de.ambaguinee.org\/index.php?rest_route=%2Fwp%2Fv2%2Ftags&post=81190"}],"curies":[{"name":"wp","href":"https:\/\/api.w.org\/{rel}","templated":true}]}}