{"id":81845,"date":"2024-11-29T23:03:00","date_gmt":"2024-11-29T22:03:00","guid":{"rendered":"https:\/\/de.ambaguinee.org\/?p=81845"},"modified":"2024-11-29T23:03:00","modified_gmt":"2024-11-29T22:03:00","slug":"anderlecht-amadou-diawara-de-retour-dans-le-groupe-professionnel","status":"publish","type":"post","link":"https:\/\/de.ambaguinee.org\/?p=81845","title":{"rendered":"Anderlecht : Amadou Diawara de retour dans le groupe professionnel"},"content":{"rendered":"<div>\n<p>Mis \u00e0 l\u2019\u00e9cart par l\u2019ancienne \u00e9quipe dirigeante, Diawara aper\u00e7oit l\u2019\u00e9clair dans la grisaille bruxelloise. Avec l\u2019arriv\u00e9e d\u2019un nouvel entra\u00eeneur et d\u2019un nouveau directeur sportif, le milieu de terrain guin\u00e9en de 27 ans b\u00e9n\u00e9ficie de nouveau de la confiance du Sporting Anderlecht. Depuis quelques jours, Amadou a r\u00e9int\u00e9gr\u00e9 le noyau professionnel anderlechtois avec qui il s\u2019entra\u00eene [\u2026]\n<p>L\u2019article <a href=\"https:\/\/www.foot224.co\/2024\/11\/29\/anderlecht-amadou-diawara-de-retour-dans-le-groupe-professionnel\/\">Anderlecht : Amadou Diawara de retour dans le groupe professionnel<\/a> est apparu en premier sur <a href=\"https:\/\/www.foot224.co\/\">Foot224 &#8211; Actualit\u00e9 Sport Guin\u00e9e<\/a>.<\/p>\n<\/div>\n","protected":false},"excerpt":{"rendered":"<p>Mis \u00e0 l\u2019\u00e9cart par l\u2019ancienne \u00e9quipe dirigeante, Diawara aper\u00e7oit l\u2019\u00e9clair dans la grisaille bruxelloise. Avec l\u2019arriv\u00e9e d\u2019un nouvel entra\u00eeneur et d\u2019un nouveau directeur sportif, le milieu de terrain guin\u00e9en de 27 ans b\u00e9n\u00e9ficie de nouveau de la confiance du Sporting Anderlecht. Depuis quelques jours, Amadou a r\u00e9int\u00e9gr\u00e9 le noyau professionnel anderlechtois avec qui il s\u2019entra\u00eene &hellip;<\/p>\n","protected":false},"author":1,"featured_media":0,"comment_status":"closed","ping_status":"closed","sticky":false,"template":"","format":"standard","meta":{"footnotes":""},"categories":[4],"tags":[],"_links":{"self":[{"href":"https:\/\/de.ambaguinee.org\/index.php?rest_route=\/wp\/v2\/posts\/81845"}],"collection":[{"href":"https:\/\/de.ambaguinee.org\/index.php?rest_route=\/wp\/v2\/posts"}],"about":[{"href":"https:\/\/de.ambaguinee.org\/index.php?rest_route=\/wp\/v2\/types\/post"}],"author":[{"embeddable":true,"href":"https:\/\/de.ambaguinee.org\/index.php?rest_route=\/wp\/v2\/users\/1"}],"replies":[{"embeddable":true,"href":"https:\/\/de.ambaguinee.org\/index.php?rest_route=%2Fwp%2Fv2%2Fcomments&post=81845"}],"version-history":[{"count":0,"href":"https:\/\/de.ambaguinee.org\/index.php?rest_route=\/wp\/v2\/posts\/81845\/revisions"}],"wp:attachment":[{"href":"https:\/\/de.ambaguinee.org\/index.php?rest_route=%2Fwp%2Fv2%2Fmedia&parent=81845"}],"wp:term":[{"taxonomy":"category","embeddable":true,"href":"https:\/\/de.ambaguinee.org\/index.php?rest_route=%2Fwp%2Fv2%2Fcategories&post=81845"},{"taxonomy":"post_tag","embeddable":true,"href":"https:\/\/de.ambaguinee.org\/index.php?rest_route=%2Fwp%2Fv2%2Ftags&post=81845"}],"curies":[{"name":"wp","href":"https:\/\/api.w.org\/{rel}","templated":true}]}}