{"id":82181,"date":"2024-12-05T20:20:37","date_gmt":"2024-12-05T19:20:37","guid":{"rendered":"https:\/\/de.ambaguinee.org\/?p=82181"},"modified":"2024-12-05T20:20:37","modified_gmt":"2024-12-05T19:20:37","slug":"presentation-des-lettres-de-creances-en-suede","status":"publish","type":"post","link":"https:\/\/de.ambaguinee.org\/?p=82181","title":{"rendered":"Pr\u00e9sentation des Lettres de cr\u00e9ances en Su\u00e8de"},"content":{"rendered":"\n<p>SEM. Aliou BARRY Ambassadeur Extraordinaire et Pl\u00e9nipotentiaire de la R\u00e9publique de Guin\u00e9e pr\u00e8s le Royaume de Su\u00e8de avec r\u00e9sidence \u00e0 Berlin R\u00e9publique F\u00e9d\u00e9rale d&#8217;Allemagne, a pr\u00e9sent\u00e9 ses lettres de cr\u00e9ances \u00e0 Sa Majest\u00e9 le Roi Charles XVI , du Royaume de Su\u00e8de, le 04 d\u00e9cembre 2024.<\/p>\n\n\n\n<p>A Stockholm SEM, Aliou BARRY, a transmis \u00e0 Sa Majest\u00e9, les salutations chaleureuses du Chef de l&#8217;Etat SE. G\u00e9n\u00e9ral de Corps d&#8217;Arm\u00e9e Mamadi DOUMBOUYA et a <a><\/a>exprim\u00e9 sa volont\u00e9 d&#8217;\u0153uvrer pour le raffermissement des relations bilat\u00e9rales de Coop\u00e9ration entre les deux pays.<\/p>\n\n\n\n<p>Il a port\u00e9 \u00e0 la tr\u00e8s Haute connaissance de sa Majest\u00e9 des dispositions prises par<\/p>\n\n\n\n<p>SE. G\u00e9n\u00e9ral de Corps d&#8217;Arm\u00e9e Mamadi DOUMBOUYA, pour la Refondation de la Nation guin\u00e9enne en la dotant d&#8217; Institutions r\u00e9publicaines fortes et cr\u00e9dibles.<\/p>\n\n\n\n<p>La relance de la Coop\u00e9ration entre Stockholm et Conakry pourra ouvrir de bonnes perspectives de partenariat entre les secteurs priv\u00e9s guin\u00e9ens et su\u00e9dois.<\/p>\n\n\n\n<p>Ensuite,Monsieur l&#8217;Ambassadeur a r\u00e9it\u00e9r\u00e9 la disponibilit\u00e9 du Chef de l&#8217;Etat et de son Gouvernement de tout mettre en \u0153uvre pour la consolidation des liens d&#8217;amiti\u00e9 et de fraternit\u00e9 qui existent entre nos deux pays.<\/p>\n\n\n\n<p>En retour, sa Majest\u00e9 a adress\u00e9 au Pr\u00e9sident de la R\u00e9publique de Guin\u00e9e et \u00e0 son gouvernement ses vives f\u00e9licitations pour les courageuses r\u00e9formes engag\u00e9es en vue de l&#8217;am\u00e9lioration des conditions sociales, \u00e9conomiques et s\u00e9curitaires de sa population.<\/p>\n\n\n\n<figure class=\"wp-block-gallery has-nested-images columns-default is-cropped wp-block-gallery-1 is-layout-flex wp-block-gallery-is-layout-flex\">\n<figure class=\"wp-block-image size-large\"><img loading=\"lazy\" decoding=\"async\" width=\"817\" height=\"1024\" data-id=\"82182\" src=\"https:\/\/de.ambaguinee.org\/wp-content\/uploads\/2024\/12\/0000-2-817x1024.jpg\" alt=\"\" class=\"wp-image-82182\" srcset=\"https:\/\/de.ambaguinee.org\/wp-content\/uploads\/2024\/12\/0000-2-817x1024.jpg 817w, https:\/\/de.ambaguinee.org\/wp-content\/uploads\/2024\/12\/0000-2-239x300.jpg 239w, https:\/\/de.ambaguinee.org\/wp-content\/uploads\/2024\/12\/0000-2-768x962.jpg 768w, https:\/\/de.ambaguinee.org\/wp-content\/uploads\/2024\/12\/0000-2-613x768.jpg 613w, https:\/\/de.ambaguinee.org\/wp-content\/uploads\/2024\/12\/0000-2-1226x1536.jpg 1226w, https:\/\/de.ambaguinee.org\/wp-content\/uploads\/2024\/12\/0000-2.jpg 1272w\" sizes=\"(max-width: 817px) 100vw, 817px\" \/><\/figure>\n<\/figure>\n\n\n\n<figure class=\"wp-block-image size-large\"><img loading=\"lazy\" decoding=\"async\" width=\"1024\" height=\"777\" src=\"https:\/\/de.ambaguinee.org\/wp-content\/uploads\/2024\/12\/1111-1024x777.jpg\" alt=\"\" class=\"wp-image-82183\" srcset=\"https:\/\/de.ambaguinee.org\/wp-content\/uploads\/2024\/12\/1111-1024x777.jpg 1024w, https:\/\/de.ambaguinee.org\/wp-content\/uploads\/2024\/12\/1111-300x228.jpg 300w, https:\/\/de.ambaguinee.org\/wp-content\/uploads\/2024\/12\/1111-768x583.jpg 768w, https:\/\/de.ambaguinee.org\/wp-content\/uploads\/2024\/12\/1111.jpg 1290w\" sizes=\"(max-width: 1024px) 100vw, 1024px\" \/><\/figure>\n","protected":false},"excerpt":{"rendered":"<p>SEM. Aliou BARRY Ambassadeur Extraordinaire et Pl\u00e9nipotentiaire de la R\u00e9publique de Guin\u00e9e pr\u00e8s le Royaume de Su\u00e8de avec r\u00e9sidence \u00e0 Berlin R\u00e9publique F\u00e9d\u00e9rale d&#8217;Allemagne, a pr\u00e9sent\u00e9 ses lettres de cr\u00e9ances \u00e0 Sa Majest\u00e9 le Roi Charles XVI , du Royaume de Su\u00e8de, le 04 d\u00e9cembre 2024. A Stockholm SEM, Aliou BARRY, a transmis \u00e0 Sa &hellip;<\/p>\n","protected":false},"author":6,"featured_media":0,"comment_status":"closed","ping_status":"closed","sticky":false,"template":"","format":"standard","meta":{"footnotes":""},"categories":[2,51,19],"tags":[],"_links":{"self":[{"href":"https:\/\/de.ambaguinee.org\/index.php?rest_route=\/wp\/v2\/posts\/82181"}],"collection":[{"href":"https:\/\/de.ambaguinee.org\/index.php?rest_route=\/wp\/v2\/posts"}],"about":[{"href":"https:\/\/de.ambaguinee.org\/index.php?rest_route=\/wp\/v2\/types\/post"}],"author":[{"embeddable":true,"href":"https:\/\/de.ambaguinee.org\/index.php?rest_route=\/wp\/v2\/users\/6"}],"replies":[{"embeddable":true,"href":"https:\/\/de.ambaguinee.org\/index.php?rest_route=%2Fwp%2Fv2%2Fcomments&post=82181"}],"version-history":[{"count":1,"href":"https:\/\/de.ambaguinee.org\/index.php?rest_route=\/wp\/v2\/posts\/82181\/revisions"}],"predecessor-version":[{"id":82184,"href":"https:\/\/de.ambaguinee.org\/index.php?rest_route=\/wp\/v2\/posts\/82181\/revisions\/82184"}],"wp:attachment":[{"href":"https:\/\/de.ambaguinee.org\/index.php?rest_route=%2Fwp%2Fv2%2Fmedia&parent=82181"}],"wp:term":[{"taxonomy":"category","embeddable":true,"href":"https:\/\/de.ambaguinee.org\/index.php?rest_route=%2Fwp%2Fv2%2Fcategories&post=82181"},{"taxonomy":"post_tag","embeddable":true,"href":"https:\/\/de.ambaguinee.org\/index.php?rest_route=%2Fwp%2Fv2%2Ftags&post=82181"}],"curies":[{"name":"wp","href":"https:\/\/api.w.org\/{rel}","templated":true}]}}